{"id":340029,"date":"2021-05-24T13:52:48","date_gmt":"2021-05-24T10:52:48","guid":{"rendered":"http:\/\/arantv.az\/?p=340029"},"modified":"2021-05-24T13:52:48","modified_gmt":"2021-05-24T10:52:48","slug":"nursultan-nazarbayev-ilham-%c9%99liyevi-t%c9%99brik-etdi","status":"publish","type":"post","link":"https:\/\/arantv.az\/?p=340029","title":{"rendered":"Nursultan Nazarbayev \u0130lham \u018fliyevi t\u0259brik etdi"},"content":{"rendered":"<p>Qazax\u0131stan Respublikas\u0131n\u0131n birinci Prezidenti \u2013 Elbas\u0131 Nursultan Nazarbayev Az\u0259rbaycan Prezidenti \u0130lham \u018fliyevi t\u0259brik edib.<\/p>\n<p><strong>ARANTV.AZ<\/strong> x\u0259b\u0259r verir ki, m\u0259ktubda deyilir:<\/p>\n<p>\u201cAz\u0259rbaycan\u0131n milli bayram\u0131 &#8211; Respublika G\u00fcn\u00fc m\u00fcnasib\u0259til\u0259 Sizi s\u0259mimi q\u0259lbd\u0259n t\u0259brik edir\u0259m.<\/p>\n<div id=\"AdviadNativeVideo0\" class=\"AdviadNativeVideo\"><\/div>\n<p>Qarda\u015f Az\u0259rbaycan\u0131n sosial-iqtisadi inki\u015faf\u0131nda v\u0259 beyn\u0259lxalq arenada n\u00fcfuzunun art\u0131r\u0131lmas\u0131nda Sizin r\u0259hb\u0259rliyinizi v\u0259 \u00f6n\u0259mli t\u00f6hf\u0259l\u0259rinizi qeyd ed\u0259r\u0259k, \u00f6lk\u0259nizin daha y\u00fcks\u0259k zirv\u0259l\u0259r\u0259 \u00e7atd\u0131r\u0131lmas\u0131 istiqam\u0259tind\u0259ki f\u0259aliyy\u0259tinizd\u0259 Siz\u0259 b\u00f6y\u00fck u\u011furlar arzulay\u0131ram.<\/p>\n<p>\u018fmin\u0259m ki, \u00f6lk\u0259l\u0259rimiz aras\u0131nda \u00fcmumi m\u0259n\u0259vi d\u0259y\u0259rl\u0259r\u0259 v\u0259 dostlu\u011fa, h\u0259m\u00e7inin strateji t\u0259r\u0259fda\u015fl\u0131\u011fa s\u00f6yk\u0259n\u0259n h\u0259rt\u0259r\u0259fli qar\u015f\u0131l\u0131ql\u0131 faydal\u0131 \u0259laq\u0259l\u0259r xalqlar\u0131m\u0131z\u0131n rifah\u0131 namin\u0259 bundan sonra da inki\u015faf ed\u0259c\u0259k.<\/p>\n<p>H\u00f6rm\u0259tli \u0130lham Heyd\u0259r o\u011flu, f\u00fcrs\u0259td\u0259n istifad\u0259 ed\u0259r\u0259k, Siz\u0259 m\u00f6hk\u0259m cansa\u011fl\u0131\u011f\u0131, m\u0259suliyy\u0259tli i\u015finizd\u0259 u\u011furlar, qarda\u015f Az\u0259rbaycan xalq\u0131na is\u0259 s\u00fclh v\u0259 \u0259min-amanl\u0131q dil\u0259yir\u0259m\u201d.AZ\u018fRTAC<\/p>\n","protected":false},"excerpt":{"rendered":"<p>Qazax\u0131stan Respublikas\u0131n\u0131n birinci Prezidenti \u2013 Elbas\u0131 Nursultan Nazarbayev Az\u0259rbaycan Prezidenti \u0130lham \u018fliyevi t\u0259brik edib. ARANTV.AZ x\u0259b\u0259r verir ki, m\u0259ktubda deyilir: \u201cAz\u0259rbaycan\u0131n milli bayram\u0131 &#8211; Respublika G\u00fcn\u00fc m\u00fcnasib\u0259til\u0259 Sizi s\u0259mimi q\u0259lbd\u0259n t\u0259brik edir\u0259m. Qarda\u015f Az\u0259rbaycan\u0131n sosial-iqtisadi inki\u015faf\u0131nda v\u0259 beyn\u0259lxalq arenada n\u00fcfuzunun art\u0131r\u0131lmas\u0131nda Sizin r\u0259hb\u0259rliyinizi v\u0259 \u00f6n\u0259mli t\u00f6hf\u0259l\u0259rinizi qeyd ed\u0259r\u0259k, \u00f6lk\u0259nizin daha y\u00fcks\u0259k zirv\u0259l\u0259r\u0259 \u00e7atd\u0131r\u0131lmas\u0131 istiqam\u0259tind\u0259ki f\u0259aliyy\u0259tinizd\u0259 Siz\u0259 b\u00f6y\u00fck u\u011furlar arzulay\u0131ram. \u018fmin\u0259m ki, \u00f6lk\u0259l\u0259rimiz aras\u0131nda \u00fcmumi m\u0259n\u0259vi d\u0259y\u0259rl\u0259r\u0259 v\u0259 dostlu\u011fa, h\u0259m\u00e7inin strateji t\u0259r\u0259fda\u015fl\u0131\u011fa s\u00f6yk\u0259n\u0259n h\u0259rt\u0259r\u0259fli qar\u015f\u0131l\u0131ql\u0131 faydal\u0131 \u0259laq\u0259l\u0259r xalqlar\u0131m\u0131z\u0131n rifah\u0131 namin\u0259 bundan sonra da inki\u015faf ed\u0259c\u0259k. H\u00f6rm\u0259tli \u0130lham Heyd\u0259r o\u011flu, f\u00fcrs\u0259td\u0259n istifad\u0259&hellip;<\/p>\n","protected":false},"author":2,"featured_media":340030,"comment_status":"closed","ping_status":"closed","sticky":false,"template":"","format":"standard","meta":{"om_disable_all_campaigns":false,"_monsterinsights_skip_tracking":false,"_monsterinsights_sitenote_active":false,"_monsterinsights_sitenote_note":"","_monsterinsights_sitenote_category":0},"categories":[4],"tags":[],"aioseo_notices":[],"gutentor_comment":0,"rttpg_featured_image_url":{"full":["https:\/\/arantv.az\/wp-content\/uploads\/2021\/05\/422029219.jpg",620,463,false],"landscape":["https:\/\/arantv.az\/wp-content\/uploads\/2021\/05\/422029219.jpg",620,463,false],"portraits":["https:\/\/arantv.az\/wp-content\/uploads\/2021\/05\/422029219.jpg",620,463,false],"thumbnail":["https:\/\/arantv.az\/wp-content\/uploads\/2021\/05\/422029219-500x280.jpg",500,280,true],"medium":["https:\/\/arantv.az\/wp-content\/uploads\/2021\/05\/422029219-489x365.jpg",489,365,true],"large":["https:\/\/arantv.az\/wp-content\/uploads\/2021\/05\/422029219.jpg",620,463,false],"1536x1536":["https:\/\/arantv.az\/wp-content\/uploads\/2021\/05\/422029219.jpg",620,463,false],"2048x2048":["https:\/\/arantv.az\/wp-content\/uploads\/2021\/05\/422029219.jpg",620,463,false],"post-thumbnail":["https:\/\/arantv.az\/wp-content\/uploads\/2021\/05\/422029219-240x172.jpg",240,172,true],"advps-thumb-one":["https:\/\/arantv.az\/wp-content\/uploads\/2021\/05\/422029219.jpg",620,463,false]},"rttpg_author":{"display_name":"V\u00fcsal Rafiqo\u011flu","author_link":"https:\/\/arantv.az\/?author=2"},"rttpg_comment":0,"rttpg_category":"<a href=\"https:\/\/arantv.az\/?cat=4\" rel=\"category\">Siyas\u0259t<\/a>","rttpg_excerpt":"Qazax\u0131stan Respublikas\u0131n\u0131n birinci Prezidenti \u2013 Elbas\u0131 Nursultan Nazarbayev Az\u0259rbaycan Prezidenti \u0130lham \u018fliyevi t\u0259brik edib. ARANTV.AZ x\u0259b\u0259r verir ki, m\u0259ktubda deyilir: \u201cAz\u0259rbaycan\u0131n milli bayram\u0131 &#8211; Respublika G\u00fcn\u00fc m\u00fcnasib\u0259til\u0259 Sizi s\u0259mimi q\u0259lbd\u0259n t\u0259brik edir\u0259m. Qarda\u015f Az\u0259rbaycan\u0131n sosial-iqtisadi inki\u015faf\u0131nda v\u0259 beyn\u0259lxalq arenada n\u00fcfuzunun art\u0131r\u0131lmas\u0131nda Sizin r\u0259hb\u0259rliyinizi v\u0259 \u00f6n\u0259mli t\u00f6hf\u0259l\u0259rinizi qeyd ed\u0259r\u0259k, \u00f6lk\u0259nizin daha y\u00fcks\u0259k zirv\u0259l\u0259r\u0259 \u00e7atd\u0131r\u0131lmas\u0131 istiqam\u0259tind\u0259ki f\u0259aliyy\u0259tinizd\u0259&hellip;","_links":{"self":[{"href":"https:\/\/arantv.az\/index.php?rest_route=\/wp\/v2\/posts\/340029"}],"collection":[{"href":"https:\/\/arantv.az\/index.php?rest_route=\/wp\/v2\/posts"}],"about":[{"href":"https:\/\/arantv.az\/index.php?rest_route=\/wp\/v2\/types\/post"}],"author":[{"embeddable":true,"href":"https:\/\/arantv.az\/index.php?rest_route=\/wp\/v2\/users\/2"}],"replies":[{"embeddable":true,"href":"https:\/\/arantv.az\/index.php?rest_route=%2Fwp%2Fv2%2Fcomments&post=340029"}],"version-history":[{"count":0,"href":"https:\/\/arantv.az\/index.php?rest_route=\/wp\/v2\/posts\/340029\/revisions"}],"wp:featuredmedia":[{"embeddable":true,"href":"https:\/\/arantv.az\/index.php?rest_route=\/wp\/v2\/media\/340030"}],"wp:attachment":[{"href":"https:\/\/arantv.az\/index.php?rest_route=%2Fwp%2Fv2%2Fmedia&parent=340029"}],"wp:term":[{"taxonomy":"category","embeddable":true,"href":"https:\/\/arantv.az\/index.php?rest_route=%2Fwp%2Fv2%2Fcategories&post=340029"},{"taxonomy":"post_tag","embeddable":true,"href":"https:\/\/arantv.az\/index.php?rest_route=%2Fwp%2Fv2%2Ftags&post=340029"}],"curies":[{"name":"wp","href":"https:\/\/api.w.org\/{rel}","templated":true}]}}