{"id":340033,"date":"2021-05-24T13:53:33","date_gmt":"2021-05-24T10:53:33","guid":{"rendered":"http:\/\/arantv.az\/?p=340033"},"modified":"2021-05-24T13:53:33","modified_gmt":"2021-05-24T10:53:33","slug":"avropa-parlamentinin-q%c9%99rarinin-arxasinda-dayanan-dovl%c9%99t-askara-cixan-izl%c9%99r-t%c9%99hlil","status":"publish","type":"post","link":"https:\/\/arantv.az\/?p=340033","title":{"rendered":"Avropa Parlamentinin q\u0259rar\u0131n\u0131n arxas\u0131nda dayanan d\u00f6vl\u0259t: A\u015fkara \u00e7\u0131xan izl\u0259r \u2013 T\u018fHL\u0130L"},"content":{"rendered":"<p>Avropa Parlamentinin m\u0259lum q\u0259tnam\u0259sin\u0259 diqq\u0259tl\u0259 baxd\u0131qda, yeni q\u0259rar\u0131n q\u0259bul edilm\u0259sind\u0259 erm\u0259ni lobbisi il\u0259 yana\u015f\u0131, hans\u0131 d\u00f6vl\u0259tin oldu\u011funa dair fikirl\u0259r y\u00fcr\u00fcd\u0259 bil\u0259rik.<\/p>\n<p>Avropa Parlamentinin q\u0259rar\u0131nda deyilir ki, Az\u0259rbaycan saxlad\u0131\u011f\u0131 erm\u0259ni h\u0259rbi \u0259sirl\u0259ri (?) azadl\u0131\u011fa buraxmal\u0131d\u0131r. H\u0259r\u00e7\u0259nd ki, Az\u0259rbaycan d\u0259f\u0259l\u0259rl\u0259 b\u0259yan edib ki, h\u0259min \u015f\u0259xsl\u0259r h\u0259rbi \u0259sir yox, diversant-terror\u00e7ulard\u0131r.<\/p>\n<p>Bak\u0131n\u0131n bu m\u00f6vqeyinin \u00fcz\u0259rind\u0259 uzun-uzad\u0131 dayanma\u011fa z\u0259rur\u0259t yoxdur, \u00e7\u00fcnki h\u0259min \u015f\u0259xsl\u0259r m\u00fcharib\u0259d\u0259n sonra, s\u00fclh b\u0259yanat\u0131 elan edildikd\u0259n sonra Az\u0259rbaycan \u0259razil\u0259rind\u0259 diversiya f\u0259aliyy\u0259ti h\u0259yata ke\u00e7irm\u0259k ist\u0259y\u0259rk\u0259n yaxalan\u0131blar.<\/p>\n<div id=\"AdviadNativeVideo0\" class=\"AdviadNativeVideo\"><\/div>\n<p>S\u0259n\u0259din 18-ci b\u0259ndind\u0259 ke\u00e7\u0259n c\u00fcml\u0259l\u0259r postm\u00fcnaqi\u015f\u0259 d\u00f6vr\u00fcnd\u0259 g\u00f6zl\u0259nil\u0259n maraqlar\u0131n t\u0259min edilm\u0259sin\u0259 mane\u0259 yaradan Bak\u0131n\u0131n m\u00f6vqeyi \u0259leyhin\u0259 g\u00fcnd\u0259liyi s\u0259tiralt\u0131 \u00e7atd\u0131r\u0131r.<\/p>\n<p>H\u0259min b\u0259ndd\u0259 Minsk Qrupunda t\u0259msil olunan Avropa Birliyin\u0259 \u00fczv \u00f6lk\u0259l\u0259rin s\u00fclh raz\u0131la\u015fmas\u0131nda i\u015ftirak etm\u0259m\u0259sind\u0259n narahatl\u0131q dil\u0259 g\u0259tirilib.<\/p>\n<p><strong>Bu b\u0259nd iki m\u0259s\u0259l\u0259 fonunda diqq\u0259t \u00e7\u0259kir:<\/strong><\/p>\n<p><em>1. May\u0131n 20-d\u0259 Prezident \u0130lham \u018fliyev Az\u0259rbaycan\u0131n s\u00fclh sazi\u015fin\u0259 haz\u0131r oldu\u011funu, Bak\u0131n\u0131n daha \u00e7ox AB\u015e-dan g\u00f6zl\u0259ntisinin oldu\u011funu \u00fcst\u00fc\u00f6rt\u00fcl\u00fc d\u0259 olsa b\u0259yan etdi.<\/em><\/p>\n<p><em>2. AB\u015e v\u0259 Rusiyadan f\u0259rqli olaraq Fransaya z\u0259rr\u0259 d\u0259 \u00fcmid yoxdur.<\/em><\/p>\n<p>AT\u018fT-in Minsk Qrupunda 11 \u00f6lk\u0259 t\u0259msil olunur. Onlardan Avropa Birliyinin \u00fczv\u00fc olan \u00f6lk\u0259l\u0259r bunlard\u0131r: Fransa, Almaniya, \u0130taliya, \u0130sve\u00e7 v\u0259 Finlandiya.<\/p>\n<p>B\u0259lli m\u0259s\u0259l\u0259dir ki, bu m\u00f6vzu \u0130sve\u00e7 v\u0259 Finlandiyan\u0131n g\u00fcnd\u0259liyind\u0259 deyil, \u0130taliya is\u0259 Az\u0259rbaycana d\u0259st\u0259k n\u00fcmayi\u015f etdirir.<\/p>\n<p>Almaniya is\u0259 yay\u011f\u0131n b\u0259yanatlarla, h\u0259r iki t\u0259r\u0259fin (Az\u0259rbaycan v\u0259 Erm\u0259nistan) mara\u011f\u0131n\u0131 t\u0259min ed\u0259n m\u00f6vqe s\u0259rgil\u0259yir, bununla bel\u0259 Az\u0259rbaycan\u0131n \u0259razi b\u00fct\u00f6vl\u00fcy\u00fcn\u00fc \u015f\u00fcbh\u0259 alt\u0131na da qoymur.<\/p>\n<p>Fransaya g\u0259linc\u0259, Erm\u0259nistana a\u00e7\u0131q d\u0259st\u0259k n\u00fcmayi\u015f etdirir.<\/p>\n<p>\u0130ndi Avropa Parlamentinin q\u0259rar\u0131n\u0131n arxas\u0131nda Fransan\u0131n dayand\u0131\u011f\u0131n\u0131 s\u00f6yl\u0259y\u0259 bil\u0259rik.<\/p>\n<p>H\u0259r\u00e7\u0259nd dig\u0259r versiya da \u00f6n\u0259 \u00e7\u0131xa bil\u0259r ki, Almaniya da s\u00fclh sazi\u015find\u0259n pay almaq ist\u0259yir.<\/p>\n<p>Q\u0259tnam\u0259d\u0259 Qaraba\u011fa status m\u00f6vzusundan b\u0259hs edilm\u0259si d\u0259 Fransan\u0131n dilind\u0259 olanlar\u0131n elan edilm\u0259sidir.<\/p>\n<p>T\u0259sad\u00fcf say\u0131la bilm\u0259z ki, Fransa Senat\u0131 bu yax\u0131nlarda n\u0259 ad\u0131, n\u0259 d\u0259 \u00f6z\u00fc olan, gorbagor olan \u2018\u2018Da\u011fl\u0131q Qaraba\u011f Respublikas\u0131\u2019\u2019n\u0131 tan\u0131yan q\u04d9tnam\u04d9 q\u0259bul etmi\u015fdi.<\/p>\n<p>Avropa Parlamentinin q\u0259rar\u0131ndak\u0131 ifad\u0259l\u0259r b\u00f6y\u00fck ehtimalla 10 noyabr b\u0259yanat\u0131na aiddir, \u00e7\u00fcnki c\u00fcml\u0259l\u0259r ke\u00e7mi\u015f zamanda i\u015fl\u0259dilib v\u0259 \u201cat\u0259\u015fk\u0259s raz\u0131la\u015fmas\u0131\u201d dey\u0259 bir ifad\u0259 ke\u00e7ib.<\/p>\n<p>Eyni zamanda bu, h\u0259m d\u0259 imzalanmas\u0131 g\u00fcnd\u0259md\u0259 olan s\u00fclh sazi\u015find\u0259 Avropan\u0131n g\u00fcc m\u0259rk\u0259zl\u0259rinin i\u015ftirak\u0131na dair h\u0259d\u0259fl\u0259rin b\u0259yan\u0131 kimi q\u0259bul edil\u0259 bil\u0259r.<\/p>\n<p>Fransan\u0131n m\u0259qs\u0259dl\u0259rind\u0259 gizl\u0259n\u0259n dig\u0259r h\u0259d\u0259f is\u0259 T\u00fcrkiy\u0259dir. T\u00fcrkiy\u0259nin regionda g\u00fccl\u0259nm\u0259si, Qaraba\u011fda h\u0259rbi i\u015ftirak\u0131 \u2013 Rusiya-T\u00fcrkiy\u0259 Bir\u0259 Monitorinq M\u0259rk\u0259zi \u2013 Parisd\u0259 d\u0259rin narahatl\u0131q yarad\u0131r.<\/p>\n<p>Ankaran\u0131n C\u0259nubi Qafqazda Bak\u0131 il\u0259 m\u00fctt\u0259fiqlik \u0259laq\u0259l\u0259rini g\u00fccl\u0259ndirm\u0259kl\u0259 i\u015ftirak\u0131ndan Paris q\u0131sqan\u0131r.<\/p>\n<p>G\u00f6r\u00fcn\u0259n budur ki, postm\u00fcharib\u0259 d\u00f6vr\u00fcn\u00fcn palitras\u0131nda b\u00f6y\u00fck g\u00fccl\u0259rin geosiyasi maraqlar\u0131 k\u0259si\u015fir.<\/p>\n<p>Dem\u0259k ki, Qaraba\u011f m\u00fcnaqi\u015f\u0259sinin h\u0259lli n\u0259inki regional, el\u0259c\u0259 d\u0259 b\u00f6y\u00fck oyun\u00e7ular \u00fc\u00e7\u00fcn qlobal \u00e7a\u011f\u0131r\u0131\u015flar ortaya qoyub.<\/p>\n<p>Q\u0259tnam\u0259 ka\u011f\u0131z par\u00e7as\u0131 ola bil\u0259r, h\u00fcquqi q\u00fcvv\u0259si olmaya bil\u0259r, lakin arxas\u0131ndak\u0131 b\u00f6y\u00fck maraqlar Bak\u0131n\u0131 k\u00f6vr\u0259k z\u0259minl\u0259r \u00fcz\u0259rind\u0259 g\u00fccl\u00fc manevrl\u0259r\u0259 m\u0259cbur edir.<\/p>\n<p>Bak\u0131n\u0131n is\u0259 manevrl\u0259ri yaln\u0131z milli maraqlara s\u00f6yk\u0259nir, xarici siyas\u0259td\u0259ki ard\u0131c\u0131ll\u0131q v\u0259 prinsipiall\u0131q bel\u0259 dem\u0259y\u0259 \u0259sas verir.<\/p>\n<p>Prezident \u0130lham \u018fliyev h\u0259l\u0259 m\u00fcharib\u0259 d\u00f6vr\u00fcnd\u0259 Erm\u0259nistana d\u0259st\u0259k g\u00f6st\u0259r\u0259nl\u0259r\u0259 demi\u015fdi ki, m\u00fcnaqi\u015f\u0259 bitdikd\u0259n sonra onlar \u0259m\u0259kda\u015fl\u0131q t\u0259klif ed\u0259c\u0259kl\u0259r.<\/p>\n<p>\u0130ndi g\u00f6r\u00fcn\u00fcr ki, gecikmi\u015f \u0259m\u0259kda\u015fl\u0131q t\u0259klifl\u0259ri d\u0259 Erm\u0259nistan\u0131n qeyri-konstruktiv m\u00f6vqeyinin m\u00f6hk\u0259ml\u0259nm\u0259sin\u0259 y\u00f6n\u0259lib v\u0259 Bak\u0131 israrla bunun \u0259leyhin\u0259 \u00e7\u0131x\u0131r.<\/p>\n<p>Ona g\u00f6r\u0259 d\u0259, Avropa parlament diplomatiyas\u0131 il\u0259 h\u00fccuma ke\u00e7ir, lakin bunun da he\u00e7 bir praktiki \u0259h\u0259miyy\u0259ti yoxdur.<\/p>\n","protected":false},"excerpt":{"rendered":"<p>Avropa Parlamentinin m\u0259lum q\u0259tnam\u0259sin\u0259 diqq\u0259tl\u0259 baxd\u0131qda, yeni q\u0259rar\u0131n q\u0259bul edilm\u0259sind\u0259 erm\u0259ni lobbisi il\u0259 yana\u015f\u0131, hans\u0131 d\u00f6vl\u0259tin oldu\u011funa dair fikirl\u0259r y\u00fcr\u00fcd\u0259 bil\u0259rik. Avropa Parlamentinin q\u0259rar\u0131nda deyilir ki, Az\u0259rbaycan saxlad\u0131\u011f\u0131 erm\u0259ni h\u0259rbi \u0259sirl\u0259ri (?) azadl\u0131\u011fa buraxmal\u0131d\u0131r. H\u0259r\u00e7\u0259nd ki, Az\u0259rbaycan d\u0259f\u0259l\u0259rl\u0259 b\u0259yan edib ki, h\u0259min \u015f\u0259xsl\u0259r h\u0259rbi \u0259sir yox, diversant-terror\u00e7ulard\u0131r. Bak\u0131n\u0131n bu m\u00f6vqeyinin \u00fcz\u0259rind\u0259 uzun-uzad\u0131 dayanma\u011fa z\u0259rur\u0259t yoxdur, \u00e7\u00fcnki h\u0259min \u015f\u0259xsl\u0259r m\u00fcharib\u0259d\u0259n sonra, s\u00fclh b\u0259yanat\u0131 elan edildikd\u0259n sonra Az\u0259rbaycan \u0259razil\u0259rind\u0259 diversiya f\u0259aliyy\u0259ti h\u0259yata ke\u00e7irm\u0259k ist\u0259y\u0259rk\u0259n yaxalan\u0131blar. S\u0259n\u0259din 18-ci b\u0259ndind\u0259 ke\u00e7\u0259n c\u00fcml\u0259l\u0259r postm\u00fcnaqi\u015f\u0259 d\u00f6vr\u00fcnd\u0259 g\u00f6zl\u0259nil\u0259n maraqlar\u0131n t\u0259min edilm\u0259sin\u0259 mane\u0259 yaradan Bak\u0131n\u0131n m\u00f6vqeyi \u0259leyhin\u0259 g\u00fcnd\u0259liyi&hellip;<\/p>\n","protected":false},"author":2,"featured_media":340034,"comment_status":"closed","ping_status":"closed","sticky":false,"template":"","format":"standard","meta":{"om_disable_all_campaigns":false,"_monsterinsights_skip_tracking":false,"_monsterinsights_sitenote_active":false,"_monsterinsights_sitenote_note":"","_monsterinsights_sitenote_category":0},"categories":[4],"tags":[],"aioseo_notices":[],"gutentor_comment":0,"rttpg_featured_image_url":{"full":["https:\/\/arantv.az\/wp-content\/uploads\/2021\/05\/GettyImages-1230151419-1320x880-1.jpg",620,413,false],"landscape":["https:\/\/arantv.az\/wp-content\/uploads\/2021\/05\/GettyImages-1230151419-1320x880-1.jpg",620,413,false],"portraits":["https:\/\/arantv.az\/wp-content\/uploads\/2021\/05\/GettyImages-1230151419-1320x880-1.jpg",620,413,false],"thumbnail":["https:\/\/arantv.az\/wp-content\/uploads\/2021\/05\/GettyImages-1230151419-1320x880-1-500x280.jpg",500,280,true],"medium":["https:\/\/arantv.az\/wp-content\/uploads\/2021\/05\/GettyImages-1230151419-1320x880-1-548x365.jpg",548,365,true],"large":["https:\/\/arantv.az\/wp-content\/uploads\/2021\/05\/GettyImages-1230151419-1320x880-1.jpg",620,413,false],"1536x1536":["https:\/\/arantv.az\/wp-content\/uploads\/2021\/05\/GettyImages-1230151419-1320x880-1.jpg",620,413,false],"2048x2048":["https:\/\/arantv.az\/wp-content\/uploads\/2021\/05\/GettyImages-1230151419-1320x880-1.jpg",620,413,false],"post-thumbnail":["https:\/\/arantv.az\/wp-content\/uploads\/2021\/05\/GettyImages-1230151419-1320x880-1-240x172.jpg",240,172,true],"advps-thumb-one":["https:\/\/arantv.az\/wp-content\/uploads\/2021\/05\/GettyImages-1230151419-1320x880-1.jpg",620,413,false]},"rttpg_author":{"display_name":"V\u00fcsal Rafiqo\u011flu","author_link":"https:\/\/arantv.az\/?author=2"},"rttpg_comment":0,"rttpg_category":"<a href=\"https:\/\/arantv.az\/?cat=4\" rel=\"category\">Siyas\u0259t<\/a>","rttpg_excerpt":"Avropa Parlamentinin m\u0259lum q\u0259tnam\u0259sin\u0259 diqq\u0259tl\u0259 baxd\u0131qda, yeni q\u0259rar\u0131n q\u0259bul edilm\u0259sind\u0259 erm\u0259ni lobbisi il\u0259 yana\u015f\u0131, hans\u0131 d\u00f6vl\u0259tin oldu\u011funa dair fikirl\u0259r y\u00fcr\u00fcd\u0259 bil\u0259rik. Avropa Parlamentinin q\u0259rar\u0131nda deyilir ki, Az\u0259rbaycan saxlad\u0131\u011f\u0131 erm\u0259ni h\u0259rbi \u0259sirl\u0259ri (?) azadl\u0131\u011fa buraxmal\u0131d\u0131r. H\u0259r\u00e7\u0259nd ki, Az\u0259rbaycan d\u0259f\u0259l\u0259rl\u0259 b\u0259yan edib ki, h\u0259min \u015f\u0259xsl\u0259r h\u0259rbi \u0259sir yox, diversant-terror\u00e7ulard\u0131r. Bak\u0131n\u0131n bu m\u00f6vqeyinin \u00fcz\u0259rind\u0259 uzun-uzad\u0131 dayanma\u011fa z\u0259rur\u0259t yoxdur,&hellip;","_links":{"self":[{"href":"https:\/\/arantv.az\/index.php?rest_route=\/wp\/v2\/posts\/340033"}],"collection":[{"href":"https:\/\/arantv.az\/index.php?rest_route=\/wp\/v2\/posts"}],"about":[{"href":"https:\/\/arantv.az\/index.php?rest_route=\/wp\/v2\/types\/post"}],"author":[{"embeddable":true,"href":"https:\/\/arantv.az\/index.php?rest_route=\/wp\/v2\/users\/2"}],"replies":[{"embeddable":true,"href":"https:\/\/arantv.az\/index.php?rest_route=%2Fwp%2Fv2%2Fcomments&post=340033"}],"version-history":[{"count":0,"href":"https:\/\/arantv.az\/index.php?rest_route=\/wp\/v2\/posts\/340033\/revisions"}],"wp:featuredmedia":[{"embeddable":true,"href":"https:\/\/arantv.az\/index.php?rest_route=\/wp\/v2\/media\/340034"}],"wp:attachment":[{"href":"https:\/\/arantv.az\/index.php?rest_route=%2Fwp%2Fv2%2Fmedia&parent=340033"}],"wp:term":[{"taxonomy":"category","embeddable":true,"href":"https:\/\/arantv.az\/index.php?rest_route=%2Fwp%2Fv2%2Fcategories&post=340033"},{"taxonomy":"post_tag","embeddable":true,"href":"https:\/\/arantv.az\/index.php?rest_route=%2Fwp%2Fv2%2Ftags&post=340033"}],"curies":[{"name":"wp","href":"https:\/\/api.w.org\/{rel}","templated":true}]}}