{"id":340057,"date":"2021-05-24T14:43:35","date_gmt":"2021-05-24T11:43:35","guid":{"rendered":"http:\/\/arantv.az\/?p=340057"},"modified":"2021-05-24T14:43:35","modified_gmt":"2021-05-24T11:43:35","slug":"abseronda-yasadigi-evd%c9%99-kalasnikov-gizl%c9%99d%c9%99n-s%c9%99xs-saxlanilib-foto-video","status":"publish","type":"post","link":"https:\/\/arantv.az\/?p=340057","title":{"rendered":"Ab\u015feronda ya\u015fad\u0131\u011f\u0131 evd\u0259 \u201cKala\u015fnikov\u201d gizl\u0259d\u0259n \u015f\u0259xs saxlan\u0131l\u0131b &#8211; FOTO\/V\u0130DEO"},"content":{"rendered":"<p>Ab\u015feron Rayon Polis \u0130dar\u0259sinin Qobu Polis B\u00f6lm\u0259sinin \u0259m\u0259kda\u015flar\u0131 t\u0259r\u0259find\u0259n qanunsuz saxlan\u0131lan odlu silah-sursat\u0131n a\u015fkar edilm\u0259si istiqam\u0259tind\u0259 n\u00f6vb\u0259ti \u0259m\u0259liyyat t\u0259dbiri h\u0259yata ke\u00e7irilib.<\/p>\n<p>Bu bar\u0259d\u0259 Daxili \u0130\u015fl\u0259r Nazirliyi m\u0259lumat yay\u0131b.<\/p>\n<div id=\"AdviadNativeVideo0\" class=\"AdviadNativeVideo\"><\/div>\n<p>Bel\u0259 ki, Ab\u015feron rayon sakini olan \u0259vv\u0259ll\u0259r d\u0259f\u0259l\u0259rl\u0259 m\u0259hkum olunmu\u015f G\u00fcl\u0259hm\u0259d M\u0259cidovun ya\u015fad\u0131\u011f\u0131 evd\u0259 qanunsuz olaraq odlu silah-sursat saxlamas\u0131 bar\u0259d\u0259 polis \u0259m\u0259kda\u015flar\u0131na \u0259m\u0259liyyat m\u0259lumat\u0131 daxil olub.\u00a0 B\u00f6lm\u0259 \u0259m\u0259kda\u015flar\u0131 t\u0259r\u0259find\u0259n ke\u00e7iril\u0259n t\u0259xir\u0259sal\u0131nmaz t\u0259dbir n\u0259tic\u0259sind\u0259 h\u0259min \u015f\u0259xs saxlan\u0131l\u0131b. Onun ya\u015fad\u0131\u011f\u0131 ev\u0259 bax\u0131\u015f ke\u00e7iril\u0259n zaman 1 \u0259d\u0259d \u201cKala\u015fnikov\u201d markal\u0131 avtomat, 1 \u0259d\u0259d patron dara\u011f\u0131 v\u0259 3 \u0259d\u0259d patron a\u015fkar olunaraq g\u00f6t\u00fcr\u00fcl\u00fcb.<\/p>\n<p>Qeyd ed\u0259k ki, G\u00fcl\u0259hm\u0259d M\u0259cidov ifad\u0259sind\u0259 silah-sursat\u0131 bir m\u00fcdd\u0259t \u0259vv\u0259l tapd\u0131\u011f\u0131n\u0131 amma buna baxmayaraq polis \u0259m\u0259kda\u015flar\u0131na t\u0259hvil verm\u0259y\u0259r\u0259k ya\u015fad\u0131\u011f\u0131 evd\u0259 gizl\u0259tdiyini bildirib.<br \/>\nFaktla ba\u011fl\u0131 Qobu Polis B\u00f6lm\u0259sind\u0259 toplanan materiallar ara\u015fd\u0131r\u0131lmas\u0131 \u00fc\u00e7\u00fcn Ab\u015feron Rayon Polis \u0130dar\u0259sinin \u0130stintaq \u015e\u00f6b\u0259sin\u0259 g\u00f6nd\u0259rilib. Saxlan\u0131lan \u015f\u0259xsin \u0259traf\u0131nda \u0259m\u0259liyyat-axtar\u0131\u015f v\u0259 istintaq t\u0259dbirl\u0259ri davam etdirilir.<\/p>\n<div><iframe loading=\"lazy\" title=\"YouTube video player\" src=\"https:\/\/www.youtube.com\/embed\/e-UULHVhtMw\" width=\"560\" height=\"315\" frameborder=\"0\" allowfullscreen=\"allowfullscreen\" data-mce-fragment=\"1\"><\/iframe><\/div>\n<p>&nbsp;<\/p>\n<div class=\"gallery\">\n<div class=\"gallery-i\"><img src=\"https:\/\/cdn.oxu.az\/uploads\/W1siZiIsIjIwMjEvMDUvMjQvMTQvMjMvMTIvMDRlMGMzOTMtYTI4Ni00ZmFjLWFhMjEtODMzNzk4ZDQ3ZGY1L2szLmpwZyJdLFsicCIsImVuY29kZSIsImpwZyIsIi1xdWFsaXR5IDgwIl0sWyJwIiwidGh1bWIiLCI1OTB4NTkwXHUwMDNlIl1d?sha=a721fe5a11474b06\" alt=\"\" \/><\/p>\n<div class=\"gallery-i-caption\"><\/div>\n<\/div>\n<div class=\"gallery-i\"><img src=\"https:\/\/cdn.oxu.az\/uploads\/W1siZiIsIjIwMjEvMDUvMjQvMTQvMjMvMTMvNDU2MTU2OTUtOGMyNi00MGQyLTgxYTItYzIyZTg0NDUyMGM0L2syLmpwZyJdLFsicCIsImVuY29kZSIsImpwZyIsIi1xdWFsaXR5IDgwIl0sWyJwIiwidGh1bWIiLCI1OTB4NTkwXHUwMDNlIl1d?sha=22fd91fe4b136910\" alt=\"\" \/><\/p>\n<div class=\"gallery-i-caption\"><\/div>\n<\/div>\n<div class=\"gallery-i\"><img src=\"https:\/\/cdn.oxu.az\/uploads\/W1siZiIsIjIwMjEvMDUvMjQvMTQvMjMvMTMvNzhmNTM1MmEtYTQxNS00MjRhLTlhZmUtNmM0ZWI5YzZlNWQzL2sxLmpwZyJdLFsicCIsImVuY29kZSIsImpwZyIsIi1xdWFsaXR5IDgwIl0sWyJwIiwidGh1bWIiLCI1OTB4NTkwXHUwMDNlIl1d?sha=39312905d7ba9178\" alt=\"\" \/><\/div>\n<\/div>\n","protected":false},"excerpt":{"rendered":"<p>Ab\u015feron Rayon Polis \u0130dar\u0259sinin Qobu Polis B\u00f6lm\u0259sinin \u0259m\u0259kda\u015flar\u0131 t\u0259r\u0259find\u0259n qanunsuz saxlan\u0131lan odlu silah-sursat\u0131n a\u015fkar edilm\u0259si istiqam\u0259tind\u0259 n\u00f6vb\u0259ti \u0259m\u0259liyyat t\u0259dbiri h\u0259yata ke\u00e7irilib. Bu bar\u0259d\u0259 Daxili \u0130\u015fl\u0259r Nazirliyi m\u0259lumat yay\u0131b. Bel\u0259 ki, Ab\u015feron rayon sakini olan \u0259vv\u0259ll\u0259r d\u0259f\u0259l\u0259rl\u0259 m\u0259hkum olunmu\u015f G\u00fcl\u0259hm\u0259d M\u0259cidovun ya\u015fad\u0131\u011f\u0131 evd\u0259 qanunsuz olaraq odlu silah-sursat saxlamas\u0131 bar\u0259d\u0259 polis \u0259m\u0259kda\u015flar\u0131na \u0259m\u0259liyyat m\u0259lumat\u0131 daxil olub.\u00a0 B\u00f6lm\u0259 \u0259m\u0259kda\u015flar\u0131 t\u0259r\u0259find\u0259n ke\u00e7iril\u0259n t\u0259xir\u0259sal\u0131nmaz t\u0259dbir n\u0259tic\u0259sind\u0259 h\u0259min \u015f\u0259xs saxlan\u0131l\u0131b. Onun ya\u015fad\u0131\u011f\u0131 ev\u0259 bax\u0131\u015f ke\u00e7iril\u0259n zaman 1 \u0259d\u0259d \u201cKala\u015fnikov\u201d markal\u0131 avtomat, 1 \u0259d\u0259d patron dara\u011f\u0131 v\u0259 3 \u0259d\u0259d patron a\u015fkar olunaraq g\u00f6t\u00fcr\u00fcl\u00fcb. Qeyd ed\u0259k ki, G\u00fcl\u0259hm\u0259d&hellip;<\/p>\n","protected":false},"author":2,"featured_media":340058,"comment_status":"closed","ping_status":"closed","sticky":false,"template":"","format":"standard","meta":{"om_disable_all_campaigns":false,"_monsterinsights_skip_tracking":false,"_monsterinsights_sitenote_active":false,"_monsterinsights_sitenote_note":"","_monsterinsights_sitenote_category":0},"categories":[5],"tags":[],"aioseo_notices":[],"gutentor_comment":0,"rttpg_featured_image_url":{"full":["https:\/\/arantv.az\/wp-content\/uploads\/2021\/05\/FotoJet-1-4.jpg",568,465,false],"landscape":["https:\/\/arantv.az\/wp-content\/uploads\/2021\/05\/FotoJet-1-4.jpg",568,465,false],"portraits":["https:\/\/arantv.az\/wp-content\/uploads\/2021\/05\/FotoJet-1-4.jpg",568,465,false],"thumbnail":["https:\/\/arantv.az\/wp-content\/uploads\/2021\/05\/FotoJet-1-4-500x280.jpg",500,280,true],"medium":["https:\/\/arantv.az\/wp-content\/uploads\/2021\/05\/FotoJet-1-4-446x365.jpg",446,365,true],"large":["https:\/\/arantv.az\/wp-content\/uploads\/2021\/05\/FotoJet-1-4.jpg",568,465,false],"1536x1536":["https:\/\/arantv.az\/wp-content\/uploads\/2021\/05\/FotoJet-1-4.jpg",568,465,false],"2048x2048":["https:\/\/arantv.az\/wp-content\/uploads\/2021\/05\/FotoJet-1-4.jpg",568,465,false],"post-thumbnail":["https:\/\/arantv.az\/wp-content\/uploads\/2021\/05\/FotoJet-1-4-240x172.jpg",240,172,true],"advps-thumb-one":["https:\/\/arantv.az\/wp-content\/uploads\/2021\/05\/FotoJet-1-4.jpg",568,465,false]},"rttpg_author":{"display_name":"V\u00fcsal Rafiqo\u011flu","author_link":"https:\/\/arantv.az\/?author=2"},"rttpg_comment":0,"rttpg_category":"<a href=\"https:\/\/arantv.az\/?cat=5\" rel=\"category\">Hadis\u0259<\/a>","rttpg_excerpt":"Ab\u015feron Rayon Polis \u0130dar\u0259sinin Qobu Polis B\u00f6lm\u0259sinin \u0259m\u0259kda\u015flar\u0131 t\u0259r\u0259find\u0259n qanunsuz saxlan\u0131lan odlu silah-sursat\u0131n a\u015fkar edilm\u0259si istiqam\u0259tind\u0259 n\u00f6vb\u0259ti \u0259m\u0259liyyat t\u0259dbiri h\u0259yata ke\u00e7irilib. Bu bar\u0259d\u0259 Daxili \u0130\u015fl\u0259r Nazirliyi m\u0259lumat yay\u0131b. Bel\u0259 ki, Ab\u015feron rayon sakini olan \u0259vv\u0259ll\u0259r d\u0259f\u0259l\u0259rl\u0259 m\u0259hkum olunmu\u015f G\u00fcl\u0259hm\u0259d M\u0259cidovun ya\u015fad\u0131\u011f\u0131 evd\u0259 qanunsuz olaraq odlu silah-sursat saxlamas\u0131 bar\u0259d\u0259 polis \u0259m\u0259kda\u015flar\u0131na \u0259m\u0259liyyat m\u0259lumat\u0131 daxil olub.\u00a0 B\u00f6lm\u0259&hellip;","_links":{"self":[{"href":"https:\/\/arantv.az\/index.php?rest_route=\/wp\/v2\/posts\/340057"}],"collection":[{"href":"https:\/\/arantv.az\/index.php?rest_route=\/wp\/v2\/posts"}],"about":[{"href":"https:\/\/arantv.az\/index.php?rest_route=\/wp\/v2\/types\/post"}],"author":[{"embeddable":true,"href":"https:\/\/arantv.az\/index.php?rest_route=\/wp\/v2\/users\/2"}],"replies":[{"embeddable":true,"href":"https:\/\/arantv.az\/index.php?rest_route=%2Fwp%2Fv2%2Fcomments&post=340057"}],"version-history":[{"count":0,"href":"https:\/\/arantv.az\/index.php?rest_route=\/wp\/v2\/posts\/340057\/revisions"}],"wp:featuredmedia":[{"embeddable":true,"href":"https:\/\/arantv.az\/index.php?rest_route=\/wp\/v2\/media\/340058"}],"wp:attachment":[{"href":"https:\/\/arantv.az\/index.php?rest_route=%2Fwp%2Fv2%2Fmedia&parent=340057"}],"wp:term":[{"taxonomy":"category","embeddable":true,"href":"https:\/\/arantv.az\/index.php?rest_route=%2Fwp%2Fv2%2Fcategories&post=340057"},{"taxonomy":"post_tag","embeddable":true,"href":"https:\/\/arantv.az\/index.php?rest_route=%2Fwp%2Fv2%2Ftags&post=340057"}],"curies":[{"name":"wp","href":"https:\/\/api.w.org\/{rel}","templated":true}]}}