{"id":34006,"date":"2019-01-22T11:14:46","date_gmt":"2019-01-22T08:14:46","guid":{"rendered":"http:\/\/arantv.az\/?p=34006"},"modified":"2019-01-22T11:14:46","modified_gmt":"2019-01-22T08:14:46","slug":"g%c9%99d%c9%99b%c9%99yd%c9%99-kafed%c9%99-isl%c9%99y%c9%99n-qadin-namusunu-qorumaq-ucun-bicaga-%c9%99l-atdi","status":"publish","type":"post","link":"https:\/\/arantv.az\/?p=34006","title":{"rendered":"G\u0259d\u0259b\u0259yd\u0259 kafed\u0259 i\u015fl\u0259y\u0259n qad\u0131n namusunu qorumaq \u00fc\u00e7\u00fcn b\u0131\u00e7a\u011fa \u0259l atd\u0131"},"content":{"rendered":"<div class=\"spot\">G\u0259nc\u0259 A\u011f\u0131r Cinay\u0259tl\u0259r M\u0259hk\u0259m\u0259sind\u0259 namusunu qorudu\u011funa g\u00f6r\u0259 h\u0259bs edil\u0259n qad\u0131n\u0131n m\u0259hk\u0259m\u0259si ba\u015flay\u0131r.<\/div>\n<p><strong>ARANTV.AZ<\/strong> x\u0259b\u0259r verir ki, Cinay\u0259t M\u0259c\u0259ll\u0259sinin 126.1-ci madd\u0259si il\u0259 t\u0259qsirl\u0259ndiril\u0259n \u0130brahimova Ulduz Firdovsi q\u0131z\u0131n\u0131n m\u0259hk\u0259m\u0259 prosesinin haz\u0131rl\u0131q iclas\u0131 yanvar ay\u0131n\u0131n 28-d\u0259 hakim Faiq Mahmudovun s\u0259drliyi il\u0259 ke\u00e7iril\u0259c\u0259k.<\/p>\n<p>M\u0259lum b\u0131\u00e7aqllanma hadis\u0259si \u00f6t\u0259n ilin may ay\u0131nda G\u0259d\u0259b\u0259y rayonunda qeyd\u0259 al\u0131n\u0131b.<\/p>\n<p>Rayonun Qumlu k\u0259nd sakini, 1981-ci il t\u0259v\u0259ll\u00fcdl\u00fc \u018fsg\u0259rov R\u00f6v\u015f\u0259n Malik o\u011flu kafed\u0259 yeyib-i\u00e7dikd\u0259n sonra s\u0259rxo\u015f v\u0259ziyy\u0259td\u0259 orada i\u015fl\u0259y\u0259n Ulduz \u0130brahimova sata\u015f\u0131b. Bu zaman qad\u0131n s\u0259rxo\u015f ki\u015fiy\u0259 x\u0259b\u0259rdarl\u0131q ets\u0259 d\u0259 xeyri olmay\u0131b. N\u0259tic\u0259d\u0259 U.\u0130brahimova mizin \u00fcz\u0259rind\u0259 olan b\u0131\u00e7aqla R\u00f6v\u015f\u0259nin d\u00f6\u015f q\u0259f\u0259sin\u0259 z\u0259rb\u0259 endirib. Yaral\u0131 x\u0259st\u0259xanaya apar\u0131l\u0131b v\u0259 \u0259m\u0259liyyat olunub.<\/p>\n<div id=\"AdributorNativeVideo0\" class=\"AdributorNativeVideo\"><\/div>\n<p>Qeyd ed\u0259k ki, R.\u018fsg\u0259rov q\u0259sd\u0259n sa\u011flaml\u0131\u011fa x\u0259sar\u0259t yetirdiyin\u0259 g\u00f6r\u0259 \u0259vv\u0259ll\u0259r m\u0259hkumluq h\u0259yat\u0131 ya\u015fay\u0131b.<\/p>\n<p><em><br \/>\n\u00d6lk\u0259.Az<\/em><\/p>\n","protected":false},"excerpt":{"rendered":"<p>G\u0259nc\u0259 A\u011f\u0131r Cinay\u0259tl\u0259r M\u0259hk\u0259m\u0259sind\u0259 namusunu qorudu\u011funa g\u00f6r\u0259 h\u0259bs edil\u0259n qad\u0131n\u0131n m\u0259hk\u0259m\u0259si ba\u015flay\u0131r. ARANTV.AZ x\u0259b\u0259r verir ki, Cinay\u0259t M\u0259c\u0259ll\u0259sinin 126.1-ci madd\u0259si il\u0259 t\u0259qsirl\u0259ndiril\u0259n \u0130brahimova Ulduz Firdovsi q\u0131z\u0131n\u0131n m\u0259hk\u0259m\u0259 prosesinin haz\u0131rl\u0131q iclas\u0131 yanvar ay\u0131n\u0131n 28-d\u0259 hakim Faiq Mahmudovun s\u0259drliyi il\u0259 ke\u00e7iril\u0259c\u0259k. M\u0259lum b\u0131\u00e7aqllanma hadis\u0259si \u00f6t\u0259n ilin may ay\u0131nda G\u0259d\u0259b\u0259y rayonunda qeyd\u0259 al\u0131n\u0131b. Rayonun Qumlu k\u0259nd sakini, 1981-ci il t\u0259v\u0259ll\u00fcdl\u00fc \u018fsg\u0259rov R\u00f6v\u015f\u0259n Malik o\u011flu kafed\u0259 yeyib-i\u00e7dikd\u0259n sonra s\u0259rxo\u015f v\u0259ziyy\u0259td\u0259 orada i\u015fl\u0259y\u0259n Ulduz \u0130brahimova sata\u015f\u0131b. Bu zaman qad\u0131n s\u0259rxo\u015f ki\u015fiy\u0259 x\u0259b\u0259rdarl\u0131q ets\u0259 d\u0259 xeyri olmay\u0131b. N\u0259tic\u0259d\u0259 U.\u0130brahimova mizin \u00fcz\u0259rind\u0259 olan b\u0131\u00e7aqla R\u00f6v\u015f\u0259nin d\u00f6\u015f q\u0259f\u0259sin\u0259&hellip;<\/p>\n","protected":false},"author":2,"featured_media":34007,"comment_status":"closed","ping_status":"closed","sticky":false,"template":"","format":"standard","meta":{"om_disable_all_campaigns":false,"_monsterinsights_skip_tracking":false,"_monsterinsights_sitenote_active":false,"_monsterinsights_sitenote_note":"","_monsterinsights_sitenote_category":0},"categories":[3],"tags":[],"aioseo_notices":[],"gutentor_comment":0,"rttpg_featured_image_url":{"full":["https:\/\/arantv.az\/wp-content\/uploads\/2019\/01\/qadinbicaqlama.jpg",620,375,false],"landscape":["https:\/\/arantv.az\/wp-content\/uploads\/2019\/01\/qadinbicaqlama.jpg",620,375,false],"portraits":["https:\/\/arantv.az\/wp-content\/uploads\/2019\/01\/qadinbicaqlama.jpg",620,375,false],"thumbnail":["https:\/\/arantv.az\/wp-content\/uploads\/2019\/01\/qadinbicaqlama-150x150.jpg",150,150,true],"medium":["https:\/\/arantv.az\/wp-content\/uploads\/2019\/01\/qadinbicaqlama-300x181.jpg",300,181,true],"large":["https:\/\/arantv.az\/wp-content\/uploads\/2019\/01\/qadinbicaqlama.jpg",620,375,false],"1536x1536":["https:\/\/arantv.az\/wp-content\/uploads\/2019\/01\/qadinbicaqlama.jpg",620,375,false],"2048x2048":["https:\/\/arantv.az\/wp-content\/uploads\/2019\/01\/qadinbicaqlama.jpg",620,375,false],"post-thumbnail":["https:\/\/arantv.az\/wp-content\/uploads\/2019\/01\/qadinbicaqlama-240x172.jpg",240,172,true],"advps-thumb-one":["https:\/\/arantv.az\/wp-content\/uploads\/2019\/01\/qadinbicaqlama.jpg",620,375,false]},"rttpg_author":{"display_name":"V\u00fcsal Rafiqo\u011flu","author_link":"https:\/\/arantv.az\/?author=2"},"rttpg_comment":0,"rttpg_category":"<a href=\"https:\/\/arantv.az\/?cat=3\" rel=\"category\">Kriminal<\/a>","rttpg_excerpt":"G\u0259nc\u0259 A\u011f\u0131r Cinay\u0259tl\u0259r M\u0259hk\u0259m\u0259sind\u0259 namusunu qorudu\u011funa g\u00f6r\u0259 h\u0259bs edil\u0259n qad\u0131n\u0131n m\u0259hk\u0259m\u0259si ba\u015flay\u0131r. ARANTV.AZ x\u0259b\u0259r verir ki, Cinay\u0259t M\u0259c\u0259ll\u0259sinin 126.1-ci madd\u0259si il\u0259 t\u0259qsirl\u0259ndiril\u0259n \u0130brahimova Ulduz Firdovsi q\u0131z\u0131n\u0131n m\u0259hk\u0259m\u0259 prosesinin haz\u0131rl\u0131q iclas\u0131 yanvar ay\u0131n\u0131n 28-d\u0259 hakim Faiq Mahmudovun s\u0259drliyi il\u0259 ke\u00e7iril\u0259c\u0259k. M\u0259lum b\u0131\u00e7aqllanma hadis\u0259si \u00f6t\u0259n ilin may ay\u0131nda G\u0259d\u0259b\u0259y rayonunda qeyd\u0259 al\u0131n\u0131b. Rayonun Qumlu k\u0259nd sakini, 1981-ci&hellip;","_links":{"self":[{"href":"https:\/\/arantv.az\/index.php?rest_route=\/wp\/v2\/posts\/34006"}],"collection":[{"href":"https:\/\/arantv.az\/index.php?rest_route=\/wp\/v2\/posts"}],"about":[{"href":"https:\/\/arantv.az\/index.php?rest_route=\/wp\/v2\/types\/post"}],"author":[{"embeddable":true,"href":"https:\/\/arantv.az\/index.php?rest_route=\/wp\/v2\/users\/2"}],"replies":[{"embeddable":true,"href":"https:\/\/arantv.az\/index.php?rest_route=%2Fwp%2Fv2%2Fcomments&post=34006"}],"version-history":[{"count":0,"href":"https:\/\/arantv.az\/index.php?rest_route=\/wp\/v2\/posts\/34006\/revisions"}],"wp:featuredmedia":[{"embeddable":true,"href":"https:\/\/arantv.az\/index.php?rest_route=\/wp\/v2\/media\/34007"}],"wp:attachment":[{"href":"https:\/\/arantv.az\/index.php?rest_route=%2Fwp%2Fv2%2Fmedia&parent=34006"}],"wp:term":[{"taxonomy":"category","embeddable":true,"href":"https:\/\/arantv.az\/index.php?rest_route=%2Fwp%2Fv2%2Fcategories&post=34006"},{"taxonomy":"post_tag","embeddable":true,"href":"https:\/\/arantv.az\/index.php?rest_route=%2Fwp%2Fv2%2Ftags&post=34006"}],"curies":[{"name":"wp","href":"https:\/\/api.w.org\/{rel}","templated":true}]}}