{"id":34009,"date":"2019-01-22T11:19:58","date_gmt":"2019-01-22T08:19:58","guid":{"rendered":"http:\/\/arantv.az\/?p=34009"},"modified":"2019-01-22T11:19:58","modified_gmt":"2019-01-22T08:19:58","slug":"bu-h%c9%99ft%c9%99-m%c9%99kt%c9%99blil%c9%99rin-qis-t%c9%99tili-baslayir","status":"publish","type":"post","link":"https:\/\/arantv.az\/?p=34009","title":{"rendered":"Bu h\u0259ft\u0259 m\u0259kt\u0259blil\u0259rin q\u0131\u015f t\u0259tili ba\u015flay\u0131r"},"content":{"rendered":"<p>Bu h\u0259ft\u0259 Az\u0259rbaycan\u0131n orta\u00a0m\u0259kt\u0259bl\u0259rind\u0259 be\u015f g\u00fcnl\u00fck q\u0131\u015f t\u0259tili ba\u015flay\u0131r.<\/p>\n<p><strong>ARANTV.AZ<\/strong>-\u0131n m\u0259lumat\u0131na g\u00f6r\u0259, 2018-2019-cu d\u0259rs ilinin\u00a0q\u0131\u015f t\u0259tili yanvar\u0131n 27-d\u0259 ba\u015flay\u0131b 31-d\u0259 ba\u015fa \u00e7atacaq.<\/p>\n<p>Ba\u015fqa s\u00f6zl\u0259 des\u0259k, d\u0259rsl\u0259r fevral\u0131n 1-d\u0259 ba\u015flayacaq.<\/p>\n<div id=\"AdributorNativeVideo0\" class=\"AdributorNativeVideo\"><\/div>\n<p>\u0130btidai sinifl\u0259r \u00fc\u00e7\u00fcn be\u015f g\u00fcnl\u00fck \u0259lav\u0259 yaz t\u0259tili is\u0259 1-5 may tarixl\u0259rini \u0259hat\u0259 ed\u0259c\u0259k.<\/p>\n<p>Xat\u0131rladaq ki, ifrat t\u0259hl\u00fck\u0259li hava \u015f\u0259raiti il\u0259 ba\u011fl\u0131 m\u0259kt\u0259bl\u0259rtd\u0259 iki g\u00fcn t\u0259til edilm\u0259sinin q\u0131\u015f t\u0259tilinin m\u00fcdd\u0259tin\u0259 he\u00e7 bir aidiyy\u0259ti yoxdur.<\/p>\n","protected":false},"excerpt":{"rendered":"<p>Bu h\u0259ft\u0259 Az\u0259rbaycan\u0131n orta\u00a0m\u0259kt\u0259bl\u0259rind\u0259 be\u015f g\u00fcnl\u00fck q\u0131\u015f t\u0259tili ba\u015flay\u0131r. ARANTV.AZ-\u0131n m\u0259lumat\u0131na g\u00f6r\u0259, 2018-2019-cu d\u0259rs ilinin\u00a0q\u0131\u015f t\u0259tili yanvar\u0131n 27-d\u0259 ba\u015flay\u0131b 31-d\u0259 ba\u015fa \u00e7atacaq. Ba\u015fqa s\u00f6zl\u0259 des\u0259k, d\u0259rsl\u0259r fevral\u0131n 1-d\u0259 ba\u015flayacaq. \u0130btidai sinifl\u0259r \u00fc\u00e7\u00fcn be\u015f g\u00fcnl\u00fck \u0259lav\u0259 yaz t\u0259tili is\u0259 1-5 may tarixl\u0259rini \u0259hat\u0259 ed\u0259c\u0259k. Xat\u0131rladaq ki, ifrat t\u0259hl\u00fck\u0259li hava \u015f\u0259raiti il\u0259 ba\u011fl\u0131 m\u0259kt\u0259bl\u0259rtd\u0259 iki g\u00fcn t\u0259til edilm\u0259sinin q\u0131\u015f t\u0259tilinin m\u00fcdd\u0259tin\u0259 he\u00e7 bir aidiyy\u0259ti yoxdur.<\/p>\n","protected":false},"author":2,"featured_media":34010,"comment_status":"closed","ping_status":"closed","sticky":false,"template":"","format":"standard","meta":{"om_disable_all_campaigns":false,"_monsterinsights_skip_tracking":false,"_monsterinsights_sitenote_active":false,"_monsterinsights_sitenote_note":"","_monsterinsights_sitenote_category":0},"categories":[1],"tags":[],"aioseo_notices":[],"gutentor_comment":0,"rttpg_featured_image_url":{"full":["https:\/\/arantv.az\/wp-content\/uploads\/2019\/01\/photo-3.jpg",620,397,false],"landscape":["https:\/\/arantv.az\/wp-content\/uploads\/2019\/01\/photo-3.jpg",620,397,false],"portraits":["https:\/\/arantv.az\/wp-content\/uploads\/2019\/01\/photo-3.jpg",620,397,false],"thumbnail":["https:\/\/arantv.az\/wp-content\/uploads\/2019\/01\/photo-3-150x150.jpg",150,150,true],"medium":["https:\/\/arantv.az\/wp-content\/uploads\/2019\/01\/photo-3-300x192.jpg",300,192,true],"large":["https:\/\/arantv.az\/wp-content\/uploads\/2019\/01\/photo-3.jpg",620,397,false],"1536x1536":["https:\/\/arantv.az\/wp-content\/uploads\/2019\/01\/photo-3.jpg",620,397,false],"2048x2048":["https:\/\/arantv.az\/wp-content\/uploads\/2019\/01\/photo-3.jpg",620,397,false],"post-thumbnail":["https:\/\/arantv.az\/wp-content\/uploads\/2019\/01\/photo-3-240x172.jpg",240,172,true],"advps-thumb-one":["https:\/\/arantv.az\/wp-content\/uploads\/2019\/01\/photo-3.jpg",620,397,false]},"rttpg_author":{"display_name":"V\u00fcsal Rafiqo\u011flu","author_link":"https:\/\/arantv.az\/?author=2"},"rttpg_comment":0,"rttpg_category":"<a href=\"https:\/\/arantv.az\/?cat=1\" rel=\"category\">C\u0259miyy\u0259t<\/a>","rttpg_excerpt":"Bu h\u0259ft\u0259 Az\u0259rbaycan\u0131n orta\u00a0m\u0259kt\u0259bl\u0259rind\u0259 be\u015f g\u00fcnl\u00fck q\u0131\u015f t\u0259tili ba\u015flay\u0131r. ARANTV.AZ-\u0131n m\u0259lumat\u0131na g\u00f6r\u0259, 2018-2019-cu d\u0259rs ilinin\u00a0q\u0131\u015f t\u0259tili yanvar\u0131n 27-d\u0259 ba\u015flay\u0131b 31-d\u0259 ba\u015fa \u00e7atacaq. Ba\u015fqa s\u00f6zl\u0259 des\u0259k, d\u0259rsl\u0259r fevral\u0131n 1-d\u0259 ba\u015flayacaq. \u0130btidai sinifl\u0259r \u00fc\u00e7\u00fcn be\u015f g\u00fcnl\u00fck \u0259lav\u0259 yaz t\u0259tili is\u0259 1-5 may tarixl\u0259rini \u0259hat\u0259 ed\u0259c\u0259k. Xat\u0131rladaq ki, ifrat t\u0259hl\u00fck\u0259li hava \u015f\u0259raiti il\u0259 ba\u011fl\u0131 m\u0259kt\u0259bl\u0259rtd\u0259 iki g\u00fcn t\u0259til&hellip;","_links":{"self":[{"href":"https:\/\/arantv.az\/index.php?rest_route=\/wp\/v2\/posts\/34009"}],"collection":[{"href":"https:\/\/arantv.az\/index.php?rest_route=\/wp\/v2\/posts"}],"about":[{"href":"https:\/\/arantv.az\/index.php?rest_route=\/wp\/v2\/types\/post"}],"author":[{"embeddable":true,"href":"https:\/\/arantv.az\/index.php?rest_route=\/wp\/v2\/users\/2"}],"replies":[{"embeddable":true,"href":"https:\/\/arantv.az\/index.php?rest_route=%2Fwp%2Fv2%2Fcomments&post=34009"}],"version-history":[{"count":0,"href":"https:\/\/arantv.az\/index.php?rest_route=\/wp\/v2\/posts\/34009\/revisions"}],"wp:featuredmedia":[{"embeddable":true,"href":"https:\/\/arantv.az\/index.php?rest_route=\/wp\/v2\/media\/34010"}],"wp:attachment":[{"href":"https:\/\/arantv.az\/index.php?rest_route=%2Fwp%2Fv2%2Fmedia&parent=34009"}],"wp:term":[{"taxonomy":"category","embeddable":true,"href":"https:\/\/arantv.az\/index.php?rest_route=%2Fwp%2Fv2%2Fcategories&post=34009"},{"taxonomy":"post_tag","embeddable":true,"href":"https:\/\/arantv.az\/index.php?rest_route=%2Fwp%2Fv2%2Ftags&post=34009"}],"curies":[{"name":"wp","href":"https:\/\/api.w.org\/{rel}","templated":true}]}}