{"id":340289,"date":"2021-05-25T11:03:02","date_gmt":"2021-05-25T08:03:02","guid":{"rendered":"http:\/\/arantv.az\/?p=340289"},"modified":"2021-05-25T11:03:02","modified_gmt":"2021-05-25T08:03:02","slug":"deputatdan-t%c9%99klif-az%c9%99rbaycanda-analar-gunu-t%c9%99sis-edilsin","status":"publish","type":"post","link":"https:\/\/arantv.az\/?p=340289","title":{"rendered":"Deputatdan t\u0259klif: \u201cAz\u0259rbaycanda \u201cAnalar G\u00fcn\u00fc\u201d t\u0259sis edilsin\u201d"},"content":{"rendered":"<p>Milli M\u0259clisin iclas\u0131nda deputat M\u0259lah\u0259t \u0130brahimq\u0131z\u0131 Az\u0259rbaycanda \u201cAnalar G\u00fcn\u00fc\u201dn\u00fcn t\u0259sis edilm\u0259si haqq\u0131nda\u00a0t\u0259klifl\u0259 \u00e7\u0131x\u0131\u015f edib.<\/p>\n<p><strong>ARANTV.AZ<\/strong>-\u0131n m\u0259lumat\u0131na g\u00f6r\u0259, M.\u0130brahimq\u0131z\u0131\u00a0qarda\u015f T\u00fcrkiy\u0259d\u0259 oldu\u011fu kimi, Az\u0259rbaycanda da milli v\u0259 ayr\u0131ca \u201cAnalar G\u00fcn\u00fc\u201dn\u00fcn qeyd olunmas\u0131n\u0131 t\u0259klif edib.<\/p>\n<p>\u201cAz\u0259rbaycanda da qeyd olunan 8 Mart Beyn\u0259lxalq Qad\u0131nlar G\u00fcn\u00fc daha \u00e7ox siyasi xarakterli v\u0259 insan h\u00fcquqlar\u0131 il\u0259 ba\u011fl\u0131 m\u0259s\u0259l\u0259dir. Amma hesab edir\u0259m ki, Az\u0259rbaycanda ayr\u0131ca \u201cAnalar G\u00fcn\u00fc\u201d qeyd olunmal\u0131d\u0131r. \u00c7\u00fcnki \u201cana v\u0259t\u0259n\u201d, \u201cana torpaq\u201d deyirik. Odur ki, milli \u201cAnalar G\u00fcn\u00fc\u201dm\u00fcz olmal\u0131d\u0131r\u201d, &#8211; dey\u0259\u00a0mill\u0259t v\u0259kili \u0259lav\u0259 edib.<\/p>\n","protected":false},"excerpt":{"rendered":"<p>Milli M\u0259clisin iclas\u0131nda deputat M\u0259lah\u0259t \u0130brahimq\u0131z\u0131 Az\u0259rbaycanda \u201cAnalar G\u00fcn\u00fc\u201dn\u00fcn t\u0259sis edilm\u0259si haqq\u0131nda\u00a0t\u0259klifl\u0259 \u00e7\u0131x\u0131\u015f edib. ARANTV.AZ-\u0131n m\u0259lumat\u0131na g\u00f6r\u0259, M.\u0130brahimq\u0131z\u0131\u00a0qarda\u015f T\u00fcrkiy\u0259d\u0259 oldu\u011fu kimi, Az\u0259rbaycanda da milli v\u0259 ayr\u0131ca \u201cAnalar G\u00fcn\u00fc\u201dn\u00fcn qeyd olunmas\u0131n\u0131 t\u0259klif edib. \u201cAz\u0259rbaycanda da qeyd olunan 8 Mart Beyn\u0259lxalq Qad\u0131nlar G\u00fcn\u00fc daha \u00e7ox siyasi xarakterli v\u0259 insan h\u00fcquqlar\u0131 il\u0259 ba\u011fl\u0131 m\u0259s\u0259l\u0259dir. Amma hesab edir\u0259m ki, Az\u0259rbaycanda ayr\u0131ca \u201cAnalar G\u00fcn\u00fc\u201d qeyd olunmal\u0131d\u0131r. \u00c7\u00fcnki \u201cana v\u0259t\u0259n\u201d, \u201cana torpaq\u201d deyirik. Odur ki, milli \u201cAnalar G\u00fcn\u00fc\u201dm\u00fcz olmal\u0131d\u0131r\u201d, &#8211; dey\u0259\u00a0mill\u0259t v\u0259kili \u0259lav\u0259 edib.<\/p>\n","protected":false},"author":2,"featured_media":340290,"comment_status":"closed","ping_status":"closed","sticky":false,"template":"","format":"standard","meta":{"om_disable_all_campaigns":false,"_monsterinsights_skip_tracking":false,"_monsterinsights_sitenote_active":false,"_monsterinsights_sitenote_note":"","_monsterinsights_sitenote_category":0},"categories":[26],"tags":[],"aioseo_notices":[],"gutentor_comment":0,"rttpg_featured_image_url":{"full":["https:\/\/arantv.az\/wp-content\/uploads\/2021\/05\/dx.jpg",581,465,false],"landscape":["https:\/\/arantv.az\/wp-content\/uploads\/2021\/05\/dx.jpg",581,465,false],"portraits":["https:\/\/arantv.az\/wp-content\/uploads\/2021\/05\/dx.jpg",581,465,false],"thumbnail":["https:\/\/arantv.az\/wp-content\/uploads\/2021\/05\/dx-500x280.jpg",500,280,true],"medium":["https:\/\/arantv.az\/wp-content\/uploads\/2021\/05\/dx-456x365.jpg",456,365,true],"large":["https:\/\/arantv.az\/wp-content\/uploads\/2021\/05\/dx.jpg",581,465,false],"1536x1536":["https:\/\/arantv.az\/wp-content\/uploads\/2021\/05\/dx.jpg",581,465,false],"2048x2048":["https:\/\/arantv.az\/wp-content\/uploads\/2021\/05\/dx.jpg",581,465,false],"post-thumbnail":["https:\/\/arantv.az\/wp-content\/uploads\/2021\/05\/dx-240x172.jpg",240,172,true],"advps-thumb-one":["https:\/\/arantv.az\/wp-content\/uploads\/2021\/05\/dx.jpg",581,465,false]},"rttpg_author":{"display_name":"V\u00fcsal Rafiqo\u011flu","author_link":"https:\/\/arantv.az\/?author=2"},"rttpg_comment":0,"rttpg_category":"<a href=\"https:\/\/arantv.az\/?cat=26\" rel=\"category\">Sosial<\/a>","rttpg_excerpt":"Milli M\u0259clisin iclas\u0131nda deputat M\u0259lah\u0259t \u0130brahimq\u0131z\u0131 Az\u0259rbaycanda \u201cAnalar G\u00fcn\u00fc\u201dn\u00fcn t\u0259sis edilm\u0259si haqq\u0131nda\u00a0t\u0259klifl\u0259 \u00e7\u0131x\u0131\u015f edib. ARANTV.AZ-\u0131n m\u0259lumat\u0131na g\u00f6r\u0259, M.\u0130brahimq\u0131z\u0131\u00a0qarda\u015f T\u00fcrkiy\u0259d\u0259 oldu\u011fu kimi, Az\u0259rbaycanda da milli v\u0259 ayr\u0131ca \u201cAnalar G\u00fcn\u00fc\u201dn\u00fcn qeyd olunmas\u0131n\u0131 t\u0259klif edib. \u201cAz\u0259rbaycanda da qeyd olunan 8 Mart Beyn\u0259lxalq Qad\u0131nlar G\u00fcn\u00fc daha \u00e7ox siyasi xarakterli v\u0259 insan h\u00fcquqlar\u0131 il\u0259 ba\u011fl\u0131 m\u0259s\u0259l\u0259dir. Amma hesab edir\u0259m ki,&hellip;","_links":{"self":[{"href":"https:\/\/arantv.az\/index.php?rest_route=\/wp\/v2\/posts\/340289"}],"collection":[{"href":"https:\/\/arantv.az\/index.php?rest_route=\/wp\/v2\/posts"}],"about":[{"href":"https:\/\/arantv.az\/index.php?rest_route=\/wp\/v2\/types\/post"}],"author":[{"embeddable":true,"href":"https:\/\/arantv.az\/index.php?rest_route=\/wp\/v2\/users\/2"}],"replies":[{"embeddable":true,"href":"https:\/\/arantv.az\/index.php?rest_route=%2Fwp%2Fv2%2Fcomments&post=340289"}],"version-history":[{"count":0,"href":"https:\/\/arantv.az\/index.php?rest_route=\/wp\/v2\/posts\/340289\/revisions"}],"wp:featuredmedia":[{"embeddable":true,"href":"https:\/\/arantv.az\/index.php?rest_route=\/wp\/v2\/media\/340290"}],"wp:attachment":[{"href":"https:\/\/arantv.az\/index.php?rest_route=%2Fwp%2Fv2%2Fmedia&parent=340289"}],"wp:term":[{"taxonomy":"category","embeddable":true,"href":"https:\/\/arantv.az\/index.php?rest_route=%2Fwp%2Fv2%2Fcategories&post=340289"},{"taxonomy":"post_tag","embeddable":true,"href":"https:\/\/arantv.az\/index.php?rest_route=%2Fwp%2Fv2%2Ftags&post=340289"}],"curies":[{"name":"wp","href":"https:\/\/api.w.org\/{rel}","templated":true}]}}