{"id":340637,"date":"2021-05-26T09:21:03","date_gmt":"2021-05-26T06:21:03","guid":{"rendered":"http:\/\/arantv.az\/?p=340637"},"modified":"2021-05-26T09:21:03","modified_gmt":"2021-05-26T06:21:03","slug":"%c9%99lb%c9%99yaxa-doyusd%c9%99-onlarla-erm%c9%99ni-h%c9%99rbcisini-m%c9%99hv-edib-video","status":"publish","type":"post","link":"https:\/\/arantv.az\/?p=340637","title":{"rendered":"\u018flb\u0259yaxa d\u00f6y\u00fc\u015fd\u0259 onlarla erm\u0259ni h\u0259rb\u00e7isini m\u0259hv edib &#8211; V\u0130DEO"},"content":{"rendered":"<p><strong>Orduya ged\u0259nd\u0259 &#8220;Qaraba\u011f\u0131 azad ed\u0259c\u0259yik&#8221; demi\u015fdi, 20 g\u00fcn gec\u0259-g\u00fcnd\u00fcz m\u0259nfur d\u00fc\u015fm\u0259n\u0259 qar\u015f\u0131 igidlikl\u0259 d\u00f6y\u00fc\u015fd\u00fc v\u0259 Qaraba\u011f azad oldu.<\/strong><\/p>\n<p><strong>ARANTV.AZ<\/strong>\u00a0 xezerxeber.az-a istinad\u0259n bildirir ki, s\u00f6hb\u0259t c\u0259lilabadl\u0131 igid k\u0259\u015ffiyyat\u00e7\u0131, x\u00fcsusi t\u0259yinatl\u0131lar\u0131n giziri M\u0259d\u0259t Xanki\u015fiyevd\u0259n gedir.<\/p>\n<p>Orta m\u0259kt\u0259bi bitirdikd\u0259n sonra M\u0259d\u0259t ordu s\u0131ralar\u0131na yollan\u0131b. C\u0259sar\u0259ti v\u0259 c\u00fcss\u0259li duru\u015fu il\u0259 ilk bax\u0131\u015fdan diqq\u0259ti \u00e7\u0259k\u0259n M\u0259d\u0259t k\u0259\u015ffiyyat taboruna c\u0259lb edilib.<\/p>\n<p>H\u0259rbi xidm\u0259tini ba\u015fa vuran M\u0259d\u0259t Xanki\u015fiyev V\u0259t\u0259n\u0259 xidm\u0259tini orduda qalaraq k\u0259\u015ffiyyat\u00e7\u0131 kimi davam etdirib. Sonra daha pe\u015f\u0259kar h\u0259rb\u00e7i olmaq \u00fc\u00e7\u00fcn k\u0259\u015ffiyyat kurslar\u0131na qat\u0131l\u0131b. V\u0259t\u0259n m\u00fcharib\u0259sind\u0259 X\u00fcsusi T\u0259ynatl\u0131 Q\u00fcvv\u0259l\u0259rin k\u0259\u015ffiyyat taborunda gizir kimi i\u015ftirak edib.<\/p>\n<p>M\u0259d\u0259t Xanki\u015fiyev V\u0259t\u0259n m\u00fcharib\u0259sin\u0259 27 sentyabrda K\u0259lb\u0259c\u0259r istiqam\u0259tind\u0259n ba\u015flay\u0131b. C\u0259bray\u0131l, F\u00fczuli v\u0259 Xoc\u0259v\u0259nd istiqam\u0259tind\u0259 ged\u0259n \u015fidd\u0259tli d\u00f6y\u00fc\u015fl\u0259rd\u0259 \u015f\u00fcca\u0259tl\u0259 d\u00f6y\u00fc\u015f\u00fcb. D\u00fc\u015fm\u0259nin bir ne\u00e7\u0259 canl\u0131 q\u00fcvv\u0259sini m\u0259hv ed\u0259n q\u0259hr\u0259man gizir oktyabr\u0131n 15-d\u0259 Xoc\u0259v\u0259ndin Tu\u011f k\u0259ndi istiqam\u0259tind\u0259 yerl\u0259\u015f\u0259n y\u00fcks\u0259klik u\u011frunda ged\u0259n \u0259lb\u0259yaxa d\u00f6y\u00fc\u015fd\u0259 bir d\u00fc\u015fm\u0259n zabitini v\u0259 onlarla \u0259sg\u0259rini m\u0259hv edib. \u00d6z\u00fc is\u0259 ba\u015f\u0131ndan ald\u0131\u011f\u0131 g\u00fcll\u0259 yaras\u0131ndan \u015f\u0259hid olub.<\/p>\n<p>M\u0259d\u0259t Xanki\u015fiyev \u00f6l\u00fcm\u00fcnd\u0259n sonra &#8220;Az\u0259rbaycan bayra\u011f\u0131&#8221; v\u0259 &#8220;R\u0259\u015fad\u0259t&#8221; ordenl\u0259ri, h\u0259m\u00e7inin &#8220;V\u0259t\u0259n m\u00fcharib\u0259si i\u015ftirak\u00e7\u0131s\u0131&#8221; medal\u0131 il\u0259 t\u0259ltif edilib.<\/p>\n<div class=\"article_text\">\n<p>M\u00f6vzu il\u0259 ba\u011fl\u0131 daha \u0259trafl\u0131 videomaterial\u0131 t\u0259qdim edirik:<\/p>\n<p>&nbsp;<\/p>\n<p><iframe loading=\"lazy\" src=\"https:\/\/daytube.az\/az\/embed\/107723\" width=\"670\" height=\"400\" frameborder=\"0\" allowfullscreen=\"allowfullscreen\" data-mce-fragment=\"1\"><\/iframe><\/p>\n<\/div>\n<div class=\"social-banner\"><\/div>\n","protected":false},"excerpt":{"rendered":"<p>Orduya ged\u0259nd\u0259 &#8220;Qaraba\u011f\u0131 azad ed\u0259c\u0259yik&#8221; demi\u015fdi, 20 g\u00fcn gec\u0259-g\u00fcnd\u00fcz m\u0259nfur d\u00fc\u015fm\u0259n\u0259 qar\u015f\u0131 igidlikl\u0259 d\u00f6y\u00fc\u015fd\u00fc v\u0259 Qaraba\u011f azad oldu. ARANTV.AZ\u00a0 xezerxeber.az-a istinad\u0259n bildirir ki, s\u00f6hb\u0259t c\u0259lilabadl\u0131 igid k\u0259\u015ffiyyat\u00e7\u0131, x\u00fcsusi t\u0259yinatl\u0131lar\u0131n giziri M\u0259d\u0259t Xanki\u015fiyevd\u0259n gedir. Orta m\u0259kt\u0259bi bitirdikd\u0259n sonra M\u0259d\u0259t ordu s\u0131ralar\u0131na yollan\u0131b. C\u0259sar\u0259ti v\u0259 c\u00fcss\u0259li duru\u015fu il\u0259 ilk bax\u0131\u015fdan diqq\u0259ti \u00e7\u0259k\u0259n M\u0259d\u0259t k\u0259\u015ffiyyat taboruna c\u0259lb edilib. H\u0259rbi xidm\u0259tini ba\u015fa vuran M\u0259d\u0259t Xanki\u015fiyev V\u0259t\u0259n\u0259 xidm\u0259tini orduda qalaraq k\u0259\u015ffiyyat\u00e7\u0131 kimi davam etdirib. Sonra daha pe\u015f\u0259kar h\u0259rb\u00e7i olmaq \u00fc\u00e7\u00fcn k\u0259\u015ffiyyat kurslar\u0131na qat\u0131l\u0131b. V\u0259t\u0259n m\u00fcharib\u0259sind\u0259 X\u00fcsusi T\u0259ynatl\u0131 Q\u00fcvv\u0259l\u0259rin k\u0259\u015ffiyyat taborunda gizir kimi i\u015ftirak edib. M\u0259d\u0259t&hellip;<\/p>\n","protected":false},"author":2,"featured_media":340638,"comment_status":"closed","ping_status":"closed","sticky":false,"template":"","format":"standard","meta":{"om_disable_all_campaigns":false,"_monsterinsights_skip_tracking":false,"_monsterinsights_sitenote_active":false,"_monsterinsights_sitenote_note":"","_monsterinsights_sitenote_category":0},"categories":[26],"tags":[],"aioseo_notices":[],"gutentor_comment":0,"rttpg_featured_image_url":{"full":["https:\/\/arantv.az\/wp-content\/uploads\/2021\/05\/951256.jpg",800,600,false],"landscape":["https:\/\/arantv.az\/wp-content\/uploads\/2021\/05\/951256.jpg",800,600,false],"portraits":["https:\/\/arantv.az\/wp-content\/uploads\/2021\/05\/951256.jpg",800,600,false],"thumbnail":["https:\/\/arantv.az\/wp-content\/uploads\/2021\/05\/951256-500x280.jpg",500,280,true],"medium":["https:\/\/arantv.az\/wp-content\/uploads\/2021\/05\/951256-487x365.jpg",487,365,true],"large":["https:\/\/arantv.az\/wp-content\/uploads\/2021\/05\/951256.jpg",640,480,false],"1536x1536":["https:\/\/arantv.az\/wp-content\/uploads\/2021\/05\/951256.jpg",800,600,false],"2048x2048":["https:\/\/arantv.az\/wp-content\/uploads\/2021\/05\/951256.jpg",800,600,false],"post-thumbnail":["https:\/\/arantv.az\/wp-content\/uploads\/2021\/05\/951256-240x172.jpg",240,172,true],"advps-thumb-one":["https:\/\/arantv.az\/wp-content\/uploads\/2021\/05\/951256.jpg",800,600,false]},"rttpg_author":{"display_name":"V\u00fcsal Rafiqo\u011flu","author_link":"https:\/\/arantv.az\/?author=2"},"rttpg_comment":0,"rttpg_category":"<a href=\"https:\/\/arantv.az\/?cat=26\" rel=\"category\">Sosial<\/a>","rttpg_excerpt":"Orduya ged\u0259nd\u0259 &#8220;Qaraba\u011f\u0131 azad ed\u0259c\u0259yik&#8221; demi\u015fdi, 20 g\u00fcn gec\u0259-g\u00fcnd\u00fcz m\u0259nfur d\u00fc\u015fm\u0259n\u0259 qar\u015f\u0131 igidlikl\u0259 d\u00f6y\u00fc\u015fd\u00fc v\u0259 Qaraba\u011f azad oldu. ARANTV.AZ\u00a0 xezerxeber.az-a istinad\u0259n bildirir ki, s\u00f6hb\u0259t c\u0259lilabadl\u0131 igid k\u0259\u015ffiyyat\u00e7\u0131, x\u00fcsusi t\u0259yinatl\u0131lar\u0131n giziri M\u0259d\u0259t Xanki\u015fiyevd\u0259n gedir. Orta m\u0259kt\u0259bi bitirdikd\u0259n sonra M\u0259d\u0259t ordu s\u0131ralar\u0131na yollan\u0131b. C\u0259sar\u0259ti v\u0259 c\u00fcss\u0259li duru\u015fu il\u0259 ilk bax\u0131\u015fdan diqq\u0259ti \u00e7\u0259k\u0259n M\u0259d\u0259t k\u0259\u015ffiyyat taboruna c\u0259lb edilib.&hellip;","_links":{"self":[{"href":"https:\/\/arantv.az\/index.php?rest_route=\/wp\/v2\/posts\/340637"}],"collection":[{"href":"https:\/\/arantv.az\/index.php?rest_route=\/wp\/v2\/posts"}],"about":[{"href":"https:\/\/arantv.az\/index.php?rest_route=\/wp\/v2\/types\/post"}],"author":[{"embeddable":true,"href":"https:\/\/arantv.az\/index.php?rest_route=\/wp\/v2\/users\/2"}],"replies":[{"embeddable":true,"href":"https:\/\/arantv.az\/index.php?rest_route=%2Fwp%2Fv2%2Fcomments&post=340637"}],"version-history":[{"count":0,"href":"https:\/\/arantv.az\/index.php?rest_route=\/wp\/v2\/posts\/340637\/revisions"}],"wp:featuredmedia":[{"embeddable":true,"href":"https:\/\/arantv.az\/index.php?rest_route=\/wp\/v2\/media\/340638"}],"wp:attachment":[{"href":"https:\/\/arantv.az\/index.php?rest_route=%2Fwp%2Fv2%2Fmedia&parent=340637"}],"wp:term":[{"taxonomy":"category","embeddable":true,"href":"https:\/\/arantv.az\/index.php?rest_route=%2Fwp%2Fv2%2Fcategories&post=340637"},{"taxonomy":"post_tag","embeddable":true,"href":"https:\/\/arantv.az\/index.php?rest_route=%2Fwp%2Fv2%2Ftags&post=340637"}],"curies":[{"name":"wp","href":"https:\/\/api.w.org\/{rel}","templated":true}]}}