{"id":340860,"date":"2021-05-26T14:33:56","date_gmt":"2021-05-26T11:33:56","guid":{"rendered":"http:\/\/arantv.az\/?p=340860"},"modified":"2021-05-26T14:33:56","modified_gmt":"2021-05-26T11:33:56","slug":"bu-gun-isd%c9%99n-cixarilan-xanim-m%c9%99murun-sok-s%c9%99s-yazisi-yayildi-video","status":"publish","type":"post","link":"https:\/\/arantv.az\/?p=340860","title":{"rendered":"Bu g\u00fcn i\u015fd\u0259n \u00e7\u0131xar\u0131lan XANIM M\u018fMURUN \u015eOK S\u018fS YAZISI YAYILDI &#8211; V\u0130DEO"},"content":{"rendered":"<p>C\u0259lilabad Rayon T\u0259hsil \u015e\u00f6b\u0259sinin (RT\u015e) m\u00fcdiri Q\u0259r\u0259nfil \u018fhm\u0259dova v\u0259zif\u0259sind\u0259n azad edilib.<\/p>\n<p><strong>ARANTV.AZ\u00a0<\/strong> Milli.Az-a istinadla bildirir ki, bununla ba\u011fl\u0131 m\u00fcvafiq \u0259mr imzalan\u0131b.<\/p>\n<div id=\"AdviadNativeVideo0\" class=\"AdviadNativeVideo\"><\/div>\n<p>O, daha \u0259vv\u0259l C\u0259lilabad \u015f\u0259h\u0259r 8 sayl\u0131 m\u0259kt\u0259b-liseyin direktoru v\u0259zif\u0259sind\u0259 \u00e7al\u0131\u015f\u0131b.<\/p>\n<p>Q\u0259r\u0259nfil \u018fhm\u0259dovan\u0131n sosial \u015f\u0259b\u0259k\u0259d\u0259 yay\u0131lan s\u0259s yaz\u0131s\u0131n\u0131 t\u0259qdim edirik:<\/p>\n<div class=\"embed-responsive embed-responsive-16by9\"><iframe loading=\"lazy\" id=\"nmqembedid\" class=\"embed-responsive-item\" title=\"video player\" src=\"https:\/\/izle.az\/embed\/SymxNTQwNzcxAQA~\" width=\"600\" height=\"340\" frameborder=\"0\" scrolling=\"no\" allowfullscreen=\"allowfullscreen\" data-mce-fragment=\"1\"><\/iframe><\/div>\n","protected":false},"excerpt":{"rendered":"<p>C\u0259lilabad Rayon T\u0259hsil \u015e\u00f6b\u0259sinin (RT\u015e) m\u00fcdiri Q\u0259r\u0259nfil \u018fhm\u0259dova v\u0259zif\u0259sind\u0259n azad edilib. ARANTV.AZ\u00a0 Milli.Az-a istinadla bildirir ki, bununla ba\u011fl\u0131 m\u00fcvafiq \u0259mr imzalan\u0131b. O, daha \u0259vv\u0259l C\u0259lilabad \u015f\u0259h\u0259r 8 sayl\u0131 m\u0259kt\u0259b-liseyin direktoru v\u0259zif\u0259sind\u0259 \u00e7al\u0131\u015f\u0131b. Q\u0259r\u0259nfil \u018fhm\u0259dovan\u0131n sosial \u015f\u0259b\u0259k\u0259d\u0259 yay\u0131lan s\u0259s yaz\u0131s\u0131n\u0131 t\u0259qdim edirik:<\/p>\n","protected":false},"author":2,"featured_media":340861,"comment_status":"closed","ping_status":"closed","sticky":false,"template":"","format":"standard","meta":{"om_disable_all_campaigns":false,"_monsterinsights_skip_tracking":false,"_monsterinsights_sitenote_active":false,"_monsterinsights_sitenote_note":"","_monsterinsights_sitenote_category":0},"categories":[26],"tags":[],"aioseo_notices":[],"gutentor_comment":0,"rttpg_featured_image_url":{"full":["https:\/\/arantv.az\/wp-content\/uploads\/2021\/05\/xanim_31622023515.jpg",649,487,false],"landscape":["https:\/\/arantv.az\/wp-content\/uploads\/2021\/05\/xanim_31622023515.jpg",649,487,false],"portraits":["https:\/\/arantv.az\/wp-content\/uploads\/2021\/05\/xanim_31622023515.jpg",649,487,false],"thumbnail":["https:\/\/arantv.az\/wp-content\/uploads\/2021\/05\/xanim_31622023515-500x280.jpg",500,280,true],"medium":["https:\/\/arantv.az\/wp-content\/uploads\/2021\/05\/xanim_31622023515-486x365.jpg",486,365,true],"large":["https:\/\/arantv.az\/wp-content\/uploads\/2021\/05\/xanim_31622023515.jpg",640,480,false],"1536x1536":["https:\/\/arantv.az\/wp-content\/uploads\/2021\/05\/xanim_31622023515.jpg",649,487,false],"2048x2048":["https:\/\/arantv.az\/wp-content\/uploads\/2021\/05\/xanim_31622023515.jpg",649,487,false],"post-thumbnail":["https:\/\/arantv.az\/wp-content\/uploads\/2021\/05\/xanim_31622023515-240x172.jpg",240,172,true],"advps-thumb-one":["https:\/\/arantv.az\/wp-content\/uploads\/2021\/05\/xanim_31622023515.jpg",649,487,false]},"rttpg_author":{"display_name":"V\u00fcsal Rafiqo\u011flu","author_link":"https:\/\/arantv.az\/?author=2"},"rttpg_comment":0,"rttpg_category":"<a href=\"https:\/\/arantv.az\/?cat=26\" rel=\"category\">Sosial<\/a>","rttpg_excerpt":"C\u0259lilabad Rayon T\u0259hsil \u015e\u00f6b\u0259sinin (RT\u015e) m\u00fcdiri Q\u0259r\u0259nfil \u018fhm\u0259dova v\u0259zif\u0259sind\u0259n azad edilib. ARANTV.AZ\u00a0 Milli.Az-a istinadla bildirir ki, bununla ba\u011fl\u0131 m\u00fcvafiq \u0259mr imzalan\u0131b. O, daha \u0259vv\u0259l C\u0259lilabad \u015f\u0259h\u0259r 8 sayl\u0131 m\u0259kt\u0259b-liseyin direktoru v\u0259zif\u0259sind\u0259 \u00e7al\u0131\u015f\u0131b. Q\u0259r\u0259nfil \u018fhm\u0259dovan\u0131n sosial \u015f\u0259b\u0259k\u0259d\u0259 yay\u0131lan s\u0259s yaz\u0131s\u0131n\u0131 t\u0259qdim edirik:","_links":{"self":[{"href":"https:\/\/arantv.az\/index.php?rest_route=\/wp\/v2\/posts\/340860"}],"collection":[{"href":"https:\/\/arantv.az\/index.php?rest_route=\/wp\/v2\/posts"}],"about":[{"href":"https:\/\/arantv.az\/index.php?rest_route=\/wp\/v2\/types\/post"}],"author":[{"embeddable":true,"href":"https:\/\/arantv.az\/index.php?rest_route=\/wp\/v2\/users\/2"}],"replies":[{"embeddable":true,"href":"https:\/\/arantv.az\/index.php?rest_route=%2Fwp%2Fv2%2Fcomments&post=340860"}],"version-history":[{"count":0,"href":"https:\/\/arantv.az\/index.php?rest_route=\/wp\/v2\/posts\/340860\/revisions"}],"wp:featuredmedia":[{"embeddable":true,"href":"https:\/\/arantv.az\/index.php?rest_route=\/wp\/v2\/media\/340861"}],"wp:attachment":[{"href":"https:\/\/arantv.az\/index.php?rest_route=%2Fwp%2Fv2%2Fmedia&parent=340860"}],"wp:term":[{"taxonomy":"category","embeddable":true,"href":"https:\/\/arantv.az\/index.php?rest_route=%2Fwp%2Fv2%2Fcategories&post=340860"},{"taxonomy":"post_tag","embeddable":true,"href":"https:\/\/arantv.az\/index.php?rest_route=%2Fwp%2Fv2%2Ftags&post=340860"}],"curies":[{"name":"wp","href":"https:\/\/api.w.org\/{rel}","templated":true}]}}