{"id":340872,"date":"2021-05-26T14:39:37","date_gmt":"2021-05-26T11:39:37","guid":{"rendered":"http:\/\/arantv.az\/?p=340872"},"modified":"2021-05-26T14:39:37","modified_gmt":"2021-05-26T11:39:37","slug":"metronun-acilmasi-tixaclarin-azalmasina-s%c9%99b%c9%99b-ola-bil%c9%99r-aciqlama","status":"publish","type":"post","link":"https:\/\/arantv.az\/?p=340872","title":{"rendered":"Metronun a\u00e7\u0131lmas\u0131 t\u0131xaclar\u0131n azalmas\u0131na s\u0259b\u0259b ola bil\u0259r? &#8211; A\u00c7IQLAMA"},"content":{"rendered":"<p><strong>Bak\u0131 Metropolitenind\u0259 s\u0259rni\u015finda\u015f\u0131man\u0131n b\u0259rpa olunmas\u0131 paytaxtda n\u0259qliyyatda s\u0131xl\u0131\u011f\u0131n azalmas\u0131na m\u00fc\u0259yy\u0259n d\u0259r\u0259c\u0259d\u0259 \u00f6z t\u0259sirini g\u00f6st\u0259r\u0259c\u0259k.<\/strong><\/p>\n<p><strong>ARANTV.AZ<\/strong> bildirir ki, bunu <a href=\"https:\/\/az.trend.az\/\" target=\"_blank\" rel=\"noopener\">Trend<\/a>-\u0259\u00a0n\u0259qliyyat m\u0259s\u0259l\u0259l\u0259ri \u00fczr\u0259 ekspert, h\u00fcquq\u015f\u00fcnas \u018fr\u015fad H\u00fcseynov deyib.<\/p>\n<p>\u018f.H\u00fcseynov bildirib ki, ilk n\u00f6vb\u0259d\u0259 metro stansiyalar\u0131n\u0131n oldu\u011fu istiqam\u0259tl\u0259rd\u0259 s\u0259rni\u015fin ax\u0131n\u0131 t\u0259nziml\u0259n\u0259c\u0259k:<\/p>\n<p>&#8220;Metronu \u0259v\u0259zl\u0259y\u0259n avtobuslar \u0259vv\u0259lki mar\u015frutlar\u0131na qay\u0131dacaqlar v\u0259 mar\u015frut x\u0259ttl\u0259rind\u0259 v\u0259ziyy\u0259t y\u00fcng\u00fcll\u0259\u015f\u0259c\u0259k. Ancaq n\u0259z\u0259r\u0259 almal\u0131y\u0131q ki, karantinl\u0259 ba\u011fl\u0131 bir s\u0131ra dig\u0259r m\u0259hdudiyy\u0259tl\u0259r d\u0259 yum\u015fald\u0131l\u0131r. T\u0259dris b\u0259rpa olunur, dini ibad\u0259t yerl\u0259ri, idman zallar\u0131 a\u00e7\u0131l\u0131r. B\u00fct\u00fcn bunlar o dem\u0259kdir ki, insanlar\u0131n aktivliyi d\u0259 artacaq. Ona g\u00f6r\u0259 d\u0259 metronun a\u00e7\u0131lmas\u0131n\u0131n t\u0131xaclar\u0131 aradan qald\u0131raca\u011f\u0131n\u0131 dem\u0259k olmaz. Sad\u0259c\u0259 m\u00fc\u0259yy\u0259n d\u0259r\u0259c\u0259d\u0259 v\u0259ziyy\u0259t yax\u015f\u0131la\u015facaq.Taksid\u0259n, f\u0259rdi avtomobill\u0259rd\u0259n istifad\u0259 ed\u0259nl\u0259rin say\u0131 m\u00fc\u0259yy\u0259n d\u0259r\u0259c\u0259d\u0259 azalacaq. Bunun n\u0259tic\u0259sind\u0259 b\u0259zi istiqam\u0259tl\u0259rd\u0259 n\u0259qliyyat s\u0131xl\u0131\u011f\u0131n\u0131n bir az azalmas\u0131 g\u00f6zl\u0259nil\u0259ndir, amma b\u00fct\u00f6vl\u00fckd\u0259 Bak\u0131n\u0131 t\u0131xaclardan azad etm\u0259y\u0259c\u0259k.<\/p>\n<p>Pandemiyadan \u0259vv\u0259lki d\u00f6vrl\u0259rd\u0259ki t\u0131xaclar yen\u0259 d\u0259 olacaq&#8221;.<\/p>\n","protected":false},"excerpt":{"rendered":"<p>Bak\u0131 Metropolitenind\u0259 s\u0259rni\u015finda\u015f\u0131man\u0131n b\u0259rpa olunmas\u0131 paytaxtda n\u0259qliyyatda s\u0131xl\u0131\u011f\u0131n azalmas\u0131na m\u00fc\u0259yy\u0259n d\u0259r\u0259c\u0259d\u0259 \u00f6z t\u0259sirini g\u00f6st\u0259r\u0259c\u0259k. ARANTV.AZ bildirir ki, bunu Trend-\u0259\u00a0n\u0259qliyyat m\u0259s\u0259l\u0259l\u0259ri \u00fczr\u0259 ekspert, h\u00fcquq\u015f\u00fcnas \u018fr\u015fad H\u00fcseynov deyib. \u018f.H\u00fcseynov bildirib ki, ilk n\u00f6vb\u0259d\u0259 metro stansiyalar\u0131n\u0131n oldu\u011fu istiqam\u0259tl\u0259rd\u0259 s\u0259rni\u015fin ax\u0131n\u0131 t\u0259nziml\u0259n\u0259c\u0259k: &#8220;Metronu \u0259v\u0259zl\u0259y\u0259n avtobuslar \u0259vv\u0259lki mar\u015frutlar\u0131na qay\u0131dacaqlar v\u0259 mar\u015frut x\u0259ttl\u0259rind\u0259 v\u0259ziyy\u0259t y\u00fcng\u00fcll\u0259\u015f\u0259c\u0259k. Ancaq n\u0259z\u0259r\u0259 almal\u0131y\u0131q ki, karantinl\u0259 ba\u011fl\u0131 bir s\u0131ra dig\u0259r m\u0259hdudiyy\u0259tl\u0259r d\u0259 yum\u015fald\u0131l\u0131r. T\u0259dris b\u0259rpa olunur, dini ibad\u0259t yerl\u0259ri, idman zallar\u0131 a\u00e7\u0131l\u0131r. B\u00fct\u00fcn bunlar o dem\u0259kdir ki, insanlar\u0131n aktivliyi d\u0259 artacaq. Ona g\u00f6r\u0259 d\u0259 metronun a\u00e7\u0131lmas\u0131n\u0131n t\u0131xaclar\u0131 aradan qald\u0131raca\u011f\u0131n\u0131 dem\u0259k olmaz. Sad\u0259c\u0259&hellip;<\/p>\n","protected":false},"author":2,"featured_media":340873,"comment_status":"closed","ping_status":"closed","sticky":false,"template":"","format":"standard","meta":{"om_disable_all_campaigns":false,"_monsterinsights_skip_tracking":false,"_monsterinsights_sitenote_active":false,"_monsterinsights_sitenote_note":"","_monsterinsights_sitenote_category":0},"categories":[26],"tags":[],"aioseo_notices":[],"gutentor_comment":0,"rttpg_featured_image_url":{"full":["https:\/\/arantv.az\/wp-content\/uploads\/2021\/05\/951418.jpg",800,600,false],"landscape":["https:\/\/arantv.az\/wp-content\/uploads\/2021\/05\/951418.jpg",800,600,false],"portraits":["https:\/\/arantv.az\/wp-content\/uploads\/2021\/05\/951418.jpg",800,600,false],"thumbnail":["https:\/\/arantv.az\/wp-content\/uploads\/2021\/05\/951418-500x280.jpg",500,280,true],"medium":["https:\/\/arantv.az\/wp-content\/uploads\/2021\/05\/951418-487x365.jpg",487,365,true],"large":["https:\/\/arantv.az\/wp-content\/uploads\/2021\/05\/951418.jpg",640,480,false],"1536x1536":["https:\/\/arantv.az\/wp-content\/uploads\/2021\/05\/951418.jpg",800,600,false],"2048x2048":["https:\/\/arantv.az\/wp-content\/uploads\/2021\/05\/951418.jpg",800,600,false],"post-thumbnail":["https:\/\/arantv.az\/wp-content\/uploads\/2021\/05\/951418-240x172.jpg",240,172,true],"advps-thumb-one":["https:\/\/arantv.az\/wp-content\/uploads\/2021\/05\/951418.jpg",800,600,false]},"rttpg_author":{"display_name":"V\u00fcsal Rafiqo\u011flu","author_link":"https:\/\/arantv.az\/?author=2"},"rttpg_comment":0,"rttpg_category":"<a href=\"https:\/\/arantv.az\/?cat=26\" rel=\"category\">Sosial<\/a>","rttpg_excerpt":"Bak\u0131 Metropolitenind\u0259 s\u0259rni\u015finda\u015f\u0131man\u0131n b\u0259rpa olunmas\u0131 paytaxtda n\u0259qliyyatda s\u0131xl\u0131\u011f\u0131n azalmas\u0131na m\u00fc\u0259yy\u0259n d\u0259r\u0259c\u0259d\u0259 \u00f6z t\u0259sirini g\u00f6st\u0259r\u0259c\u0259k. ARANTV.AZ bildirir ki, bunu Trend-\u0259\u00a0n\u0259qliyyat m\u0259s\u0259l\u0259l\u0259ri \u00fczr\u0259 ekspert, h\u00fcquq\u015f\u00fcnas \u018fr\u015fad H\u00fcseynov deyib. \u018f.H\u00fcseynov bildirib ki, ilk n\u00f6vb\u0259d\u0259 metro stansiyalar\u0131n\u0131n oldu\u011fu istiqam\u0259tl\u0259rd\u0259 s\u0259rni\u015fin ax\u0131n\u0131 t\u0259nziml\u0259n\u0259c\u0259k: &#8220;Metronu \u0259v\u0259zl\u0259y\u0259n avtobuslar \u0259vv\u0259lki mar\u015frutlar\u0131na qay\u0131dacaqlar v\u0259 mar\u015frut x\u0259ttl\u0259rind\u0259 v\u0259ziyy\u0259t y\u00fcng\u00fcll\u0259\u015f\u0259c\u0259k. Ancaq n\u0259z\u0259r\u0259 almal\u0131y\u0131q ki, karantinl\u0259 ba\u011fl\u0131&hellip;","_links":{"self":[{"href":"https:\/\/arantv.az\/index.php?rest_route=\/wp\/v2\/posts\/340872"}],"collection":[{"href":"https:\/\/arantv.az\/index.php?rest_route=\/wp\/v2\/posts"}],"about":[{"href":"https:\/\/arantv.az\/index.php?rest_route=\/wp\/v2\/types\/post"}],"author":[{"embeddable":true,"href":"https:\/\/arantv.az\/index.php?rest_route=\/wp\/v2\/users\/2"}],"replies":[{"embeddable":true,"href":"https:\/\/arantv.az\/index.php?rest_route=%2Fwp%2Fv2%2Fcomments&post=340872"}],"version-history":[{"count":0,"href":"https:\/\/arantv.az\/index.php?rest_route=\/wp\/v2\/posts\/340872\/revisions"}],"wp:featuredmedia":[{"embeddable":true,"href":"https:\/\/arantv.az\/index.php?rest_route=\/wp\/v2\/media\/340873"}],"wp:attachment":[{"href":"https:\/\/arantv.az\/index.php?rest_route=%2Fwp%2Fv2%2Fmedia&parent=340872"}],"wp:term":[{"taxonomy":"category","embeddable":true,"href":"https:\/\/arantv.az\/index.php?rest_route=%2Fwp%2Fv2%2Fcategories&post=340872"},{"taxonomy":"post_tag","embeddable":true,"href":"https:\/\/arantv.az\/index.php?rest_route=%2Fwp%2Fv2%2Ftags&post=340872"}],"curies":[{"name":"wp","href":"https:\/\/api.w.org\/{rel}","templated":true}]}}