{"id":340875,"date":"2021-05-26T14:40:33","date_gmt":"2021-05-26T11:40:33","guid":{"rendered":"http:\/\/arantv.az\/?p=340875"},"modified":"2021-05-26T14:40:33","modified_gmt":"2021-05-26T11:40:33","slug":"gurcustanin-bas-naziri-g%c9%99l%c9%99n-ay-turkiy%c9%99y%c9%99-s%c9%99f%c9%99r-ed%c9%99c%c9%99k","status":"publish","type":"post","link":"https:\/\/arantv.az\/?p=340875","title":{"rendered":"G\u00fcrc\u00fcstan\u0131n Ba\u015f naziri g\u0259l\u0259n ay T\u00fcrkiy\u0259y\u0259 s\u0259f\u0259r ed\u0259c\u0259k"},"content":{"rendered":"<p>G\u00fcrc\u00fcstan\u0131n Ba\u015f naziri \u0130rakli Qariba\u015fvili T\u00fcrkiy\u0259y\u0259 s\u0259f\u0259r ed\u0259c\u0259k.<\/p>\n<p><strong>ARANTV.AZ<\/strong> APA-ya istinad\u0259n bildirir ki, iyunun 1-d\u0259 ba\u015f tutacaq s\u0259f\u0259r zaman\u0131 \u00f6lk\u0259l\u0259r aras\u0131nda ikit\u0259r\u0259fli \u0259laq\u0259l\u0259r, h\u0259m\u00e7inin regiondak\u0131 hadis\u0259l\u0259r\u0259 dair fikir m\u00fcbadil\u0259si apar\u0131lacaq.<\/p>\n","protected":false},"excerpt":{"rendered":"<p>G\u00fcrc\u00fcstan\u0131n Ba\u015f naziri \u0130rakli Qariba\u015fvili T\u00fcrkiy\u0259y\u0259 s\u0259f\u0259r ed\u0259c\u0259k. ARANTV.AZ APA-ya istinad\u0259n bildirir ki, iyunun 1-d\u0259 ba\u015f tutacaq s\u0259f\u0259r zaman\u0131 \u00f6lk\u0259l\u0259r aras\u0131nda ikit\u0259r\u0259fli \u0259laq\u0259l\u0259r, h\u0259m\u00e7inin regiondak\u0131 hadis\u0259l\u0259r\u0259 dair fikir m\u00fcbadil\u0259si apar\u0131lacaq.<\/p>\n","protected":false},"author":2,"featured_media":340876,"comment_status":"closed","ping_status":"closed","sticky":false,"template":"","format":"standard","meta":{"om_disable_all_campaigns":false,"_monsterinsights_skip_tracking":false,"_monsterinsights_sitenote_active":false,"_monsterinsights_sitenote_note":"","_monsterinsights_sitenote_category":0},"categories":[7],"tags":[],"aioseo_notices":[],"gutentor_comment":0,"rttpg_featured_image_url":{"full":["https:\/\/arantv.az\/wp-content\/uploads\/2021\/05\/951303.jpg",800,600,false],"landscape":["https:\/\/arantv.az\/wp-content\/uploads\/2021\/05\/951303.jpg",800,600,false],"portraits":["https:\/\/arantv.az\/wp-content\/uploads\/2021\/05\/951303.jpg",800,600,false],"thumbnail":["https:\/\/arantv.az\/wp-content\/uploads\/2021\/05\/951303-500x280.jpg",500,280,true],"medium":["https:\/\/arantv.az\/wp-content\/uploads\/2021\/05\/951303-487x365.jpg",487,365,true],"large":["https:\/\/arantv.az\/wp-content\/uploads\/2021\/05\/951303.jpg",640,480,false],"1536x1536":["https:\/\/arantv.az\/wp-content\/uploads\/2021\/05\/951303.jpg",800,600,false],"2048x2048":["https:\/\/arantv.az\/wp-content\/uploads\/2021\/05\/951303.jpg",800,600,false],"post-thumbnail":["https:\/\/arantv.az\/wp-content\/uploads\/2021\/05\/951303-240x172.jpg",240,172,true],"advps-thumb-one":["https:\/\/arantv.az\/wp-content\/uploads\/2021\/05\/951303.jpg",800,600,false]},"rttpg_author":{"display_name":"V\u00fcsal Rafiqo\u011flu","author_link":"https:\/\/arantv.az\/?author=2"},"rttpg_comment":0,"rttpg_category":"<a href=\"https:\/\/arantv.az\/?cat=7\" rel=\"category\">D\u00fcnya<\/a>","rttpg_excerpt":"G\u00fcrc\u00fcstan\u0131n Ba\u015f naziri \u0130rakli Qariba\u015fvili T\u00fcrkiy\u0259y\u0259 s\u0259f\u0259r ed\u0259c\u0259k. ARANTV.AZ APA-ya istinad\u0259n bildirir ki, iyunun 1-d\u0259 ba\u015f tutacaq s\u0259f\u0259r zaman\u0131 \u00f6lk\u0259l\u0259r aras\u0131nda ikit\u0259r\u0259fli \u0259laq\u0259l\u0259r, h\u0259m\u00e7inin regiondak\u0131 hadis\u0259l\u0259r\u0259 dair fikir m\u00fcbadil\u0259si apar\u0131lacaq.","_links":{"self":[{"href":"https:\/\/arantv.az\/index.php?rest_route=\/wp\/v2\/posts\/340875"}],"collection":[{"href":"https:\/\/arantv.az\/index.php?rest_route=\/wp\/v2\/posts"}],"about":[{"href":"https:\/\/arantv.az\/index.php?rest_route=\/wp\/v2\/types\/post"}],"author":[{"embeddable":true,"href":"https:\/\/arantv.az\/index.php?rest_route=\/wp\/v2\/users\/2"}],"replies":[{"embeddable":true,"href":"https:\/\/arantv.az\/index.php?rest_route=%2Fwp%2Fv2%2Fcomments&post=340875"}],"version-history":[{"count":0,"href":"https:\/\/arantv.az\/index.php?rest_route=\/wp\/v2\/posts\/340875\/revisions"}],"wp:featuredmedia":[{"embeddable":true,"href":"https:\/\/arantv.az\/index.php?rest_route=\/wp\/v2\/media\/340876"}],"wp:attachment":[{"href":"https:\/\/arantv.az\/index.php?rest_route=%2Fwp%2Fv2%2Fmedia&parent=340875"}],"wp:term":[{"taxonomy":"category","embeddable":true,"href":"https:\/\/arantv.az\/index.php?rest_route=%2Fwp%2Fv2%2Fcategories&post=340875"},{"taxonomy":"post_tag","embeddable":true,"href":"https:\/\/arantv.az\/index.php?rest_route=%2Fwp%2Fv2%2Ftags&post=340875"}],"curies":[{"name":"wp","href":"https:\/\/api.w.org\/{rel}","templated":true}]}}