{"id":340885,"date":"2021-05-26T17:34:21","date_gmt":"2021-05-26T14:34:21","guid":{"rendered":"https:\/\/arantv.az\/?p=340885"},"modified":"2021-05-26T17:34:21","modified_gmt":"2021-05-26T14:34:21","slug":"aygun-kazimova-sin%c9%99-dekolteli-geyimi-il%c9%99-alovlu-r%c9%99qs-etdi-video","status":"publish","type":"post","link":"https:\/\/arantv.az\/?p=340885","title":{"rendered":"Ayg\u00fcn Kaz\u0131mova sin\u0259 dekolteli geyimi il\u0259 \u201calovlu\u201d r\u0259qs etdi &#8211; V\u0130DEO"},"content":{"rendered":"<article class=\"news\">\n<div class=\"news-inner\">\n<p>Xalq artisti Ayg\u00fcn Kaz\u0131mova yeni payla\u015f\u0131m\u0131 il\u0259 diqq\u0259tl\u0259ri\u00a0\u00f6z\u00fcn\u0259 c\u0259lb edib.<\/p>\n<p>O, sin\u0259 dekolteli libas\u0131ndak\u0131 r\u0259qsi il\u0259 z\u00f6vql\u0259ri ox\u015fay\u0131b.<\/p>\n<div id=\"AdviadNativeVideo0\" class=\"AdviadNativeVideo\"><\/div>\n<p>Bel\u0259 ki, Xalq artistinin bu payla\u015f\u0131m\u0131na izl\u0259yicil\u0259rl\u0259 yana\u015f\u0131, bir \u00e7ox m\u0259\u015fhurlar da r\u0259y yaz\u0131b. Onlar Ayg\u00fcn Kaz\u0131movaya heyranl\u0131qlar\u0131n\u0131 ifad\u0259 edibl\u0259r.<\/p>\n<p>S\u00f6z\u00fcged\u0259n g\u00f6r\u00fcnt\u00fcl\u0259rini t\u0259qdim edirik:<\/p>\n<div><iframe loading=\"lazy\" src=\"https:\/\/player.baku.tv\/embed\/38690\" width=\"560\" height=\"315\" frameborder=\"0\" allowfullscreen=\"allowfullscreen\" data-mce-fragment=\"1\"><\/iframe><\/div>\n<\/div>\n<\/article>\n<h2 class=\"news-share-title\"><\/h2>\n","protected":false},"excerpt":{"rendered":"<p>Xalq artisti Ayg\u00fcn Kaz\u0131mova yeni payla\u015f\u0131m\u0131 il\u0259 diqq\u0259tl\u0259ri\u00a0\u00f6z\u00fcn\u0259 c\u0259lb edib. O, sin\u0259 dekolteli libas\u0131ndak\u0131 r\u0259qsi il\u0259 z\u00f6vql\u0259ri ox\u015fay\u0131b. Bel\u0259 ki, Xalq artistinin bu payla\u015f\u0131m\u0131na izl\u0259yicil\u0259rl\u0259 yana\u015f\u0131, bir \u00e7ox m\u0259\u015fhurlar da r\u0259y yaz\u0131b. Onlar Ayg\u00fcn Kaz\u0131movaya heyranl\u0131qlar\u0131n\u0131 ifad\u0259 edibl\u0259r. S\u00f6z\u00fcged\u0259n g\u00f6r\u00fcnt\u00fcl\u0259rini t\u0259qdim edirik:<\/p>\n","protected":false},"author":2,"featured_media":340886,"comment_status":"closed","ping_status":"closed","sticky":false,"template":"","format":"standard","meta":{"om_disable_all_campaigns":false,"_monsterinsights_skip_tracking":false,"_monsterinsights_sitenote_active":false,"_monsterinsights_sitenote_note":"","_monsterinsights_sitenote_category":0},"categories":[20],"tags":[],"aioseo_notices":[],"gutentor_comment":0,"rttpg_featured_image_url":{"full":["https:\/\/arantv.az\/wp-content\/uploads\/2021\/05\/0f15138f-2bbe-4622-938c-d3ead939f804.jpg",620,463,false],"landscape":["https:\/\/arantv.az\/wp-content\/uploads\/2021\/05\/0f15138f-2bbe-4622-938c-d3ead939f804.jpg",620,463,false],"portraits":["https:\/\/arantv.az\/wp-content\/uploads\/2021\/05\/0f15138f-2bbe-4622-938c-d3ead939f804.jpg",620,463,false],"thumbnail":["https:\/\/arantv.az\/wp-content\/uploads\/2021\/05\/0f15138f-2bbe-4622-938c-d3ead939f804-500x280.jpg",500,280,true],"medium":["https:\/\/arantv.az\/wp-content\/uploads\/2021\/05\/0f15138f-2bbe-4622-938c-d3ead939f804-489x365.jpg",489,365,true],"large":["https:\/\/arantv.az\/wp-content\/uploads\/2021\/05\/0f15138f-2bbe-4622-938c-d3ead939f804.jpg",620,463,false],"1536x1536":["https:\/\/arantv.az\/wp-content\/uploads\/2021\/05\/0f15138f-2bbe-4622-938c-d3ead939f804.jpg",620,463,false],"2048x2048":["https:\/\/arantv.az\/wp-content\/uploads\/2021\/05\/0f15138f-2bbe-4622-938c-d3ead939f804.jpg",620,463,false],"post-thumbnail":["https:\/\/arantv.az\/wp-content\/uploads\/2021\/05\/0f15138f-2bbe-4622-938c-d3ead939f804-240x172.jpg",240,172,true],"advps-thumb-one":["https:\/\/arantv.az\/wp-content\/uploads\/2021\/05\/0f15138f-2bbe-4622-938c-d3ead939f804.jpg",620,463,false]},"rttpg_author":{"display_name":"V\u00fcsal Rafiqo\u011flu","author_link":"https:\/\/arantv.az\/?author=2"},"rttpg_comment":0,"rttpg_category":"<a href=\"https:\/\/arantv.az\/?cat=20\" rel=\"category\">\u015eou biznes<\/a>","rttpg_excerpt":"Xalq artisti Ayg\u00fcn Kaz\u0131mova yeni payla\u015f\u0131m\u0131 il\u0259 diqq\u0259tl\u0259ri\u00a0\u00f6z\u00fcn\u0259 c\u0259lb edib. O, sin\u0259 dekolteli libas\u0131ndak\u0131 r\u0259qsi il\u0259 z\u00f6vql\u0259ri ox\u015fay\u0131b. Bel\u0259 ki, Xalq artistinin bu payla\u015f\u0131m\u0131na izl\u0259yicil\u0259rl\u0259 yana\u015f\u0131, bir \u00e7ox m\u0259\u015fhurlar da r\u0259y yaz\u0131b. Onlar Ayg\u00fcn Kaz\u0131movaya heyranl\u0131qlar\u0131n\u0131 ifad\u0259 edibl\u0259r. S\u00f6z\u00fcged\u0259n g\u00f6r\u00fcnt\u00fcl\u0259rini t\u0259qdim edirik:","_links":{"self":[{"href":"https:\/\/arantv.az\/index.php?rest_route=\/wp\/v2\/posts\/340885"}],"collection":[{"href":"https:\/\/arantv.az\/index.php?rest_route=\/wp\/v2\/posts"}],"about":[{"href":"https:\/\/arantv.az\/index.php?rest_route=\/wp\/v2\/types\/post"}],"author":[{"embeddable":true,"href":"https:\/\/arantv.az\/index.php?rest_route=\/wp\/v2\/users\/2"}],"replies":[{"embeddable":true,"href":"https:\/\/arantv.az\/index.php?rest_route=%2Fwp%2Fv2%2Fcomments&post=340885"}],"version-history":[{"count":0,"href":"https:\/\/arantv.az\/index.php?rest_route=\/wp\/v2\/posts\/340885\/revisions"}],"wp:featuredmedia":[{"embeddable":true,"href":"https:\/\/arantv.az\/index.php?rest_route=\/wp\/v2\/media\/340886"}],"wp:attachment":[{"href":"https:\/\/arantv.az\/index.php?rest_route=%2Fwp%2Fv2%2Fmedia&parent=340885"}],"wp:term":[{"taxonomy":"category","embeddable":true,"href":"https:\/\/arantv.az\/index.php?rest_route=%2Fwp%2Fv2%2Fcategories&post=340885"},{"taxonomy":"post_tag","embeddable":true,"href":"https:\/\/arantv.az\/index.php?rest_route=%2Fwp%2Fv2%2Ftags&post=340885"}],"curies":[{"name":"wp","href":"https:\/\/api.w.org\/{rel}","templated":true}]}}