{"id":340888,"date":"2021-05-26T17:35:39","date_gmt":"2021-05-26T14:35:39","guid":{"rendered":"https:\/\/arantv.az\/?p=340888"},"modified":"2021-05-26T17:35:39","modified_gmt":"2021-05-26T14:35:39","slug":"qapali-m%c9%99kanlarda-maska-m%c9%99cburidir-r%c9%99smi","status":"publish","type":"post","link":"https:\/\/arantv.az\/?p=340888","title":{"rendered":"Qapal\u0131 m\u0259kanlarda maska m\u0259cburidir &#8211; R\u018fSM\u0130"},"content":{"rendered":"<p>Bu g\u00fcn Ba\u015f nazir \u018fli \u018fs\u0259dov x\u00fcsusi karantin rejiminin m\u00fcdd\u0259tinin uzad\u0131lmas\u0131 v\u0259 b\u0259zi m\u0259hdudiyy\u0259tl\u0259rin aradan qald\u0131r\u0131lmas\u0131 il\u0259 ba\u011fl\u0131 t\u0259dbirl\u0259r bar\u0259d\u0259 q\u0259rar imzalay\u0131b.<\/p>\n<p>Bununla ba\u011fl\u0131 Nazirl\u0259r Kabineti m\u0259lumat yay\u0131b.<\/p>\n<div id=\"AdviadNativeVideo0\" class=\"AdviadNativeVideo\"><\/div>\n<p>Q\u0259rarla a\u00e7\u0131q havadak\u0131 ictimai yerl\u0259rd\u0259 t\u0259n\u0259ff\u00fcs yollar\u0131n\u0131 qoruyan f\u0259rdi vasit\u0259l\u0259rd\u0259n (tibbi maska, par\u00e7a maska, respirator v\u0259 s.) istifad\u0259 edilm\u0259si t\u0259l\u0259bi l\u0259\u011fv edilir.<\/p>\n<p>Qeyd ed\u0259k ki, qapal\u0131 m\u0259kanlarda maska taxmaq m\u0259cburiyy\u0259ti q\u00fcvv\u0259d\u0259 saxlan\u0131l\u0131b.<\/p>\n","protected":false},"excerpt":{"rendered":"<p>Bu g\u00fcn Ba\u015f nazir \u018fli \u018fs\u0259dov x\u00fcsusi karantin rejiminin m\u00fcdd\u0259tinin uzad\u0131lmas\u0131 v\u0259 b\u0259zi m\u0259hdudiyy\u0259tl\u0259rin aradan qald\u0131r\u0131lmas\u0131 il\u0259 ba\u011fl\u0131 t\u0259dbirl\u0259r bar\u0259d\u0259 q\u0259rar imzalay\u0131b. Bununla ba\u011fl\u0131 Nazirl\u0259r Kabineti m\u0259lumat yay\u0131b. Q\u0259rarla a\u00e7\u0131q havadak\u0131 ictimai yerl\u0259rd\u0259 t\u0259n\u0259ff\u00fcs yollar\u0131n\u0131 qoruyan f\u0259rdi vasit\u0259l\u0259rd\u0259n (tibbi maska, par\u00e7a maska, respirator v\u0259 s.) istifad\u0259 edilm\u0259si t\u0259l\u0259bi l\u0259\u011fv edilir. Qeyd ed\u0259k ki, qapal\u0131 m\u0259kanlarda maska taxmaq m\u0259cburiyy\u0259ti q\u00fcvv\u0259d\u0259 saxlan\u0131l\u0131b.<\/p>\n","protected":false},"author":2,"featured_media":340889,"comment_status":"closed","ping_status":"closed","sticky":false,"template":"","format":"standard","meta":{"om_disable_all_campaigns":false,"_monsterinsights_skip_tracking":false,"_monsterinsights_sitenote_active":false,"_monsterinsights_sitenote_note":"","_monsterinsights_sitenote_category":0},"categories":[26],"tags":[],"aioseo_notices":[],"gutentor_comment":0,"rttpg_featured_image_url":{"full":["https:\/\/arantv.az\/wp-content\/uploads\/2021\/05\/rian_6171125hr_ru_.jpg",620,349,false],"landscape":["https:\/\/arantv.az\/wp-content\/uploads\/2021\/05\/rian_6171125hr_ru_.jpg",620,349,false],"portraits":["https:\/\/arantv.az\/wp-content\/uploads\/2021\/05\/rian_6171125hr_ru_.jpg",620,349,false],"thumbnail":["https:\/\/arantv.az\/wp-content\/uploads\/2021\/05\/rian_6171125hr_ru_-500x280.jpg",500,280,true],"medium":["https:\/\/arantv.az\/wp-content\/uploads\/2021\/05\/rian_6171125hr_ru_.jpg",620,349,false],"large":["https:\/\/arantv.az\/wp-content\/uploads\/2021\/05\/rian_6171125hr_ru_.jpg",620,349,false],"1536x1536":["https:\/\/arantv.az\/wp-content\/uploads\/2021\/05\/rian_6171125hr_ru_.jpg",620,349,false],"2048x2048":["https:\/\/arantv.az\/wp-content\/uploads\/2021\/05\/rian_6171125hr_ru_.jpg",620,349,false],"post-thumbnail":["https:\/\/arantv.az\/wp-content\/uploads\/2021\/05\/rian_6171125hr_ru_-240x172.jpg",240,172,true],"advps-thumb-one":["https:\/\/arantv.az\/wp-content\/uploads\/2021\/05\/rian_6171125hr_ru_.jpg",620,349,false]},"rttpg_author":{"display_name":"V\u00fcsal Rafiqo\u011flu","author_link":"https:\/\/arantv.az\/?author=2"},"rttpg_comment":0,"rttpg_category":"<a href=\"https:\/\/arantv.az\/?cat=26\" rel=\"category\">Sosial<\/a>","rttpg_excerpt":"Bu g\u00fcn Ba\u015f nazir \u018fli \u018fs\u0259dov x\u00fcsusi karantin rejiminin m\u00fcdd\u0259tinin uzad\u0131lmas\u0131 v\u0259 b\u0259zi m\u0259hdudiyy\u0259tl\u0259rin aradan qald\u0131r\u0131lmas\u0131 il\u0259 ba\u011fl\u0131 t\u0259dbirl\u0259r bar\u0259d\u0259 q\u0259rar imzalay\u0131b. Bununla ba\u011fl\u0131 Nazirl\u0259r Kabineti m\u0259lumat yay\u0131b. Q\u0259rarla a\u00e7\u0131q havadak\u0131 ictimai yerl\u0259rd\u0259 t\u0259n\u0259ff\u00fcs yollar\u0131n\u0131 qoruyan f\u0259rdi vasit\u0259l\u0259rd\u0259n (tibbi maska, par\u00e7a maska, respirator v\u0259 s.) istifad\u0259 edilm\u0259si t\u0259l\u0259bi l\u0259\u011fv edilir. Qeyd ed\u0259k ki, qapal\u0131 m\u0259kanlarda&hellip;","_links":{"self":[{"href":"https:\/\/arantv.az\/index.php?rest_route=\/wp\/v2\/posts\/340888"}],"collection":[{"href":"https:\/\/arantv.az\/index.php?rest_route=\/wp\/v2\/posts"}],"about":[{"href":"https:\/\/arantv.az\/index.php?rest_route=\/wp\/v2\/types\/post"}],"author":[{"embeddable":true,"href":"https:\/\/arantv.az\/index.php?rest_route=\/wp\/v2\/users\/2"}],"replies":[{"embeddable":true,"href":"https:\/\/arantv.az\/index.php?rest_route=%2Fwp%2Fv2%2Fcomments&post=340888"}],"version-history":[{"count":0,"href":"https:\/\/arantv.az\/index.php?rest_route=\/wp\/v2\/posts\/340888\/revisions"}],"wp:featuredmedia":[{"embeddable":true,"href":"https:\/\/arantv.az\/index.php?rest_route=\/wp\/v2\/media\/340889"}],"wp:attachment":[{"href":"https:\/\/arantv.az\/index.php?rest_route=%2Fwp%2Fv2%2Fmedia&parent=340888"}],"wp:term":[{"taxonomy":"category","embeddable":true,"href":"https:\/\/arantv.az\/index.php?rest_route=%2Fwp%2Fv2%2Fcategories&post=340888"},{"taxonomy":"post_tag","embeddable":true,"href":"https:\/\/arantv.az\/index.php?rest_route=%2Fwp%2Fv2%2Ftags&post=340888"}],"curies":[{"name":"wp","href":"https:\/\/api.w.org\/{rel}","templated":true}]}}