{"id":340950,"date":"2021-05-26T18:15:30","date_gmt":"2021-05-26T15:15:30","guid":{"rendered":"https:\/\/arantv.az\/?p=340950"},"modified":"2021-05-26T18:15:30","modified_gmt":"2021-05-26T15:15:30","slug":"ceyhun-bayramov-avstriyali-h%c9%99mkari-il%c9%99-gorusub-foto","status":"publish","type":"post","link":"https:\/\/arantv.az\/?p=340950","title":{"rendered":"Ceyhun Bayramov avstriyal\u0131 h\u0259mkar\u0131 il\u0259 g\u00f6r\u00fc\u015f\u00fcb \u2013 FOTO"},"content":{"rendered":"<p>Az\u0259rbaycan\u0131n xarici i\u015fl\u0259r naziri Ceyhun Bayramov avstriyal\u0131 h\u0259mkar\u0131 Aleksander \u015eallenberq il\u0259 g\u00f6r\u00fc\u015f\u00fcb.<\/p>\n<p>Bu bar\u0259d\u0259 o, \u00f6z\u00fcn\u00fcn \u201cTwitter\u201d s\u0259hif\u0259sind\u0259 m\u0259lumat yay\u0131b.<\/p>\n<div id=\"AdviadNativeVideo0\" class=\"AdviadNativeVideo\"><\/div>\n<p>\u201cAvstriyan\u0131n xarici i\u015fl\u0259r naziri \u015eallenberq il\u0259 yax\u015f\u0131 g\u00f6r\u00fc\u015f ke\u00e7irdik. \u0130kit\u0259r\u0259fli iqtisadi \u0259laq\u0259l\u0259rin inki\u015faf\u0131, COVID pandemiyas\u0131na qar\u015f\u0131 birg\u0259 m\u00fcbariz\u0259 il\u0259 ba\u011fl\u0131 suallar\u0131n geni\u015f spektrini m\u00fczakir\u0259 etdik. Onu azad edilmi\u015f \u0259razil\u0259rd\u0259 m\u00fcnaqi\u015f\u0259sonras\u0131 v\u0259ziyy\u0259t, cari yenid\u0259nqurma v\u0259 b\u0259rpa layih\u0259l\u0259ri bar\u0259d\u0259 m\u0259lumatland\u0131rd\u0131q\u201d, &#8211; dey\u0259 C.Bayramov qeyd edib.<\/p>\n<div>\n<div class=\"twitter-tweet twitter-tweet-rendered\"><iframe id=\"twitter-widget-0\" class=\"\" title=\"Twitter Tweet\" src=\"https:\/\/platform.twitter.com\/embed\/Tweet.html?creatorScreenName=oxuaz&amp;dnt=false&amp;embedId=twitter-widget-0&amp;features=eyJ0ZndfZXhwZXJpbWVudHNfY29va2llX2V4cGlyYXRpb24iOnsiYnVja2V0IjoxMjA5NjAwLCJ2ZXJzaW9uIjpudWxsfSwidGZ3X2hvcml6b25fdHdlZXRfZW1iZWRfOTU1NSI6eyJidWNrZXQiOiJodGUiLCJ2ZXJzaW9uIjpudWxsfSwidGZ3X3R3ZWV0X2VtYmVkX2NsaWNrYWJpbGl0eV8xMjEwMiI6eyJidWNrZXQiOiJjb250cm9sIiwidmVyc2lvbiI6bnVsbH19&amp;frame=false&amp;hideCard=false&amp;hideThread=false&amp;id=1397556475652870147&amp;lang=en&amp;origin=https%3A%2F%2Foxu.az%2Fpolitics%2F497642&amp;sessionId=90d14216aa6bc995f619ac2e2b9f626549209256&amp;siteScreenName=oxuaz&amp;theme=light&amp;widgetsVersion=82e1070%3A1619632193066&amp;width=550px\" frameborder=\"0\" scrolling=\"no\" allowfullscreen=\"allowfullscreen\" data-tweet-id=\"1397556475652870147\" data-mce-fragment=\"1\"><\/iframe><\/div>\n<\/div>\n<p>&nbsp;<\/p>\n","protected":false},"excerpt":{"rendered":"<p>Az\u0259rbaycan\u0131n xarici i\u015fl\u0259r naziri Ceyhun Bayramov avstriyal\u0131 h\u0259mkar\u0131 Aleksander \u015eallenberq il\u0259 g\u00f6r\u00fc\u015f\u00fcb. Bu bar\u0259d\u0259 o, \u00f6z\u00fcn\u00fcn \u201cTwitter\u201d s\u0259hif\u0259sind\u0259 m\u0259lumat yay\u0131b. \u201cAvstriyan\u0131n xarici i\u015fl\u0259r naziri \u015eallenberq il\u0259 yax\u015f\u0131 g\u00f6r\u00fc\u015f ke\u00e7irdik. \u0130kit\u0259r\u0259fli iqtisadi \u0259laq\u0259l\u0259rin inki\u015faf\u0131, COVID pandemiyas\u0131na qar\u015f\u0131 birg\u0259 m\u00fcbariz\u0259 il\u0259 ba\u011fl\u0131 suallar\u0131n geni\u015f spektrini m\u00fczakir\u0259 etdik. Onu azad edilmi\u015f \u0259razil\u0259rd\u0259 m\u00fcnaqi\u015f\u0259sonras\u0131 v\u0259ziyy\u0259t, cari yenid\u0259nqurma v\u0259 b\u0259rpa layih\u0259l\u0259ri bar\u0259d\u0259 m\u0259lumatland\u0131rd\u0131q\u201d, &#8211; dey\u0259 C.Bayramov qeyd edib. &nbsp;<\/p>\n","protected":false},"author":2,"featured_media":340951,"comment_status":"closed","ping_status":"closed","sticky":false,"template":"","format":"standard","meta":{"om_disable_all_campaigns":false,"_monsterinsights_skip_tracking":false,"_monsterinsights_sitenote_active":false,"_monsterinsights_sitenote_note":"","_monsterinsights_sitenote_category":0},"categories":[4],"tags":[],"aioseo_notices":[],"gutentor_comment":0,"rttpg_featured_image_url":{"full":["https:\/\/arantv.az\/wp-content\/uploads\/2021\/05\/E2UeMZSXIAUJFVC.jpg",620,465,false],"landscape":["https:\/\/arantv.az\/wp-content\/uploads\/2021\/05\/E2UeMZSXIAUJFVC.jpg",620,465,false],"portraits":["https:\/\/arantv.az\/wp-content\/uploads\/2021\/05\/E2UeMZSXIAUJFVC.jpg",620,465,false],"thumbnail":["https:\/\/arantv.az\/wp-content\/uploads\/2021\/05\/E2UeMZSXIAUJFVC-500x280.jpg",500,280,true],"medium":["https:\/\/arantv.az\/wp-content\/uploads\/2021\/05\/E2UeMZSXIAUJFVC-487x365.jpg",487,365,true],"large":["https:\/\/arantv.az\/wp-content\/uploads\/2021\/05\/E2UeMZSXIAUJFVC.jpg",620,465,false],"1536x1536":["https:\/\/arantv.az\/wp-content\/uploads\/2021\/05\/E2UeMZSXIAUJFVC.jpg",620,465,false],"2048x2048":["https:\/\/arantv.az\/wp-content\/uploads\/2021\/05\/E2UeMZSXIAUJFVC.jpg",620,465,false],"post-thumbnail":["https:\/\/arantv.az\/wp-content\/uploads\/2021\/05\/E2UeMZSXIAUJFVC-240x172.jpg",240,172,true],"advps-thumb-one":["https:\/\/arantv.az\/wp-content\/uploads\/2021\/05\/E2UeMZSXIAUJFVC.jpg",620,465,false]},"rttpg_author":{"display_name":"V\u00fcsal Rafiqo\u011flu","author_link":"https:\/\/arantv.az\/?author=2"},"rttpg_comment":0,"rttpg_category":"<a href=\"https:\/\/arantv.az\/?cat=4\" rel=\"category\">Siyas\u0259t<\/a>","rttpg_excerpt":"Az\u0259rbaycan\u0131n xarici i\u015fl\u0259r naziri Ceyhun Bayramov avstriyal\u0131 h\u0259mkar\u0131 Aleksander \u015eallenberq il\u0259 g\u00f6r\u00fc\u015f\u00fcb. Bu bar\u0259d\u0259 o, \u00f6z\u00fcn\u00fcn \u201cTwitter\u201d s\u0259hif\u0259sind\u0259 m\u0259lumat yay\u0131b. \u201cAvstriyan\u0131n xarici i\u015fl\u0259r naziri \u015eallenberq il\u0259 yax\u015f\u0131 g\u00f6r\u00fc\u015f ke\u00e7irdik. \u0130kit\u0259r\u0259fli iqtisadi \u0259laq\u0259l\u0259rin inki\u015faf\u0131, COVID pandemiyas\u0131na qar\u015f\u0131 birg\u0259 m\u00fcbariz\u0259 il\u0259 ba\u011fl\u0131 suallar\u0131n geni\u015f spektrini m\u00fczakir\u0259 etdik. Onu azad edilmi\u015f \u0259razil\u0259rd\u0259 m\u00fcnaqi\u015f\u0259sonras\u0131 v\u0259ziyy\u0259t, cari yenid\u0259nqurma v\u0259 b\u0259rpa&hellip;","_links":{"self":[{"href":"https:\/\/arantv.az\/index.php?rest_route=\/wp\/v2\/posts\/340950"}],"collection":[{"href":"https:\/\/arantv.az\/index.php?rest_route=\/wp\/v2\/posts"}],"about":[{"href":"https:\/\/arantv.az\/index.php?rest_route=\/wp\/v2\/types\/post"}],"author":[{"embeddable":true,"href":"https:\/\/arantv.az\/index.php?rest_route=\/wp\/v2\/users\/2"}],"replies":[{"embeddable":true,"href":"https:\/\/arantv.az\/index.php?rest_route=%2Fwp%2Fv2%2Fcomments&post=340950"}],"version-history":[{"count":0,"href":"https:\/\/arantv.az\/index.php?rest_route=\/wp\/v2\/posts\/340950\/revisions"}],"wp:featuredmedia":[{"embeddable":true,"href":"https:\/\/arantv.az\/index.php?rest_route=\/wp\/v2\/media\/340951"}],"wp:attachment":[{"href":"https:\/\/arantv.az\/index.php?rest_route=%2Fwp%2Fv2%2Fmedia&parent=340950"}],"wp:term":[{"taxonomy":"category","embeddable":true,"href":"https:\/\/arantv.az\/index.php?rest_route=%2Fwp%2Fv2%2Fcategories&post=340950"},{"taxonomy":"post_tag","embeddable":true,"href":"https:\/\/arantv.az\/index.php?rest_route=%2Fwp%2Fv2%2Ftags&post=340950"}],"curies":[{"name":"wp","href":"https:\/\/api.w.org\/{rel}","templated":true}]}}