{"id":340958,"date":"2021-05-27T07:30:53","date_gmt":"2021-05-27T04:30:53","guid":{"rendered":"http:\/\/arantv.az\/?p=340958"},"modified":"2021-05-27T07:30:53","modified_gmt":"2021-05-27T04:30:53","slug":"xin-d%c9%99n-ceyhun-bayramovun-aleksandr-sallenberql%c9%99-gorusu-bar%c9%99sind%c9%99-aciqlama-foto","status":"publish","type":"post","link":"https:\/\/arantv.az\/?p=340958","title":{"rendered":"X\u0130N-d\u0259n Ceyhun Bayramovun Aleksandr \u015eallenberql\u0259 g\u00f6r\u00fc\u015f\u00fc bar\u0259sind\u0259 A\u00c7IQLAMA \u2013 FOTO"},"content":{"rendered":"<p>26 may 2021 ci il tarixind\u0259 xarici i\u015fl\u0259r naziri Ceyhun Bayramov il\u0259 Avstriya Respublikas\u0131n\u0131n Avropa v\u0259 beyn\u0259lxalq m\u0259s\u0259l\u0259l\u0259r \u00fczr\u0259 federal naziri Aleksandr \u015eallenberq aras\u0131nda g\u00f6r\u00fc\u015f ke\u00e7irilib.<\/p>\n<p>Bu bar\u0259d\u0259 Xarici \u0130\u015fl\u0259r Nazirliyi m\u0259lumat yay\u0131b.<\/p>\n<p>Bildirilib ki, nazirl\u0259r ikit\u0259r\u0259fli \u0259laq\u0259l\u0259rin perspektivl\u0259ri bar\u0259d\u0259 fikir m\u00fcbadil\u0259si apar\u0131b, post-pandemiya d\u00f6vr\u00fcnd\u0259 ikit\u0259r\u0259fli qitisadi \u0259m\u0259kda\u015fl\u0131q v\u0259 biznes \u0259laq\u0259l\u0259rin canland\u0131r\u0131lmas\u0131n\u0131n \u0259h\u0259miyy\u0259tini vur\u011fulay\u0131blar.<\/p>\n<div id=\"AdviadNativeVideo0\" class=\"AdviadNativeVideo\"><\/div>\n<p>Nazir Ceyhun Bayramov h\u0259mkar\u0131na Erm\u0259nistan-Az\u0259rbaycan m\u00fcnaqi\u015f\u0259sinin tarixi, Erm\u0259nistan\u0131n onillikl\u0259r \u0259rzind\u0259 davam ed\u0259n t\u0259cav\u00fczkar siyas\u0259ti, Erm\u0259nistan t\u0259r\u0259finin t\u0259xribatlar\u0131na cavab olaraq Az\u0259rbaycan\u0131n h\u0259yata ke\u00e7irdiyi \u0259ks-h\u00fccum \u0259m\u0259liyyat\u0131 v\u0259 \u0259razil\u0259rin i\u015f\u011faldan azad olunaraq, \u00f6lk\u0259nin \u0259razi b\u00fct\u00f6vl\u00fcy\u00fcn\u00fcn t\u0259min olunmas\u0131 bar\u0259d\u0259 dan\u0131\u015f\u0131b. O, h\u0259mkar\u0131na post m\u00fcnaqi\u015f\u0259 d\u00f6vr\u00fcnd\u0259 azad olunmu\u015f \u0259razil\u0259rd\u0259 h\u0259yata ke\u00e7iril\u0259n yenid\u0259n qurma v\u0259 b\u0259rpa i\u015fl\u0259ri haqda m\u0259lumat verib. B\u00f6lg\u0259d\u0259 yaranm\u0131\u015f yeni v\u0259ziyy\u0259tin regional \u0259m\u0259kda\u015fl\u0131q \u00fc\u00e7\u00fcn a\u00e7d\u0131\u011f\u0131 imkanlardan b\u0259hs edilib.<\/p>\n<p>\u0130\u015f\u011fal faktorunun aradan qald\u0131r\u0131lmas\u0131 il\u0259 Az\u0259rbaycan\u0131n beyn\u0259lxalq h\u00fcququn suverenlik v\u0259 \u0259razi b\u00fct\u00f6vl\u00fcy\u00fc prinsipl\u0259rin\u0259 ciddi riay\u0259t olunmas\u0131 \u0259sas\u0131nda Erm\u0259nistanla \u0259laq\u0259l\u0259rin normalla\u015fd\u0131r\u0131lmas\u0131na haz\u0131r oldu\u011fu qeyd olunub.<\/p>\n<p>Nazirl\u0259r, h\u0259m\u00e7inin beyn\u0259lxalq t\u0259\u015fkilatlar \u00e7\u0259r\u00e7iv\u0259sind\u0259 \u0259m\u0259kda\u015fl\u0131q v\u0259 qar\u015f\u0131l\u0131ql\u0131 maraq do\u011furan dig\u0259r m\u0259s\u0259l\u0259l\u0259ri m\u00fczakir\u0259 edibl\u0259r.<\/p>\n<p>&nbsp;<\/p>\n<div class=\"gallery\">\n<div class=\"gallery-i\"><img src=\"https:\/\/cdn.oxu.az\/uploads\/W1siZiIsIjIwMjEvMDUvMjcvMDAvMDgvMTAvZTRkMmM5Y2ItZWM3Ny00ZmZjLTlmNmItYzNlZWQ5NDBlM2JlLzE2MjIwNTc2NTdpbWdfXzEuanBnIl0sWyJwIiwiZW5jb2RlIiwianBnIiwiLXF1YWxpdHkgODAiXSxbInAiLCJ0aHVtYiIsIjU5MHg1OTBcdTAwM2UiXV0?sha=c0c8aa70cc2a96e1\" alt=\"\" \/><\/div>\n<\/div>\n","protected":false},"excerpt":{"rendered":"<p>26 may 2021 ci il tarixind\u0259 xarici i\u015fl\u0259r naziri Ceyhun Bayramov il\u0259 Avstriya Respublikas\u0131n\u0131n Avropa v\u0259 beyn\u0259lxalq m\u0259s\u0259l\u0259l\u0259r \u00fczr\u0259 federal naziri Aleksandr \u015eallenberq aras\u0131nda g\u00f6r\u00fc\u015f ke\u00e7irilib. Bu bar\u0259d\u0259 Xarici \u0130\u015fl\u0259r Nazirliyi m\u0259lumat yay\u0131b. Bildirilib ki, nazirl\u0259r ikit\u0259r\u0259fli \u0259laq\u0259l\u0259rin perspektivl\u0259ri bar\u0259d\u0259 fikir m\u00fcbadil\u0259si apar\u0131b, post-pandemiya d\u00f6vr\u00fcnd\u0259 ikit\u0259r\u0259fli qitisadi \u0259m\u0259kda\u015fl\u0131q v\u0259 biznes \u0259laq\u0259l\u0259rin canland\u0131r\u0131lmas\u0131n\u0131n \u0259h\u0259miyy\u0259tini vur\u011fulay\u0131blar. Nazir Ceyhun Bayramov h\u0259mkar\u0131na Erm\u0259nistan-Az\u0259rbaycan m\u00fcnaqi\u015f\u0259sinin tarixi, Erm\u0259nistan\u0131n onillikl\u0259r \u0259rzind\u0259 davam ed\u0259n t\u0259cav\u00fczkar siyas\u0259ti, Erm\u0259nistan t\u0259r\u0259finin t\u0259xribatlar\u0131na cavab olaraq Az\u0259rbaycan\u0131n h\u0259yata ke\u00e7irdiyi \u0259ks-h\u00fccum \u0259m\u0259liyyat\u0131 v\u0259 \u0259razil\u0259rin i\u015f\u011faldan azad olunaraq, \u00f6lk\u0259nin \u0259razi b\u00fct\u00f6vl\u00fcy\u00fcn\u00fcn t\u0259min olunmas\u0131 bar\u0259d\u0259 dan\u0131\u015f\u0131b.&hellip;<\/p>\n","protected":false},"author":2,"featured_media":340959,"comment_status":"closed","ping_status":"closed","sticky":false,"template":"","format":"standard","meta":{"om_disable_all_campaigns":false,"_monsterinsights_skip_tracking":false,"_monsterinsights_sitenote_active":false,"_monsterinsights_sitenote_note":"","_monsterinsights_sitenote_category":0},"categories":[4],"tags":[],"aioseo_notices":[],"gutentor_comment":0,"rttpg_featured_image_url":{"full":["https:\/\/arantv.az\/wp-content\/uploads\/2021\/05\/1622057656img__0.jpg",620,465,false],"landscape":["https:\/\/arantv.az\/wp-content\/uploads\/2021\/05\/1622057656img__0.jpg",620,465,false],"portraits":["https:\/\/arantv.az\/wp-content\/uploads\/2021\/05\/1622057656img__0.jpg",620,465,false],"thumbnail":["https:\/\/arantv.az\/wp-content\/uploads\/2021\/05\/1622057656img__0-500x280.jpg",500,280,true],"medium":["https:\/\/arantv.az\/wp-content\/uploads\/2021\/05\/1622057656img__0-487x365.jpg",487,365,true],"large":["https:\/\/arantv.az\/wp-content\/uploads\/2021\/05\/1622057656img__0.jpg",620,465,false],"1536x1536":["https:\/\/arantv.az\/wp-content\/uploads\/2021\/05\/1622057656img__0.jpg",620,465,false],"2048x2048":["https:\/\/arantv.az\/wp-content\/uploads\/2021\/05\/1622057656img__0.jpg",620,465,false],"post-thumbnail":["https:\/\/arantv.az\/wp-content\/uploads\/2021\/05\/1622057656img__0-240x172.jpg",240,172,true],"advps-thumb-one":["https:\/\/arantv.az\/wp-content\/uploads\/2021\/05\/1622057656img__0.jpg",620,465,false]},"rttpg_author":{"display_name":"V\u00fcsal Rafiqo\u011flu","author_link":"https:\/\/arantv.az\/?author=2"},"rttpg_comment":0,"rttpg_category":"<a href=\"https:\/\/arantv.az\/?cat=4\" rel=\"category\">Siyas\u0259t<\/a>","rttpg_excerpt":"26 may 2021 ci il tarixind\u0259 xarici i\u015fl\u0259r naziri Ceyhun Bayramov il\u0259 Avstriya Respublikas\u0131n\u0131n Avropa v\u0259 beyn\u0259lxalq m\u0259s\u0259l\u0259l\u0259r \u00fczr\u0259 federal naziri Aleksandr \u015eallenberq aras\u0131nda g\u00f6r\u00fc\u015f ke\u00e7irilib. Bu bar\u0259d\u0259 Xarici \u0130\u015fl\u0259r Nazirliyi m\u0259lumat yay\u0131b. Bildirilib ki, nazirl\u0259r ikit\u0259r\u0259fli \u0259laq\u0259l\u0259rin perspektivl\u0259ri bar\u0259d\u0259 fikir m\u00fcbadil\u0259si apar\u0131b, post-pandemiya d\u00f6vr\u00fcnd\u0259 ikit\u0259r\u0259fli qitisadi \u0259m\u0259kda\u015fl\u0131q v\u0259 biznes \u0259laq\u0259l\u0259rin canland\u0131r\u0131lmas\u0131n\u0131n \u0259h\u0259miyy\u0259tini vur\u011fulay\u0131blar. Nazir&hellip;","_links":{"self":[{"href":"https:\/\/arantv.az\/index.php?rest_route=\/wp\/v2\/posts\/340958"}],"collection":[{"href":"https:\/\/arantv.az\/index.php?rest_route=\/wp\/v2\/posts"}],"about":[{"href":"https:\/\/arantv.az\/index.php?rest_route=\/wp\/v2\/types\/post"}],"author":[{"embeddable":true,"href":"https:\/\/arantv.az\/index.php?rest_route=\/wp\/v2\/users\/2"}],"replies":[{"embeddable":true,"href":"https:\/\/arantv.az\/index.php?rest_route=%2Fwp%2Fv2%2Fcomments&post=340958"}],"version-history":[{"count":0,"href":"https:\/\/arantv.az\/index.php?rest_route=\/wp\/v2\/posts\/340958\/revisions"}],"wp:featuredmedia":[{"embeddable":true,"href":"https:\/\/arantv.az\/index.php?rest_route=\/wp\/v2\/media\/340959"}],"wp:attachment":[{"href":"https:\/\/arantv.az\/index.php?rest_route=%2Fwp%2Fv2%2Fmedia&parent=340958"}],"wp:term":[{"taxonomy":"category","embeddable":true,"href":"https:\/\/arantv.az\/index.php?rest_route=%2Fwp%2Fv2%2Fcategories&post=340958"},{"taxonomy":"post_tag","embeddable":true,"href":"https:\/\/arantv.az\/index.php?rest_route=%2Fwp%2Fv2%2Ftags&post=340958"}],"curies":[{"name":"wp","href":"https:\/\/api.w.org\/{rel}","templated":true}]}}