{"id":340961,"date":"2021-05-27T07:31:27","date_gmt":"2021-05-27T04:31:27","guid":{"rendered":"http:\/\/arantv.az\/?p=340961"},"modified":"2021-05-27T07:31:27","modified_gmt":"2021-05-27T04:31:27","slug":"erm%c9%99nistanin-s%c9%99rh%c9%99dd%c9%99ki-t%c9%99xribatlarinin-m%c9%99qs%c9%99di-n%c9%99dir-qarabag-xronikasinin-30-cu-buraxilisi-video","status":"publish","type":"post","link":"https:\/\/arantv.az\/?p=340961","title":{"rendered":"Erm\u0259nistan\u0131n s\u0259rh\u0259dd\u0259ki t\u0259xribatlar\u0131n\u0131n m\u0259qs\u0259di n\u0259dir? \u2013 \u201cQaraba\u011f xronikas\u0131\u201dn\u0131n 30-cu burax\u0131l\u0131\u015f\u0131 \u2013 V\u0130DEO"},"content":{"rendered":"<article class=\"news\">\n<div class=\"news-inner\">\n<p>Baku TV-d\u0259 yay\u0131mlanan \u201cQaraba\u011f xronikas\u0131\u201d verili\u015finin \u201cErm\u0259nistan\u0131n s\u0259rh\u0259dd\u0259ki t\u0259xribatlar\u0131n\u0131n m\u0259qs\u0259di n\u0259dir?\u201d adl\u0131 30-cu burax\u0131l\u0131\u015f\u0131 efir\u0259 gedib.<\/p>\n<div id=\"AdviadNativeVideo0\" class=\"AdviadNativeVideo\"><\/div>\n<p>Verili\u015fin apar\u0131c\u0131s\u0131, h\u0259rbi jurnalist F\u0259rdin \u0130sazad\u0259 bud\u0259f\u0259ki burax\u0131l\u0131\u015fda Erm\u0259nistan s\u0259rh\u0259dind\u0259 ba\u015f ver\u0259n t\u0259xribatlar v\u0259 bunlar\u0131n s\u0259b\u0259bind\u0259n s\u00f6hb\u0259t a\u00e7\u0131b.<\/p>\n<p>S\u00f6z\u00fcged\u0259n verili\u015fi t\u0259qdim edirik:<\/p>\n<div><iframe loading=\"lazy\" title=\"YouTube video player\" src=\"https:\/\/www.youtube.com\/embed\/O3Bib6sXDkg\" width=\"560\" height=\"315\" frameborder=\"0\" allowfullscreen=\"allowfullscreen\" data-mce-fragment=\"1\"><\/iframe><\/div>\n<\/div>\n<\/article>\n<h2 class=\"news-share-title\"><\/h2>\n","protected":false},"excerpt":{"rendered":"<p>Baku TV-d\u0259 yay\u0131mlanan \u201cQaraba\u011f xronikas\u0131\u201d verili\u015finin \u201cErm\u0259nistan\u0131n s\u0259rh\u0259dd\u0259ki t\u0259xribatlar\u0131n\u0131n m\u0259qs\u0259di n\u0259dir?\u201d adl\u0131 30-cu burax\u0131l\u0131\u015f\u0131 efir\u0259 gedib. Verili\u015fin apar\u0131c\u0131s\u0131, h\u0259rbi jurnalist F\u0259rdin \u0130sazad\u0259 bud\u0259f\u0259ki burax\u0131l\u0131\u015fda Erm\u0259nistan s\u0259rh\u0259dind\u0259 ba\u015f ver\u0259n t\u0259xribatlar v\u0259 bunlar\u0131n s\u0259b\u0259bind\u0259n s\u00f6hb\u0259t a\u00e7\u0131b. S\u00f6z\u00fcged\u0259n verili\u015fi t\u0259qdim edirik:<\/p>\n","protected":false},"author":2,"featured_media":340962,"comment_status":"closed","ping_status":"closed","sticky":false,"template":"","format":"standard","meta":{"om_disable_all_campaigns":false,"_monsterinsights_skip_tracking":false,"_monsterinsights_sitenote_active":false,"_monsterinsights_sitenote_note":"","_monsterinsights_sitenote_category":0},"categories":[26],"tags":[],"aioseo_notices":[],"gutentor_comment":0,"rttpg_featured_image_url":{"full":["https:\/\/arantv.az\/wp-content\/uploads\/2021\/05\/xronikaa.jpg",620,349,false],"landscape":["https:\/\/arantv.az\/wp-content\/uploads\/2021\/05\/xronikaa.jpg",620,349,false],"portraits":["https:\/\/arantv.az\/wp-content\/uploads\/2021\/05\/xronikaa.jpg",620,349,false],"thumbnail":["https:\/\/arantv.az\/wp-content\/uploads\/2021\/05\/xronikaa-500x280.jpg",500,280,true],"medium":["https:\/\/arantv.az\/wp-content\/uploads\/2021\/05\/xronikaa.jpg",620,349,false],"large":["https:\/\/arantv.az\/wp-content\/uploads\/2021\/05\/xronikaa.jpg",620,349,false],"1536x1536":["https:\/\/arantv.az\/wp-content\/uploads\/2021\/05\/xronikaa.jpg",620,349,false],"2048x2048":["https:\/\/arantv.az\/wp-content\/uploads\/2021\/05\/xronikaa.jpg",620,349,false],"post-thumbnail":["https:\/\/arantv.az\/wp-content\/uploads\/2021\/05\/xronikaa-240x172.jpg",240,172,true],"advps-thumb-one":["https:\/\/arantv.az\/wp-content\/uploads\/2021\/05\/xronikaa.jpg",620,349,false]},"rttpg_author":{"display_name":"V\u00fcsal Rafiqo\u011flu","author_link":"https:\/\/arantv.az\/?author=2"},"rttpg_comment":0,"rttpg_category":"<a href=\"https:\/\/arantv.az\/?cat=26\" rel=\"category\">Sosial<\/a>","rttpg_excerpt":"Baku TV-d\u0259 yay\u0131mlanan \u201cQaraba\u011f xronikas\u0131\u201d verili\u015finin \u201cErm\u0259nistan\u0131n s\u0259rh\u0259dd\u0259ki t\u0259xribatlar\u0131n\u0131n m\u0259qs\u0259di n\u0259dir?\u201d adl\u0131 30-cu burax\u0131l\u0131\u015f\u0131 efir\u0259 gedib. Verili\u015fin apar\u0131c\u0131s\u0131, h\u0259rbi jurnalist F\u0259rdin \u0130sazad\u0259 bud\u0259f\u0259ki burax\u0131l\u0131\u015fda Erm\u0259nistan s\u0259rh\u0259dind\u0259 ba\u015f ver\u0259n t\u0259xribatlar v\u0259 bunlar\u0131n s\u0259b\u0259bind\u0259n s\u00f6hb\u0259t a\u00e7\u0131b. S\u00f6z\u00fcged\u0259n verili\u015fi t\u0259qdim edirik:","_links":{"self":[{"href":"https:\/\/arantv.az\/index.php?rest_route=\/wp\/v2\/posts\/340961"}],"collection":[{"href":"https:\/\/arantv.az\/index.php?rest_route=\/wp\/v2\/posts"}],"about":[{"href":"https:\/\/arantv.az\/index.php?rest_route=\/wp\/v2\/types\/post"}],"author":[{"embeddable":true,"href":"https:\/\/arantv.az\/index.php?rest_route=\/wp\/v2\/users\/2"}],"replies":[{"embeddable":true,"href":"https:\/\/arantv.az\/index.php?rest_route=%2Fwp%2Fv2%2Fcomments&post=340961"}],"version-history":[{"count":0,"href":"https:\/\/arantv.az\/index.php?rest_route=\/wp\/v2\/posts\/340961\/revisions"}],"wp:featuredmedia":[{"embeddable":true,"href":"https:\/\/arantv.az\/index.php?rest_route=\/wp\/v2\/media\/340962"}],"wp:attachment":[{"href":"https:\/\/arantv.az\/index.php?rest_route=%2Fwp%2Fv2%2Fmedia&parent=340961"}],"wp:term":[{"taxonomy":"category","embeddable":true,"href":"https:\/\/arantv.az\/index.php?rest_route=%2Fwp%2Fv2%2Fcategories&post=340961"},{"taxonomy":"post_tag","embeddable":true,"href":"https:\/\/arantv.az\/index.php?rest_route=%2Fwp%2Fv2%2Ftags&post=340961"}],"curies":[{"name":"wp","href":"https:\/\/api.w.org\/{rel}","templated":true}]}}