{"id":341372,"date":"2021-05-28T08:13:30","date_gmt":"2021-05-28T05:13:30","guid":{"rendered":"http:\/\/arantv.az\/?p=341372"},"modified":"2021-05-28T08:13:30","modified_gmt":"2021-05-28T05:13:30","slug":"s%c9%99firl%c9%99r-az%c9%99rbaycan-xalqini-respublika-gunu-munasib%c9%99til%c9%99-t%c9%99brik-edibl%c9%99r-video","status":"publish","type":"post","link":"https:\/\/arantv.az\/?p=341372","title":{"rendered":"S\u0259firl\u0259r Az\u0259rbaycan xalq\u0131n\u0131 Respublika G\u00fcn\u00fc m\u00fcnasib\u0259til\u0259 t\u0259brik edibl\u0259r &#8211; V\u0130DEO"},"content":{"rendered":"<article class=\"news\">\n<div class=\"news-inner\">\n<p>Xarici \u00f6lk\u0259l\u0259rin Az\u0259rbaycandak\u0131 s\u0259firl\u0259ri \u00f6lk\u0259mizi 28 May- Respublika G\u00fcn\u00fc m\u00fcnasib\u0259til\u0259 t\u0259brik edibl\u0259r.<\/p>\n<p><strong>ARANTV.AZ <\/strong>\u00a0x\u0259b\u0259r verir ki, bu bar\u0259d\u0259 s\u0259firlikl\u0259rin r\u0259smi \u201cFacebook\u201d \u00fcnvanlar\u0131nda payla\u015f\u0131m edilib.<\/p>\n<div id=\"AdviadNativeVideo0\" class=\"AdviadNativeVideo\"><\/div>\n<p>Bel\u0259 ki, Britaniyan\u0131n Az\u0259rbaycandak\u0131 s\u0259firi Ceyms \u015earp v\u0259 Avropa \u0130ttifaq\u0131n\u0131n Az\u0259rbaycandak\u0131 s\u0259firi Kestutis Yankauskas videom\u00fcraci\u0259tl\u0259 Az\u0259rbaycan xalq\u0131n\u0131 28 May Respublika G\u00fcn\u00fc m\u00fcnasib\u0259til\u0259 t\u0259brik edibl\u0259r.<\/p>\n<p>Qeyd ed\u0259k ki, s\u0259firl\u0259r Az\u0259rbaycan xalq\u0131n\u0131 az\u0259rbaycan dilind\u0259 t\u0259brik edibl\u0259r:<\/p>\n<p>H\u0259min videolar\u0131 t\u0259qdim edirik:<\/p>\n<div><iframe loading=\"lazy\" src=\"https:\/\/www.facebook.com\/plugins\/video.php?height=314&amp;href=https%3A%2F%2Fwww.facebook.com%2Fukinazerbaijan%2Fvideos%2F856367431618047%2F&amp;show_text=false&amp;width=560&amp;t=0\" width=\"560\" height=\"314\" frameborder=\"0\" scrolling=\"no\" allowfullscreen=\"allowfullscreen\" data-mce-fragment=\"1\"><\/iframe><\/div>\n<div><iframe loading=\"lazy\" src=\"https:\/\/www.facebook.com\/plugins\/video.php?height=314&amp;href=https%3A%2F%2Fwww.facebook.com%2Feverydayazerbaijan%2Fvideos%2F1477278462628386%2F&amp;show_text=false&amp;width=560&amp;t=0\" width=\"560\" height=\"314\" frameborder=\"0\" scrolling=\"no\" allowfullscreen=\"allowfullscreen\" data-mce-fragment=\"1\"><\/iframe><\/div>\n<\/div>\n<\/article>\n<h2 class=\"news-share-title\"><\/h2>\n","protected":false},"excerpt":{"rendered":"<p>Xarici \u00f6lk\u0259l\u0259rin Az\u0259rbaycandak\u0131 s\u0259firl\u0259ri \u00f6lk\u0259mizi 28 May- Respublika G\u00fcn\u00fc m\u00fcnasib\u0259til\u0259 t\u0259brik edibl\u0259r. ARANTV.AZ \u00a0x\u0259b\u0259r verir ki, bu bar\u0259d\u0259 s\u0259firlikl\u0259rin r\u0259smi \u201cFacebook\u201d \u00fcnvanlar\u0131nda payla\u015f\u0131m edilib. Bel\u0259 ki, Britaniyan\u0131n Az\u0259rbaycandak\u0131 s\u0259firi Ceyms \u015earp v\u0259 Avropa \u0130ttifaq\u0131n\u0131n Az\u0259rbaycandak\u0131 s\u0259firi Kestutis Yankauskas videom\u00fcraci\u0259tl\u0259 Az\u0259rbaycan xalq\u0131n\u0131 28 May Respublika G\u00fcn\u00fc m\u00fcnasib\u0259til\u0259 t\u0259brik edibl\u0259r. Qeyd ed\u0259k ki, s\u0259firl\u0259r Az\u0259rbaycan xalq\u0131n\u0131 az\u0259rbaycan dilind\u0259 t\u0259brik edibl\u0259r: H\u0259min videolar\u0131 t\u0259qdim edirik:<\/p>\n","protected":false},"author":2,"featured_media":341373,"comment_status":"closed","ping_status":"closed","sticky":false,"template":"","format":"standard","meta":{"om_disable_all_campaigns":false,"_monsterinsights_skip_tracking":false,"_monsterinsights_sitenote_active":false,"_monsterinsights_sitenote_note":"","_monsterinsights_sitenote_category":0},"categories":[26],"tags":[],"aioseo_notices":[],"gutentor_comment":0,"rttpg_featured_image_url":{"full":["https:\/\/arantv.az\/wp-content\/uploads\/2021\/05\/FotoJet-6-1.jpg",620,395,false],"landscape":["https:\/\/arantv.az\/wp-content\/uploads\/2021\/05\/FotoJet-6-1.jpg",620,395,false],"portraits":["https:\/\/arantv.az\/wp-content\/uploads\/2021\/05\/FotoJet-6-1.jpg",620,395,false],"thumbnail":["https:\/\/arantv.az\/wp-content\/uploads\/2021\/05\/FotoJet-6-1-500x280.jpg",500,280,true],"medium":["https:\/\/arantv.az\/wp-content\/uploads\/2021\/05\/FotoJet-6-1-573x365.jpg",573,365,true],"large":["https:\/\/arantv.az\/wp-content\/uploads\/2021\/05\/FotoJet-6-1.jpg",620,395,false],"1536x1536":["https:\/\/arantv.az\/wp-content\/uploads\/2021\/05\/FotoJet-6-1.jpg",620,395,false],"2048x2048":["https:\/\/arantv.az\/wp-content\/uploads\/2021\/05\/FotoJet-6-1.jpg",620,395,false],"post-thumbnail":["https:\/\/arantv.az\/wp-content\/uploads\/2021\/05\/FotoJet-6-1-240x172.jpg",240,172,true],"advps-thumb-one":["https:\/\/arantv.az\/wp-content\/uploads\/2021\/05\/FotoJet-6-1.jpg",620,395,false]},"rttpg_author":{"display_name":"V\u00fcsal Rafiqo\u011flu","author_link":"https:\/\/arantv.az\/?author=2"},"rttpg_comment":0,"rttpg_category":"<a href=\"https:\/\/arantv.az\/?cat=26\" rel=\"category\">Sosial<\/a>","rttpg_excerpt":"Xarici \u00f6lk\u0259l\u0259rin Az\u0259rbaycandak\u0131 s\u0259firl\u0259ri \u00f6lk\u0259mizi 28 May- Respublika G\u00fcn\u00fc m\u00fcnasib\u0259til\u0259 t\u0259brik edibl\u0259r. ARANTV.AZ \u00a0x\u0259b\u0259r verir ki, bu bar\u0259d\u0259 s\u0259firlikl\u0259rin r\u0259smi \u201cFacebook\u201d \u00fcnvanlar\u0131nda payla\u015f\u0131m edilib. Bel\u0259 ki, Britaniyan\u0131n Az\u0259rbaycandak\u0131 s\u0259firi Ceyms \u015earp v\u0259 Avropa \u0130ttifaq\u0131n\u0131n Az\u0259rbaycandak\u0131 s\u0259firi Kestutis Yankauskas videom\u00fcraci\u0259tl\u0259 Az\u0259rbaycan xalq\u0131n\u0131 28 May Respublika G\u00fcn\u00fc m\u00fcnasib\u0259til\u0259 t\u0259brik edibl\u0259r. Qeyd ed\u0259k ki, s\u0259firl\u0259r Az\u0259rbaycan xalq\u0131n\u0131 az\u0259rbaycan&hellip;","_links":{"self":[{"href":"https:\/\/arantv.az\/index.php?rest_route=\/wp\/v2\/posts\/341372"}],"collection":[{"href":"https:\/\/arantv.az\/index.php?rest_route=\/wp\/v2\/posts"}],"about":[{"href":"https:\/\/arantv.az\/index.php?rest_route=\/wp\/v2\/types\/post"}],"author":[{"embeddable":true,"href":"https:\/\/arantv.az\/index.php?rest_route=\/wp\/v2\/users\/2"}],"replies":[{"embeddable":true,"href":"https:\/\/arantv.az\/index.php?rest_route=%2Fwp%2Fv2%2Fcomments&post=341372"}],"version-history":[{"count":0,"href":"https:\/\/arantv.az\/index.php?rest_route=\/wp\/v2\/posts\/341372\/revisions"}],"wp:featuredmedia":[{"embeddable":true,"href":"https:\/\/arantv.az\/index.php?rest_route=\/wp\/v2\/media\/341373"}],"wp:attachment":[{"href":"https:\/\/arantv.az\/index.php?rest_route=%2Fwp%2Fv2%2Fmedia&parent=341372"}],"wp:term":[{"taxonomy":"category","embeddable":true,"href":"https:\/\/arantv.az\/index.php?rest_route=%2Fwp%2Fv2%2Fcategories&post=341372"},{"taxonomy":"post_tag","embeddable":true,"href":"https:\/\/arantv.az\/index.php?rest_route=%2Fwp%2Fv2%2Ftags&post=341372"}],"curies":[{"name":"wp","href":"https:\/\/api.w.org\/{rel}","templated":true}]}}