{"id":341667,"date":"2021-05-29T09:29:22","date_gmt":"2021-05-29T06:29:22","guid":{"rendered":"https:\/\/arantv.az\/?p=341667"},"modified":"2021-05-29T09:29:22","modified_gmt":"2021-05-29T06:29:22","slug":"peru-paytaxtinda-dovl%c9%99t-binalari-az%c9%99rbaycan-milli-bayraginin-r%c9%99ngl%c9%99ri-il%c9%99-isiqlandirilib-foto","status":"publish","type":"post","link":"https:\/\/arantv.az\/?p=341667","title":{"rendered":"Peru paytaxt\u0131nda d\u00f6vl\u0259t binalar\u0131 Az\u0259rbaycan milli bayra\u011f\u0131n\u0131n r\u0259ngl\u0259ri il\u0259 i\u015f\u0131qland\u0131r\u0131l\u0131b &#8211; FOTO"},"content":{"rendered":"<p>May\u0131n 28-d\u0259 Az\u0259rbaycan Xalq C\u00fcmhuriyy\u0259tinin 103-c\u00fc ild\u00f6n\u00fcm\u00fcn\u00fcn qeyd olunmas\u0131 \u015f\u0259r\u0259fin\u0259 Peru Konqresinin binas\u0131 v\u0259 paytaxt Lima \u015f\u0259h\u0259rinin \u0259sas tarixi rayonu hesab olunan Miraflores b\u0259l\u0259diyy\u0259sinin binas\u0131 Az\u0259rbaycan milli bayra\u011f\u0131n\u0131n r\u0259ngl\u0259ri il\u0259 i\u015f\u0131qland\u0131r\u0131l\u0131b.<\/p>\n<p>Bu bar\u0259d\u0259 Az\u0259rbaycan Respublikas\u0131n\u0131n Meksikadak\u0131 S\u0259firliyi m\u0259lumat yay\u0131b.<\/p>\n<p>Bildirilib ki, bu m\u00fcnasib\u0259tl\u0259 Konqresd\u0259ki Peru-Az\u0259rbaycan parlamentl\u0259raras\u0131 dostluq qrupunun r\u0259hb\u0259ri Gilyermo Aliaqa Paxares v\u0259 Perudak\u0131 n\u00fcmay\u0259nd\u0259liyimizin \u0259m\u0259kda\u015f\u0131n\u0131n i\u015ftirak\u0131 il\u0259 Konqres binas\u0131n\u0131n qar\u015f\u0131s\u0131nda m\u0259rasim ke\u00e7irilib.<\/p>\n<div id=\"AdviadNativeVideo0\" class=\"AdviadNativeVideo\"><\/div>\n<p>M\u0259rasimd\u0259 perulu mill\u0259t v\u0259kili AXC-nin qurulmas\u0131n\u0131n 103-c\u00fc ild\u00f6n\u00fcm\u00fc m\u00fcnasib\u0259til\u0259 \u00f6lk\u0259mizi t\u0259brik edib v\u0259 bu kimi t\u0259dbirl\u0259rin Peru il\u0259 Az\u0259rbaycan aras\u0131ndak\u0131 dostluq \u0259laq\u0259l\u0259rinin daha da m\u00f6hk\u0259ml\u0259nm\u0259sin\u0259 t\u00f6hf\u0259 verdiyini bildirib.<\/p>\n<p>Az\u0259rbaycanl\u0131 diplomat \u00f6lk\u0259miz \u00fc\u00e7\u00fcn olduqca \u0259lam\u0259tdar tarix olan Respublika G\u00fcn\u00fcn\u00fcn qeyd edilm\u0259si m\u0259qs\u0259dil\u0259 Peru t\u0259r\u0259finin vacib d\u00f6vl\u0259t binalar\u0131n\u0131 \u00fc\u00e7r\u0259ngli bayra\u011f\u0131m\u0131z\u0131n r\u0259ngl\u0259ri il\u0259 i\u015f\u0131qland\u0131rmas\u0131 g\u00f6r\u0259 t\u0259\u015f\u0259kk\u00fcr edib, habel\u0259 \u00f6lk\u0259 Konqresi t\u0259r\u0259find\u0259n q\u0259bul edilmi\u015f t\u0259brik b\u0259yanat\u0131na g\u00f6r\u0259 minn\u0259tdarl\u0131\u011f\u0131n\u0131 bildirib.<\/p>\n<p>&nbsp;<\/p>\n<div class=\"gallery\">\n<div class=\"gallery-i\"><img src=\"https:\/\/cdn.oxu.az\/uploads\/W1siZiIsIjIwMjEvMDUvMjkvMDkvMTUvMTMvOGFjMWM2NDctNTkxMC00ZTA0LThjZDEtZTk4ZmI1ZGVhMWRjLzBmMmE0NWU2LTJiM2YtNDQzMy04MzA1LTU2OTcyOTQ1OGY5Yi5qcGciXSxbInAiLCJlbmNvZGUiLCJqcGciLCItcXVhbGl0eSA4MCJdLFsicCIsInRodW1iIiwiNTkweDU5MFx1MDAzZSJdXQ?sha=c22f5e3db1c1077e\" alt=\"\" \/><\/p>\n<div class=\"gallery-i-caption\"><\/div>\n<\/div>\n<div class=\"gallery-i\"><img src=\"https:\/\/cdn.oxu.az\/uploads\/W1siZiIsIjIwMjEvMDUvMjkvMDkvMTUvMTMvZjU3OTFiYTctZjBlMS00YTcwLTk4MDQtZDZlNTE1ZjQ4MTNhL0lNR183MzM3LmpwZWciXSxbInAiLCJlbmNvZGUiLCJqcGciLCItcXVhbGl0eSA4MCJdLFsicCIsInRodW1iIiwiNTkweDU5MFx1MDAzZSJdXQ?sha=f601745bb2984311\" alt=\"\" \/><\/p>\n<div class=\"gallery-i-caption\"><\/div>\n<\/div>\n<div class=\"gallery-i\"><img src=\"https:\/\/cdn.oxu.az\/uploads\/W1siZiIsIjIwMjEvMDUvMjkvMDkvMTUvMTQvNTk4MjlhZTUtYmM2MC00YTIxLThjMWUtMmY2MTc2OTg2N2FmL0lNR183MzM0LmpwZWciXSxbInAiLCJlbmNvZGUiLCJqcGciLCItcXVhbGl0eSA4MCJdLFsicCIsInRodW1iIiwiNTkweDU5MFx1MDAzZSJdXQ?sha=6d41e895aef5ee34\" alt=\"\" \/><\/p>\n<div class=\"gallery-i-caption\"><\/div>\n<\/div>\n<div class=\"gallery-i\"><img src=\"https:\/\/cdn.oxu.az\/uploads\/W1siZiIsIjIwMjEvMDUvMjkvMDkvMTUvMTQvOGU3YjJjZGItOTJmOC00ZjgzLTg5ZGEtODliYTIxM2FjMTBlL0lNR183MzM1LmpwZWciXSxbInAiLCJlbmNvZGUiLCJqcGciLCItcXVhbGl0eSA4MCJdLFsicCIsInRodW1iIiwiNTkweDU5MFx1MDAzZSJdXQ?sha=9c90c7531598dc62\" alt=\"\" \/><\/p>\n<div class=\"gallery-i-caption\"><\/div>\n<\/div>\n<div class=\"gallery-i\"><img src=\"https:\/\/cdn.oxu.az\/uploads\/W1siZiIsIjIwMjEvMDUvMjkvMDkvMTUvMTQvYjg2ZGUwZGItODAxZi00YzVhLWFhMzYtZmMwMGU4MGI3MTc2L0lNR183MzM2LmpwZWciXSxbInAiLCJlbmNvZGUiLCJqcGciLCItcXVhbGl0eSA4MCJdLFsicCIsInRodW1iIiwiNTkweDU5MFx1MDAzZSJdXQ?sha=b7f3f651725e50bd\" alt=\"\" \/><\/div>\n<\/div>\n","protected":false},"excerpt":{"rendered":"<p>May\u0131n 28-d\u0259 Az\u0259rbaycan Xalq C\u00fcmhuriyy\u0259tinin 103-c\u00fc ild\u00f6n\u00fcm\u00fcn\u00fcn qeyd olunmas\u0131 \u015f\u0259r\u0259fin\u0259 Peru Konqresinin binas\u0131 v\u0259 paytaxt Lima \u015f\u0259h\u0259rinin \u0259sas tarixi rayonu hesab olunan Miraflores b\u0259l\u0259diyy\u0259sinin binas\u0131 Az\u0259rbaycan milli bayra\u011f\u0131n\u0131n r\u0259ngl\u0259ri il\u0259 i\u015f\u0131qland\u0131r\u0131l\u0131b. Bu bar\u0259d\u0259 Az\u0259rbaycan Respublikas\u0131n\u0131n Meksikadak\u0131 S\u0259firliyi m\u0259lumat yay\u0131b. Bildirilib ki, bu m\u00fcnasib\u0259tl\u0259 Konqresd\u0259ki Peru-Az\u0259rbaycan parlamentl\u0259raras\u0131 dostluq qrupunun r\u0259hb\u0259ri Gilyermo Aliaqa Paxares v\u0259 Perudak\u0131 n\u00fcmay\u0259nd\u0259liyimizin \u0259m\u0259kda\u015f\u0131n\u0131n i\u015ftirak\u0131 il\u0259 Konqres binas\u0131n\u0131n qar\u015f\u0131s\u0131nda m\u0259rasim ke\u00e7irilib. M\u0259rasimd\u0259 perulu mill\u0259t v\u0259kili AXC-nin qurulmas\u0131n\u0131n 103-c\u00fc ild\u00f6n\u00fcm\u00fc m\u00fcnasib\u0259til\u0259 \u00f6lk\u0259mizi t\u0259brik edib v\u0259 bu kimi t\u0259dbirl\u0259rin Peru il\u0259 Az\u0259rbaycan aras\u0131ndak\u0131 dostluq \u0259laq\u0259l\u0259rinin daha da m\u00f6hk\u0259ml\u0259nm\u0259sin\u0259 t\u00f6hf\u0259 verdiyini&hellip;<\/p>\n","protected":false},"author":2,"featured_media":341668,"comment_status":"closed","ping_status":"closed","sticky":false,"template":"","format":"standard","meta":{"om_disable_all_campaigns":false,"_monsterinsights_skip_tracking":false,"_monsterinsights_sitenote_active":false,"_monsterinsights_sitenote_note":"","_monsterinsights_sitenote_category":0},"categories":[26],"tags":[],"aioseo_notices":[],"gutentor_comment":0,"rttpg_featured_image_url":{"full":["https:\/\/arantv.az\/wp-content\/uploads\/2021\/05\/94a783af-ba42-4652-b517-3579b43e7b35.jpg",620,465,false],"landscape":["https:\/\/arantv.az\/wp-content\/uploads\/2021\/05\/94a783af-ba42-4652-b517-3579b43e7b35.jpg",620,465,false],"portraits":["https:\/\/arantv.az\/wp-content\/uploads\/2021\/05\/94a783af-ba42-4652-b517-3579b43e7b35.jpg",620,465,false],"thumbnail":["https:\/\/arantv.az\/wp-content\/uploads\/2021\/05\/94a783af-ba42-4652-b517-3579b43e7b35-500x280.jpg",500,280,true],"medium":["https:\/\/arantv.az\/wp-content\/uploads\/2021\/05\/94a783af-ba42-4652-b517-3579b43e7b35-487x365.jpg",487,365,true],"large":["https:\/\/arantv.az\/wp-content\/uploads\/2021\/05\/94a783af-ba42-4652-b517-3579b43e7b35.jpg",620,465,false],"1536x1536":["https:\/\/arantv.az\/wp-content\/uploads\/2021\/05\/94a783af-ba42-4652-b517-3579b43e7b35.jpg",620,465,false],"2048x2048":["https:\/\/arantv.az\/wp-content\/uploads\/2021\/05\/94a783af-ba42-4652-b517-3579b43e7b35.jpg",620,465,false],"post-thumbnail":["https:\/\/arantv.az\/wp-content\/uploads\/2021\/05\/94a783af-ba42-4652-b517-3579b43e7b35-240x172.jpg",240,172,true],"advps-thumb-one":["https:\/\/arantv.az\/wp-content\/uploads\/2021\/05\/94a783af-ba42-4652-b517-3579b43e7b35.jpg",620,465,false]},"rttpg_author":{"display_name":"V\u00fcsal Rafiqo\u011flu","author_link":"https:\/\/arantv.az\/?author=2"},"rttpg_comment":0,"rttpg_category":"<a href=\"https:\/\/arantv.az\/?cat=26\" rel=\"category\">Sosial<\/a>","rttpg_excerpt":"May\u0131n 28-d\u0259 Az\u0259rbaycan Xalq C\u00fcmhuriyy\u0259tinin 103-c\u00fc ild\u00f6n\u00fcm\u00fcn\u00fcn qeyd olunmas\u0131 \u015f\u0259r\u0259fin\u0259 Peru Konqresinin binas\u0131 v\u0259 paytaxt Lima \u015f\u0259h\u0259rinin \u0259sas tarixi rayonu hesab olunan Miraflores b\u0259l\u0259diyy\u0259sinin binas\u0131 Az\u0259rbaycan milli bayra\u011f\u0131n\u0131n r\u0259ngl\u0259ri il\u0259 i\u015f\u0131qland\u0131r\u0131l\u0131b. Bu bar\u0259d\u0259 Az\u0259rbaycan Respublikas\u0131n\u0131n Meksikadak\u0131 S\u0259firliyi m\u0259lumat yay\u0131b. Bildirilib ki, bu m\u00fcnasib\u0259tl\u0259 Konqresd\u0259ki Peru-Az\u0259rbaycan parlamentl\u0259raras\u0131 dostluq qrupunun r\u0259hb\u0259ri Gilyermo Aliaqa Paxares v\u0259 Perudak\u0131 n\u00fcmay\u0259nd\u0259liyimizin&hellip;","_links":{"self":[{"href":"https:\/\/arantv.az\/index.php?rest_route=\/wp\/v2\/posts\/341667"}],"collection":[{"href":"https:\/\/arantv.az\/index.php?rest_route=\/wp\/v2\/posts"}],"about":[{"href":"https:\/\/arantv.az\/index.php?rest_route=\/wp\/v2\/types\/post"}],"author":[{"embeddable":true,"href":"https:\/\/arantv.az\/index.php?rest_route=\/wp\/v2\/users\/2"}],"replies":[{"embeddable":true,"href":"https:\/\/arantv.az\/index.php?rest_route=%2Fwp%2Fv2%2Fcomments&post=341667"}],"version-history":[{"count":0,"href":"https:\/\/arantv.az\/index.php?rest_route=\/wp\/v2\/posts\/341667\/revisions"}],"wp:featuredmedia":[{"embeddable":true,"href":"https:\/\/arantv.az\/index.php?rest_route=\/wp\/v2\/media\/341668"}],"wp:attachment":[{"href":"https:\/\/arantv.az\/index.php?rest_route=%2Fwp%2Fv2%2Fmedia&parent=341667"}],"wp:term":[{"taxonomy":"category","embeddable":true,"href":"https:\/\/arantv.az\/index.php?rest_route=%2Fwp%2Fv2%2Fcategories&post=341667"},{"taxonomy":"post_tag","embeddable":true,"href":"https:\/\/arantv.az\/index.php?rest_route=%2Fwp%2Fv2%2Ftags&post=341667"}],"curies":[{"name":"wp","href":"https:\/\/api.w.org\/{rel}","templated":true}]}}