{"id":341674,"date":"2021-05-29T09:33:06","date_gmt":"2021-05-29T06:33:06","guid":{"rendered":"https:\/\/arantv.az\/?p=341674"},"modified":"2021-05-29T09:33:06","modified_gmt":"2021-05-29T06:33:06","slug":"respublika-gunu-munasib%c9%99til%c9%99-turkiy%c9%99d%c9%99-xususi-jurnal-cap-edilib","status":"publish","type":"post","link":"https:\/\/arantv.az\/?p=341674","title":{"rendered":"Respublika G\u00fcn\u00fc m\u00fcnasib\u0259til\u0259 T\u00fcrkiy\u0259d\u0259 x\u00fcsusi jurnal \u00e7ap edilib"},"content":{"rendered":"<p>T\u00fcrkiy\u0259d\u0259 28 may-Respublika G\u00fcn\u00fc m\u00fcnasib\u0259til\u0259 x\u00fcsusi jurnal \u00e7ap edilib.<\/p>\n<p><img src=\"https:\/\/ikisahil.az\/upload\/\/2021\/05\/29\/\/-e02a35b1162226516895912856110395797.jpeg\" alt=\"\" \/>\u201cD\u00fcn\u0259nd\u0259n bu g\u00fcn\u0259 Az\u0259rbaycan-T\u00fcrkiy\u0259 \u0259laq\u0259l\u0259ri\u201d adl\u0131 n\u0259\u015fr \u0130stanbul Universitetind\u0259 f\u0259aliyy\u0259t g\u00f6st\u0259r\u0259n Az\u0259rbaycan-T\u00fcrkiy\u0259 Qarda\u015fl\u0131q v\u0259 H\u0259mr\u0259ylik Birliyi t\u0259r\u0259find\u0259n haz\u0131rlan\u0131b.<\/p>\n<p>T\u00fcrkiy\u0259nin \u0130stanbul, Ankara v\u0259 Antalya \u015f\u0259h\u0259rl\u0259rind\u0259 ictimaiyy\u0259t\u0259 t\u0259qdim edil\u0259n jurnalda Az\u0259rbaycan Demokratik Respublikas\u0131n\u0131n qurulmas\u0131, ulu \u00f6nd\u0259r Heyd\u0259r \u018fliyev d\u00f6vr\u00fcnd\u0259 T\u00fcrkiy\u0259-Az\u0259rbaycan m\u00fcnasib\u0259tl\u0259ri, Az\u0259rbaycan\u0131n elm adamlar\u0131 v\u0259 bir s\u0131ra dig\u0259r m\u00f6vzularda geni\u015f m\u0259qal\u0259l\u0259r yer al\u0131b.<\/p>\n<p>AZ\u018fRTAC<\/p>\n","protected":false},"excerpt":{"rendered":"<p>T\u00fcrkiy\u0259d\u0259 28 may-Respublika G\u00fcn\u00fc m\u00fcnasib\u0259til\u0259 x\u00fcsusi jurnal \u00e7ap edilib. \u201cD\u00fcn\u0259nd\u0259n bu g\u00fcn\u0259 Az\u0259rbaycan-T\u00fcrkiy\u0259 \u0259laq\u0259l\u0259ri\u201d adl\u0131 n\u0259\u015fr \u0130stanbul Universitetind\u0259 f\u0259aliyy\u0259t g\u00f6st\u0259r\u0259n Az\u0259rbaycan-T\u00fcrkiy\u0259 Qarda\u015fl\u0131q v\u0259 H\u0259mr\u0259ylik Birliyi t\u0259r\u0259find\u0259n haz\u0131rlan\u0131b. T\u00fcrkiy\u0259nin \u0130stanbul, Ankara v\u0259 Antalya \u015f\u0259h\u0259rl\u0259rind\u0259 ictimaiyy\u0259t\u0259 t\u0259qdim edil\u0259n jurnalda Az\u0259rbaycan Demokratik Respublikas\u0131n\u0131n qurulmas\u0131, ulu \u00f6nd\u0259r Heyd\u0259r \u018fliyev d\u00f6vr\u00fcnd\u0259 T\u00fcrkiy\u0259-Az\u0259rbaycan m\u00fcnasib\u0259tl\u0259ri, Az\u0259rbaycan\u0131n elm adamlar\u0131 v\u0259 bir s\u0131ra dig\u0259r m\u00f6vzularda geni\u015f m\u0259qal\u0259l\u0259r yer al\u0131b. AZ\u018fRTAC<\/p>\n","protected":false},"author":2,"featured_media":341675,"comment_status":"closed","ping_status":"closed","sticky":false,"template":"","format":"standard","meta":{"om_disable_all_campaigns":false,"_monsterinsights_skip_tracking":false,"_monsterinsights_sitenote_active":false,"_monsterinsights_sitenote_note":"","_monsterinsights_sitenote_category":0},"categories":[26],"tags":[],"aioseo_notices":[],"gutentor_comment":0,"rttpg_featured_image_url":{"full":["https:\/\/arantv.az\/wp-content\/uploads\/2021\/05\/ea96efc0159965491285171344311035101.jpg",975,540,false],"landscape":["https:\/\/arantv.az\/wp-content\/uploads\/2021\/05\/ea96efc0159965491285171344311035101.jpg",975,540,false],"portraits":["https:\/\/arantv.az\/wp-content\/uploads\/2021\/05\/ea96efc0159965491285171344311035101.jpg",975,540,false],"thumbnail":["https:\/\/arantv.az\/wp-content\/uploads\/2021\/05\/ea96efc0159965491285171344311035101-500x280.jpg",500,280,true],"medium":["https:\/\/arantv.az\/wp-content\/uploads\/2021\/05\/ea96efc0159965491285171344311035101-660x365.jpg",660,365,true],"large":["https:\/\/arantv.az\/wp-content\/uploads\/2021\/05\/ea96efc0159965491285171344311035101-840x465.jpg",640,354,true],"1536x1536":["https:\/\/arantv.az\/wp-content\/uploads\/2021\/05\/ea96efc0159965491285171344311035101.jpg",975,540,false],"2048x2048":["https:\/\/arantv.az\/wp-content\/uploads\/2021\/05\/ea96efc0159965491285171344311035101.jpg",975,540,false],"post-thumbnail":["https:\/\/arantv.az\/wp-content\/uploads\/2021\/05\/ea96efc0159965491285171344311035101-240x172.jpg",240,172,true],"advps-thumb-one":["https:\/\/arantv.az\/wp-content\/uploads\/2021\/05\/ea96efc0159965491285171344311035101.jpg",975,540,false]},"rttpg_author":{"display_name":"V\u00fcsal Rafiqo\u011flu","author_link":"https:\/\/arantv.az\/?author=2"},"rttpg_comment":0,"rttpg_category":"<a href=\"https:\/\/arantv.az\/?cat=26\" rel=\"category\">Sosial<\/a>","rttpg_excerpt":"T\u00fcrkiy\u0259d\u0259 28 may-Respublika G\u00fcn\u00fc m\u00fcnasib\u0259til\u0259 x\u00fcsusi jurnal \u00e7ap edilib. \u201cD\u00fcn\u0259nd\u0259n bu g\u00fcn\u0259 Az\u0259rbaycan-T\u00fcrkiy\u0259 \u0259laq\u0259l\u0259ri\u201d adl\u0131 n\u0259\u015fr \u0130stanbul Universitetind\u0259 f\u0259aliyy\u0259t g\u00f6st\u0259r\u0259n Az\u0259rbaycan-T\u00fcrkiy\u0259 Qarda\u015fl\u0131q v\u0259 H\u0259mr\u0259ylik Birliyi t\u0259r\u0259find\u0259n haz\u0131rlan\u0131b. T\u00fcrkiy\u0259nin \u0130stanbul, Ankara v\u0259 Antalya \u015f\u0259h\u0259rl\u0259rind\u0259 ictimaiyy\u0259t\u0259 t\u0259qdim edil\u0259n jurnalda Az\u0259rbaycan Demokratik Respublikas\u0131n\u0131n qurulmas\u0131, ulu \u00f6nd\u0259r Heyd\u0259r \u018fliyev d\u00f6vr\u00fcnd\u0259 T\u00fcrkiy\u0259-Az\u0259rbaycan m\u00fcnasib\u0259tl\u0259ri, Az\u0259rbaycan\u0131n elm adamlar\u0131 v\u0259 bir s\u0131ra dig\u0259r&hellip;","_links":{"self":[{"href":"https:\/\/arantv.az\/index.php?rest_route=\/wp\/v2\/posts\/341674"}],"collection":[{"href":"https:\/\/arantv.az\/index.php?rest_route=\/wp\/v2\/posts"}],"about":[{"href":"https:\/\/arantv.az\/index.php?rest_route=\/wp\/v2\/types\/post"}],"author":[{"embeddable":true,"href":"https:\/\/arantv.az\/index.php?rest_route=\/wp\/v2\/users\/2"}],"replies":[{"embeddable":true,"href":"https:\/\/arantv.az\/index.php?rest_route=%2Fwp%2Fv2%2Fcomments&post=341674"}],"version-history":[{"count":0,"href":"https:\/\/arantv.az\/index.php?rest_route=\/wp\/v2\/posts\/341674\/revisions"}],"wp:featuredmedia":[{"embeddable":true,"href":"https:\/\/arantv.az\/index.php?rest_route=\/wp\/v2\/media\/341675"}],"wp:attachment":[{"href":"https:\/\/arantv.az\/index.php?rest_route=%2Fwp%2Fv2%2Fmedia&parent=341674"}],"wp:term":[{"taxonomy":"category","embeddable":true,"href":"https:\/\/arantv.az\/index.php?rest_route=%2Fwp%2Fv2%2Fcategories&post=341674"},{"taxonomy":"post_tag","embeddable":true,"href":"https:\/\/arantv.az\/index.php?rest_route=%2Fwp%2Fv2%2Ftags&post=341674"}],"curies":[{"name":"wp","href":"https:\/\/api.w.org\/{rel}","templated":true}]}}