{"id":341719,"date":"2021-05-29T20:33:43","date_gmt":"2021-05-29T17:33:43","guid":{"rendered":"https:\/\/arantv.az\/?p=341719"},"modified":"2021-05-29T20:33:43","modified_gmt":"2021-05-29T17:33:43","slug":"%c9%99li-%c9%99s%c9%99dovdan-qriqoryana-sill%c9%99-kimi-cavab-erm%c9%99ni-h%c9%99rbcil%c9%99rin-gec%c9%99-saat-3-d%c9%99-%c9%99razimizd%c9%99-n%c9%99-isi-var-idi","status":"publish","type":"post","link":"https:\/\/arantv.az\/?p=341719","title":{"rendered":"\u018fli \u018fs\u0259dovdan Qriqoryana sill\u0259 kimi CAVAB: \u201cErm\u0259ni h\u0259rb\u00e7il\u0259rin gec\u0259 saat 3-d\u0259 \u0259razimizd\u0259 n\u0259 i\u015fi var idi?\u201d"},"content":{"rendered":"<p>May\u0131n 28-d\u0259 Minskd\u0259 M\u00fcst\u0259qil D\u00f6vl\u0259t Birliyi (MDB) H\u00f6kum\u0259t Ba\u015f\u00e7\u0131lar\u0131 \u015euras\u0131n\u0131n iclas\u0131 ke\u00e7irilib.<\/p>\n<p><strong>ARANTV.AZ<\/strong>\u00a0x\u0259b\u0259r verir ki, Az\u0259rbaycan Respublikas\u0131n\u0131n Ba\u015f naziri \u018fli \u018fs\u0259dov iclasda i\u015ftirak edib.<\/p>\n<p>\u018fli \u018fs\u0259dov iclas\u0131n g\u00fcnd\u0259liyin\u0259 aid m\u0259ruz\u0259 il\u0259 \u00e7\u0131x\u0131\u015f edib. O qeyd edib ki, sosial-iqtisadi v\u0259 humanitar sah\u0259l\u0259rd\u0259 qar\u015f\u0131l\u0131ql\u0131 \u0259laq\u0259l\u0259rin m\u00f6hk\u0259ml\u0259nm\u0259si bundan sonra da MDB m\u0259kan\u0131nda \u0259m\u0259kda\u015fl\u0131\u011f\u0131n h\u0259rt\u0259r\u0259fli inki\u015faf\u0131na \u015f\u0259rait yaradacaq. Ba\u015f nazir Az\u0259rbaycanda koronavuris infeksiyas\u0131n\u0131n yay\u0131lmas\u0131n\u0131n qar\u015f\u0131s\u0131n\u0131 almaq v\u0259 pandemiyan\u0131n iqtisadiyyata m\u0259nfi t\u0259sirini aradan qald\u0131rmaq \u00fc\u00e7\u00fcn g\u00f6r\u00fcl\u0259n t\u0259xir\u0259sal\u0131nmaz t\u0259dbirl\u0259r bar\u0259d\u0259 m\u0259lumat verib.<\/p>\n<div id=\"AdviadNativeVideo0\" class=\"AdviadNativeVideo\"><\/div>\n<p>\u018f.\u018fs\u0259dov \u015eura \u00fczvl\u0259rinin diqq\u0259tini Az\u0259rbaycan torpaqlar\u0131n\u0131n erm\u0259ni i\u015f\u011fal\u0131ndan azad edilm\u0259si il\u0259 \u0259laq\u0259dar C\u0259nubi Qafqazda yaranm\u0131\u015f yeni geoiqtisadi reall\u0131\u011fa c\u0259lb edib. Qeyd olunub ki, n\u0259qliyyat yollar\u0131n\u0131n a\u00e7\u0131lmas\u0131 v\u0259 kommunikasiya arteriyalar\u0131 \u015f\u0259b\u0259k\u0259sinin yarad\u0131lmas\u0131 C\u0259nubi Qafqaz\u0131n n\u0259qliyyat v\u0259 iqtisadi potensial\u0131n\u0131 \u0259h\u0259miyy\u0259tli d\u0259r\u0259c\u0259d\u0259 art\u0131racaq, h\u0259m regionda, h\u0259m d\u0259 b\u00fct\u00fcn Birlik m\u0259kan\u0131nda inki\u015faf \u00fc\u00e7\u00fcn b\u00f6y\u00fck perspektivl\u0259r yaradacaq.<\/p>\n<p>Az\u0259rbaycan\u0131n Ba\u015f nazirind\u0259n sonra Erm\u0259nistan\u00a0ba\u015f nazirinin m\u00fcavininin s\u0259lahiyy\u0259tl\u0259rini icra ed\u0259n Mqer Qriqoryan \u00e7\u0131x\u0131\u015f edib. O, Az\u0259rbaycan Respublikas\u0131na \u0259sass\u0131z h\u00fccumlar edib, \u00f6lk\u0259mizi guya Erm\u0259nistan\u0131n \u0259razi b\u00fct\u00f6vl\u00fcy\u00fcn\u00fc v\u0259 suverenliyini pozmaqda, h\u0259rbi \u0259sirl\u0259ri saxlamaqda v\u0259 may\u0131n 27-d\u0259 alt\u0131 n\u0259f\u0259r erm\u0259ni h\u0259rbi qulluq\u00e7usunu \u0259sir g\u00f6t\u00fcrm\u0259kd\u0259 ittiham edib.<\/p>\n<p>Ba\u015f nazir \u018fli \u018fs\u0259dov MDB H\u00f6kum\u0259t Ba\u015f\u00e7\u0131lar\u0131 \u015euras\u0131n\u0131n s\u0259drin\u0259 m\u00fcraci\u0259t ed\u0259r\u0259k erm\u0259ni t\u0259r\u0259fin yalan v\u0259 b\u00f6htanla dolu ittihamlar\u0131na cavab verib. \u018fli \u018fs\u0259dov h\u0259l\u0259 2020-ci il noyabr\u0131n 6-da MDB H\u00f6kum\u0259t Ba\u015f\u00e7\u0131lar\u0131 \u015euras\u0131n\u0131n videokonfrans format\u0131nda ke\u00e7irilmi\u015f iclas\u0131ndak\u0131 \u00e7\u0131x\u0131\u015f\u0131nda Az\u0259rbaycan\u0131n he\u00e7 vaxt ba\u015fqas\u0131n\u0131n birc\u0259 qar\u0131\u015f bel\u0259 torpa\u011f\u0131na iddia etm\u0259diyini bildirm\u0259sini xat\u0131rlad\u0131b. Az\u0259rbaycan\u0131n Ba\u015f naziri deyib: \u201cBu g\u00fcn h\u0259min tezisi bir daha t\u0259sdiq ed\u0259 bil\u0259r\u0259m. Biz Erm\u0259nistan Respublikas\u0131n\u0131n birc\u0259 qar\u0131\u015f bel\u0259 torpa\u011f\u0131na iddia etmirik, lakin \u00f6z\u00fcm\u00fcz\u00fcn d\u0259 birc\u0259 qar\u0131\u015f bel\u0259 torpa\u011f\u0131m\u0131z\u0131 he\u00e7 k\u0259s\u0259 verm\u0259y\u0259c\u0259yik. Bu, bizim prinsipial m\u00f6vqeyimizdir\u201d.<\/p>\n<p>Qeyd edilib ki, Az\u0259rbaycan 2020-ci il noyabr\u0131n 20-d\u0259, y\u0259ni Az\u0259rbaycan, Rusiya v\u0259 Erm\u0259nistan liderl\u0259rinin 9\/10 noyabr 2020-ci il tarixli \u00fc\u00e7t\u0259r\u0259fli B\u0259yanat\u0131na \u0259sas\u0259n h\u0259rbi \u0259m\u0259liyyatlar dayand\u0131r\u0131landan sonra \u0259ll\u0259rind\u0259 silah oldu\u011fu halda Az\u0259rbaycan \u0259razisin\u0259 ke\u00e7mi\u015f v\u0259 d\u00f6rd n\u0259f\u0259ri, o c\u00fcml\u0259d\u0259n \u00fc\u00e7 dinc sakini q\u0259tl\u0259 yetirmi\u015f erm\u0259ni h\u0259rb\u00e7il\u0259rini h\u0259rbi \u0259sir hesab etmir.<\/p>\n<p>Ba\u015f nazir may\u0131n 27-d\u0259 ba\u015f vermi\u015f insident\u0259 toxunaraq bildirib ki, Erm\u0259nistandan olan bir qrup silahl\u0131 \u015f\u0259xs K\u0259lb\u0259c\u0259r rayonunun Yuxar\u0131 Ayr\u0131m ya\u015fay\u0131\u015f m\u0259nt\u0259q\u0259si istiqam\u0259tind\u0259 d\u00f6vl\u0259t s\u0259rh\u0259dini ke\u00e7m\u0259y\u0259 c\u0259hd g\u00f6st\u0259rib, n\u0259tic\u0259d\u0259 alt\u0131 n\u0259f\u0259r erm\u0259ni h\u0259rb\u00e7isi t\u0259rksilah edilib v\u0259 \u0259sir g\u00f6t\u00fcr\u00fcl\u00fcb. \u018f.\u018fs\u0259dov MDB H\u00f6kum\u0259t Ba\u015f\u00e7\u0131lar\u0131 \u015euras\u0131n\u0131n \u00fczvl\u0259rin\u0259 m\u00fcraci\u0259tl\u0259 deyib: \u201cH\u00f6rm\u0259tli h\u0259mkarlar, m\u0259nim Erm\u0259nistan\u00a0ba\u015f nazirinin m\u00fcavininin\u00a0s\u0259lahiyy\u0259tl\u0259rini icra ed\u0259n \u015f\u0259xs\u0259 v\u0259 Siz\u0259 sual\u0131m var: Erm\u0259nistan h\u0259rb\u00e7il\u0259rinin may\u0131n 27-d\u0259 gec\u0259 saat 3-d\u0259 Az\u0259rbaycan Respublikas\u0131 K\u0259lb\u0259c\u0259r rayonunun Yuxar\u0131 Ayr\u0131m k\u0259ndind\u0259 n\u0259 i\u015fl\u0259ri vard\u0131? Onlar bizim \u0259razini niy\u0259 minalay\u0131rd\u0131lar?\u201d.<\/p>\n<p>Az\u0259rbaycan\u0131n Ba\u015f naziri x\u00fcsusi vur\u011fulay\u0131b ki, Az\u0259rbaycan t\u0259r\u0259fi insident ba\u015f ver\u0259n \u0259razi bar\u0259d\u0259 b\u00fct\u00fcn m\u0259lumatlara, o c\u00fcml\u0259d\u0259n h\u0259min yerin co\u011frafi koordinatlar\u0131na (en v\u0259 uzunluq dair\u0259l\u0259ri, saniy\u0259 d\u0259qiqliyi il\u0259) malikdir. \u018f.\u018fs\u0259dov iclas i\u015ftirak\u00e7\u0131lar\u0131n\u0131n diqq\u0259tini Erm\u0259nistan\u0131n ba\u015f naziri s\u0259lahiyy\u0259tl\u0259rini icra ed\u0259n \u015f\u0259xsin v\u0259 bu \u00f6lk\u0259nin ba\u015f q\u0259rargah r\u0259isinin m\u00fcavininin insident bar\u0259d\u0259 b\u0259yanatlar\u0131ndak\u0131 ciddi uy\u011funsuzluqlara c\u0259lb edib. Qeyd edilib ki, Erm\u0259nistan bu m\u0259s\u0259l\u0259ni h\u0259r vasit\u0259 il\u0259 beyn\u0259lmil\u0259ll\u0259\u015fdirm\u0259y\u0259 c\u0259hd edir v\u0259 h\u0259mi\u015f\u0259ki kimi, ba\u015fqa \u00f6lk\u0259l\u0259ri bu m\u0259s\u0259l\u0259y\u0259 c\u0259lb etm\u0259y\u0259 \u00e7al\u0131\u015f\u0131r.<\/p>\n<p>Qeyd olunub ki, Az\u0259rbaycan m\u00fcst\u0259qillik \u0259ld\u0259 ed\u0259nd\u0259n sonra h\u0259mh\u00fcdud d\u00f6vl\u0259tl\u0259rl\u0259, o c\u00fcml\u0259d\u0259n Rusiya, \u0130ran v\u0259 G\u00fcrc\u00fcstanla s\u0259rh\u0259dl\u0259rinin beyn\u0259lxalq h\u00fcquq normalar\u0131na uy\u011fun \u015f\u0259kild\u0259 delimitasiya v\u0259 demarkasiyas\u0131n\u0131 h\u0259yata ke\u00e7irib. Ba\u015f nazir deyib: \u201cErm\u0259nistan il\u0259 s\u0259rh\u0259din delimitasiya v\u0259 demarkasiyas\u0131n\u0131 h\u0259yata ke\u00e7irm\u0259k is\u0259 m\u00fcmk\u00fcn deyildi, \u00e7\u00fcnki Az\u0259rbaycan Respublikas\u0131n\u0131n \u0259razisinin bir hiss\u0259si erm\u0259ni silahl\u0131 q\u00fcvv\u0259l\u0259ri t\u0259r\u0259find\u0259n i\u015f\u011fal edilmi\u015fdi\u201d.<\/p>\n<p>Bildirilib ki, indi, h\u0259rbi \u0259m\u0259liyyatlar ba\u015fa \u00e7atandan sonra Az\u0259rbaycan \u00f6z s\u0259rh\u0259d infrastrukturunu m\u00fc\u0259yy\u0259n etm\u0259y\u0259 ba\u015flay\u0131b v\u0259 Erm\u0259nistan il\u0259 s\u0259rh\u0259d x\u0259tl\u0259ri m\u0259s\u0259l\u0259sini konstruktiv \u015f\u0259kild\u0259 h\u0259ll etm\u0259y\u0259 tam haz\u0131rd\u0131r.<\/p>\n<p>\u018f.\u018fs\u0259dov deyib ki, bununla \u0259laq\u0259dar Az\u0259rbaycan Rusiya t\u0259r\u0259finin Az\u0259rbaycan il\u0259 Erm\u0259nistan aras\u0131nda s\u0259rh\u0259din delimitasiya v\u0259 demarkasiyas\u0131 \u00fczr\u0259 m\u00fcvafiq \u00fc\u00e7t\u0259r\u0259fli komissiya yarad\u0131lmas\u0131 t\u0259klifini d\u0259st\u0259kl\u0259yib. Qeyd edilib ki, s\u0259rh\u0259d x\u0259tl\u0259rinin m\u00fc\u0259yy\u0259n edilm\u0259si texniki prosesdir v\u0259 bu prosesin ciddi beyn\u0259lxalq h\u00fcquqi \u0259sas\u0131 olmal\u0131d\u0131r.<\/p>\n<p>Ba\u015f nazir bildirib ki, Az\u0259rbaycan regionda davaml\u0131 s\u00fclh\u00fcn v\u0259 t\u0259hl\u00fck\u0259sizliyin t\u0259min edilm\u0259sin\u0259, o c\u00fcml\u0259d\u0259n m\u00fcnaqi\u015f\u0259d\u0259n sonrak\u0131 v\u0259ziyy\u0259tin normalla\u015fd\u0131r\u0131lmas\u0131 prosesin\u0259 v\u0259 b\u00fct\u00fcn fikir ayr\u0131l\u0131qlar\u0131n\u0131n 2020-ci il 9\/10 noyabr v\u0259 2021-ci il 11 yanvar tarixli \u00fc\u00e7t\u0259r\u0259fli b\u0259yanatlar\u0131n m\u00fcdd\u0259alar\u0131n\u0131n vicdanla yerin\u0259 yetirilm\u0259si kontekstind\u0259 diplomatik vasit\u0259l\u0259rl\u0259 h\u0259ll edilm\u0259sin\u0259 t\u0259r\u0259fdard\u0131r.<\/p>\n","protected":false},"excerpt":{"rendered":"<p>May\u0131n 28-d\u0259 Minskd\u0259 M\u00fcst\u0259qil D\u00f6vl\u0259t Birliyi (MDB) H\u00f6kum\u0259t Ba\u015f\u00e7\u0131lar\u0131 \u015euras\u0131n\u0131n iclas\u0131 ke\u00e7irilib. ARANTV.AZ\u00a0x\u0259b\u0259r verir ki, Az\u0259rbaycan Respublikas\u0131n\u0131n Ba\u015f naziri \u018fli \u018fs\u0259dov iclasda i\u015ftirak edib. \u018fli \u018fs\u0259dov iclas\u0131n g\u00fcnd\u0259liyin\u0259 aid m\u0259ruz\u0259 il\u0259 \u00e7\u0131x\u0131\u015f edib. O qeyd edib ki, sosial-iqtisadi v\u0259 humanitar sah\u0259l\u0259rd\u0259 qar\u015f\u0131l\u0131ql\u0131 \u0259laq\u0259l\u0259rin m\u00f6hk\u0259ml\u0259nm\u0259si bundan sonra da MDB m\u0259kan\u0131nda \u0259m\u0259kda\u015fl\u0131\u011f\u0131n h\u0259rt\u0259r\u0259fli inki\u015faf\u0131na \u015f\u0259rait yaradacaq. Ba\u015f nazir Az\u0259rbaycanda koronavuris infeksiyas\u0131n\u0131n yay\u0131lmas\u0131n\u0131n qar\u015f\u0131s\u0131n\u0131 almaq v\u0259 pandemiyan\u0131n iqtisadiyyata m\u0259nfi t\u0259sirini aradan qald\u0131rmaq \u00fc\u00e7\u00fcn g\u00f6r\u00fcl\u0259n t\u0259xir\u0259sal\u0131nmaz t\u0259dbirl\u0259r bar\u0259d\u0259 m\u0259lumat verib. \u018f.\u018fs\u0259dov \u015eura \u00fczvl\u0259rinin diqq\u0259tini Az\u0259rbaycan torpaqlar\u0131n\u0131n erm\u0259ni i\u015f\u011fal\u0131ndan azad edilm\u0259si il\u0259 \u0259laq\u0259dar C\u0259nubi Qafqazda&hellip;<\/p>\n","protected":false},"author":2,"featured_media":341720,"comment_status":"closed","ping_status":"closed","sticky":false,"template":"","format":"standard","meta":{"om_disable_all_campaigns":false,"_monsterinsights_skip_tracking":false,"_monsterinsights_sitenote_active":false,"_monsterinsights_sitenote_note":"","_monsterinsights_sitenote_category":0},"categories":[4],"tags":[],"aioseo_notices":[],"gutentor_comment":0,"rttpg_featured_image_url":{"full":["https:\/\/arantv.az\/wp-content\/uploads\/2021\/05\/16222885922617565321_1000x669.jpg",620,399,false],"landscape":["https:\/\/arantv.az\/wp-content\/uploads\/2021\/05\/16222885922617565321_1000x669.jpg",620,399,false],"portraits":["https:\/\/arantv.az\/wp-content\/uploads\/2021\/05\/16222885922617565321_1000x669.jpg",620,399,false],"thumbnail":["https:\/\/arantv.az\/wp-content\/uploads\/2021\/05\/16222885922617565321_1000x669-500x280.jpg",500,280,true],"medium":["https:\/\/arantv.az\/wp-content\/uploads\/2021\/05\/16222885922617565321_1000x669-567x365.jpg",567,365,true],"large":["https:\/\/arantv.az\/wp-content\/uploads\/2021\/05\/16222885922617565321_1000x669.jpg",620,399,false],"1536x1536":["https:\/\/arantv.az\/wp-content\/uploads\/2021\/05\/16222885922617565321_1000x669.jpg",620,399,false],"2048x2048":["https:\/\/arantv.az\/wp-content\/uploads\/2021\/05\/16222885922617565321_1000x669.jpg",620,399,false],"post-thumbnail":["https:\/\/arantv.az\/wp-content\/uploads\/2021\/05\/16222885922617565321_1000x669-240x172.jpg",240,172,true],"advps-thumb-one":["https:\/\/arantv.az\/wp-content\/uploads\/2021\/05\/16222885922617565321_1000x669.jpg",620,399,false]},"rttpg_author":{"display_name":"V\u00fcsal Rafiqo\u011flu","author_link":"https:\/\/arantv.az\/?author=2"},"rttpg_comment":0,"rttpg_category":"<a href=\"https:\/\/arantv.az\/?cat=4\" rel=\"category\">Siyas\u0259t<\/a>","rttpg_excerpt":"May\u0131n 28-d\u0259 Minskd\u0259 M\u00fcst\u0259qil D\u00f6vl\u0259t Birliyi (MDB) H\u00f6kum\u0259t Ba\u015f\u00e7\u0131lar\u0131 \u015euras\u0131n\u0131n iclas\u0131 ke\u00e7irilib. ARANTV.AZ\u00a0x\u0259b\u0259r verir ki, Az\u0259rbaycan Respublikas\u0131n\u0131n Ba\u015f naziri \u018fli \u018fs\u0259dov iclasda i\u015ftirak edib. \u018fli \u018fs\u0259dov iclas\u0131n g\u00fcnd\u0259liyin\u0259 aid m\u0259ruz\u0259 il\u0259 \u00e7\u0131x\u0131\u015f edib. O qeyd edib ki, sosial-iqtisadi v\u0259 humanitar sah\u0259l\u0259rd\u0259 qar\u015f\u0131l\u0131ql\u0131 \u0259laq\u0259l\u0259rin m\u00f6hk\u0259ml\u0259nm\u0259si bundan sonra da MDB m\u0259kan\u0131nda \u0259m\u0259kda\u015fl\u0131\u011f\u0131n h\u0259rt\u0259r\u0259fli inki\u015faf\u0131na \u015f\u0259rait yaradacaq. Ba\u015f&hellip;","_links":{"self":[{"href":"https:\/\/arantv.az\/index.php?rest_route=\/wp\/v2\/posts\/341719"}],"collection":[{"href":"https:\/\/arantv.az\/index.php?rest_route=\/wp\/v2\/posts"}],"about":[{"href":"https:\/\/arantv.az\/index.php?rest_route=\/wp\/v2\/types\/post"}],"author":[{"embeddable":true,"href":"https:\/\/arantv.az\/index.php?rest_route=\/wp\/v2\/users\/2"}],"replies":[{"embeddable":true,"href":"https:\/\/arantv.az\/index.php?rest_route=%2Fwp%2Fv2%2Fcomments&post=341719"}],"version-history":[{"count":0,"href":"https:\/\/arantv.az\/index.php?rest_route=\/wp\/v2\/posts\/341719\/revisions"}],"wp:featuredmedia":[{"embeddable":true,"href":"https:\/\/arantv.az\/index.php?rest_route=\/wp\/v2\/media\/341720"}],"wp:attachment":[{"href":"https:\/\/arantv.az\/index.php?rest_route=%2Fwp%2Fv2%2Fmedia&parent=341719"}],"wp:term":[{"taxonomy":"category","embeddable":true,"href":"https:\/\/arantv.az\/index.php?rest_route=%2Fwp%2Fv2%2Fcategories&post=341719"},{"taxonomy":"post_tag","embeddable":true,"href":"https:\/\/arantv.az\/index.php?rest_route=%2Fwp%2Fv2%2Ftags&post=341719"}],"curies":[{"name":"wp","href":"https:\/\/api.w.org\/{rel}","templated":true}]}}