{"id":341731,"date":"2021-05-29T20:37:01","date_gmt":"2021-05-29T17:37:01","guid":{"rendered":"https:\/\/arantv.az\/?p=341731"},"modified":"2021-05-29T20:37:01","modified_gmt":"2021-05-29T17:37:01","slug":"az%c9%99rbaycanda-uc-filiz-yatagi-30-il-mudd%c9%99tin%c9%99-xarici-sirk%c9%99tl%c9%99rin-istismarina-verilir-s%c9%99r%c9%99ncam","status":"publish","type":"post","link":"https:\/\/arantv.az\/?p=341731","title":{"rendered":"Az\u0259rbaycanda \u00fc\u00e7 filiz yata\u011f\u0131 30 il m\u00fcdd\u0259tin\u0259 xarici \u015firk\u0259tl\u0259rin istismar\u0131na verilir &#8211; S\u018fR\u018fNCAM"},"content":{"rendered":"<p>Prezident \u0130lham \u018fliyev Az\u0259rbaycan Respublikas\u0131n\u0131n Qa\u015fqa\u00e7ay, Elb\u0259yda\u015f v\u0259 A\u011fduzda\u011f filiz yataqlar\u0131n\u0131n \u00f6yr\u0259nilm\u0259si, t\u0259dqiqi, k\u0259\u015ffiyyat\u0131, i\u015fl\u0259nm\u0259si v\u0259 istismar\u0131 il\u0259 \u0259laq\u0259dar b\u0259zi m\u0259s\u0259l\u0259l\u0259rin t\u0259nziml\u0259nm\u0259si haqq\u0131nda s\u0259r\u0259ncam imzalay\u0131b.<\/p>\n<div id=\"AdviadNativeVideo0\" class=\"AdviadNativeVideo\"><\/div>\n<p>Bununla ba\u011fl\u0131\u00a0<a href=\"https:\/\/azertag.az\/xeber\/Azerbaycan_Respublikasinin_Qasqachay_Elbeydas_ve_Agduzdag_filiz_yataqlarinin_oyrenilmesi_tedqiqi_kesfiyyati_islenmesi_ve_istismari_ile_elaqedar_bezi_meselelerin_tenzimlenmesi_haqqinda__Azerbaycan_Respublikasi_Prezidentinin_Serencami-1793489\" target=\"_blank\" rel=\"noopener\">AZ\u018fRTAC<\/a>\u00a0m\u0259lumat yay\u0131b.<\/p>\n<p>S\u0259r\u0259ncama \u0259sas\u0259n, yerin t\u0259kind\u0259n istifad\u0259 sah\u0259sind\u0259 m\u00fcnasib\u0259tl\u0259ri t\u0259nziml\u0259y\u0259n Az\u0259rbaycan Respublikas\u0131n\u0131n normativ h\u00fcquqi aktlar\u0131na uy\u011fun olaraq Qa\u015fqa\u00e7ay filiz yata\u011f\u0131 \u201cEti Bak\u0131r A.\u015e.\u201d \u015firk\u0259tin\u0259, Elb\u0259yda\u015f v\u0259 A\u011fduzda\u011f filiz yataqlar\u0131 \u201cArtvin Maden A.\u015e.\u201d \u015firk\u0259tin\u0259 \u00f6yr\u0259nilm\u0259, t\u0259dqiq, k\u0259\u015ffiyyat, i\u015fl\u0259nm\u0259 v\u0259 istismar m\u0259qs\u0259dl\u0259ri \u00fc\u00e7\u00fcn 30 il m\u00fcdd\u0259tin\u0259 m\u00fcqavil\u0259 \u0259sas\u0131nda istifad\u0259y\u0259 verilir.<\/p>\n","protected":false},"excerpt":{"rendered":"<p>Prezident \u0130lham \u018fliyev Az\u0259rbaycan Respublikas\u0131n\u0131n Qa\u015fqa\u00e7ay, Elb\u0259yda\u015f v\u0259 A\u011fduzda\u011f filiz yataqlar\u0131n\u0131n \u00f6yr\u0259nilm\u0259si, t\u0259dqiqi, k\u0259\u015ffiyyat\u0131, i\u015fl\u0259nm\u0259si v\u0259 istismar\u0131 il\u0259 \u0259laq\u0259dar b\u0259zi m\u0259s\u0259l\u0259l\u0259rin t\u0259nziml\u0259nm\u0259si haqq\u0131nda s\u0259r\u0259ncam imzalay\u0131b. Bununla ba\u011fl\u0131\u00a0AZ\u018fRTAC\u00a0m\u0259lumat yay\u0131b. S\u0259r\u0259ncama \u0259sas\u0259n, yerin t\u0259kind\u0259n istifad\u0259 sah\u0259sind\u0259 m\u00fcnasib\u0259tl\u0259ri t\u0259nziml\u0259y\u0259n Az\u0259rbaycan Respublikas\u0131n\u0131n normativ h\u00fcquqi aktlar\u0131na uy\u011fun olaraq Qa\u015fqa\u00e7ay filiz yata\u011f\u0131 \u201cEti Bak\u0131r A.\u015e.\u201d \u015firk\u0259tin\u0259, Elb\u0259yda\u015f v\u0259 A\u011fduzda\u011f filiz yataqlar\u0131 \u201cArtvin Maden A.\u015e.\u201d \u015firk\u0259tin\u0259 \u00f6yr\u0259nilm\u0259, t\u0259dqiq, k\u0259\u015ffiyyat, i\u015fl\u0259nm\u0259 v\u0259 istismar m\u0259qs\u0259dl\u0259ri \u00fc\u00e7\u00fcn 30 il m\u00fcdd\u0259tin\u0259 m\u00fcqavil\u0259 \u0259sas\u0131nda istifad\u0259y\u0259 verilir.<\/p>\n","protected":false},"author":2,"featured_media":341732,"comment_status":"closed","ping_status":"closed","sticky":false,"template":"","format":"standard","meta":{"om_disable_all_campaigns":false,"_monsterinsights_skip_tracking":false,"_monsterinsights_sitenote_active":false,"_monsterinsights_sitenote_note":"","_monsterinsights_sitenote_category":0},"categories":[4],"tags":[],"aioseo_notices":[],"gutentor_comment":0,"rttpg_featured_image_url":{"full":["https:\/\/arantv.az\/wp-content\/uploads\/2021\/05\/191522140_1063860747472469_1563764861750122193_n.jpg",620,419,false],"landscape":["https:\/\/arantv.az\/wp-content\/uploads\/2021\/05\/191522140_1063860747472469_1563764861750122193_n.jpg",620,419,false],"portraits":["https:\/\/arantv.az\/wp-content\/uploads\/2021\/05\/191522140_1063860747472469_1563764861750122193_n.jpg",620,419,false],"thumbnail":["https:\/\/arantv.az\/wp-content\/uploads\/2021\/05\/191522140_1063860747472469_1563764861750122193_n-500x280.jpg",500,280,true],"medium":["https:\/\/arantv.az\/wp-content\/uploads\/2021\/05\/191522140_1063860747472469_1563764861750122193_n-540x365.jpg",540,365,true],"large":["https:\/\/arantv.az\/wp-content\/uploads\/2021\/05\/191522140_1063860747472469_1563764861750122193_n.jpg",620,419,false],"1536x1536":["https:\/\/arantv.az\/wp-content\/uploads\/2021\/05\/191522140_1063860747472469_1563764861750122193_n.jpg",620,419,false],"2048x2048":["https:\/\/arantv.az\/wp-content\/uploads\/2021\/05\/191522140_1063860747472469_1563764861750122193_n.jpg",620,419,false],"post-thumbnail":["https:\/\/arantv.az\/wp-content\/uploads\/2021\/05\/191522140_1063860747472469_1563764861750122193_n-240x172.jpg",240,172,true],"advps-thumb-one":["https:\/\/arantv.az\/wp-content\/uploads\/2021\/05\/191522140_1063860747472469_1563764861750122193_n.jpg",620,419,false]},"rttpg_author":{"display_name":"V\u00fcsal Rafiqo\u011flu","author_link":"https:\/\/arantv.az\/?author=2"},"rttpg_comment":0,"rttpg_category":"<a href=\"https:\/\/arantv.az\/?cat=4\" rel=\"category\">Siyas\u0259t<\/a>","rttpg_excerpt":"Prezident \u0130lham \u018fliyev Az\u0259rbaycan Respublikas\u0131n\u0131n Qa\u015fqa\u00e7ay, Elb\u0259yda\u015f v\u0259 A\u011fduzda\u011f filiz yataqlar\u0131n\u0131n \u00f6yr\u0259nilm\u0259si, t\u0259dqiqi, k\u0259\u015ffiyyat\u0131, i\u015fl\u0259nm\u0259si v\u0259 istismar\u0131 il\u0259 \u0259laq\u0259dar b\u0259zi m\u0259s\u0259l\u0259l\u0259rin t\u0259nziml\u0259nm\u0259si haqq\u0131nda s\u0259r\u0259ncam imzalay\u0131b. Bununla ba\u011fl\u0131\u00a0AZ\u018fRTAC\u00a0m\u0259lumat yay\u0131b. S\u0259r\u0259ncama \u0259sas\u0259n, yerin t\u0259kind\u0259n istifad\u0259 sah\u0259sind\u0259 m\u00fcnasib\u0259tl\u0259ri t\u0259nziml\u0259y\u0259n Az\u0259rbaycan Respublikas\u0131n\u0131n normativ h\u00fcquqi aktlar\u0131na uy\u011fun olaraq Qa\u015fqa\u00e7ay filiz yata\u011f\u0131 \u201cEti Bak\u0131r A.\u015e.\u201d \u015firk\u0259tin\u0259, Elb\u0259yda\u015f v\u0259 A\u011fduzda\u011f filiz yataqlar\u0131&hellip;","_links":{"self":[{"href":"https:\/\/arantv.az\/index.php?rest_route=\/wp\/v2\/posts\/341731"}],"collection":[{"href":"https:\/\/arantv.az\/index.php?rest_route=\/wp\/v2\/posts"}],"about":[{"href":"https:\/\/arantv.az\/index.php?rest_route=\/wp\/v2\/types\/post"}],"author":[{"embeddable":true,"href":"https:\/\/arantv.az\/index.php?rest_route=\/wp\/v2\/users\/2"}],"replies":[{"embeddable":true,"href":"https:\/\/arantv.az\/index.php?rest_route=%2Fwp%2Fv2%2Fcomments&post=341731"}],"version-history":[{"count":0,"href":"https:\/\/arantv.az\/index.php?rest_route=\/wp\/v2\/posts\/341731\/revisions"}],"wp:featuredmedia":[{"embeddable":true,"href":"https:\/\/arantv.az\/index.php?rest_route=\/wp\/v2\/media\/341732"}],"wp:attachment":[{"href":"https:\/\/arantv.az\/index.php?rest_route=%2Fwp%2Fv2%2Fmedia&parent=341731"}],"wp:term":[{"taxonomy":"category","embeddable":true,"href":"https:\/\/arantv.az\/index.php?rest_route=%2Fwp%2Fv2%2Fcategories&post=341731"},{"taxonomy":"post_tag","embeddable":true,"href":"https:\/\/arantv.az\/index.php?rest_route=%2Fwp%2Fv2%2Ftags&post=341731"}],"curies":[{"name":"wp","href":"https:\/\/api.w.org\/{rel}","templated":true}]}}