{"id":341734,"date":"2021-05-29T20:38:03","date_gmt":"2021-05-29T17:38:03","guid":{"rendered":"https:\/\/arantv.az\/?p=341734"},"modified":"2021-05-29T20:38:03","modified_gmt":"2021-05-29T17:38:03","slug":"ilham-%c9%99liyev-meliorasiya-v%c9%99-su-t%c9%99s%c9%99rrufati-asc-y%c9%99-20-milyon-manat-ayirdi-s%c9%99r%c9%99ncam","status":"publish","type":"post","link":"https:\/\/arantv.az\/?p=341734","title":{"rendered":"\u0130lham \u018fliyev Meliorasiya v\u0259 Su T\u0259s\u0259rr\u00fcfat\u0131 ASC-y\u0259 20 milyon manat ay\u0131rd\u0131 &#8211; S\u018fR\u018fNCAM"},"content":{"rendered":"<p>Prezident \u0130lham \u018fliyev \u0259kin sah\u0259l\u0259rinin suvarma suyu il\u0259 t\u0259minat\u0131n\u0131n yax\u015f\u0131la\u015fd\u0131r\u0131lmas\u0131 i\u015fl\u0259rinin davam etdirilm\u0259sin\u0259 dair \u0259lav\u0259 t\u0259dbirl\u0259r haqq\u0131nda s\u0259r\u0259ncam imzalay\u0131b.<\/p>\n<div id=\"AdviadNativeVideo0\" class=\"AdviadNativeVideo\"><\/div>\n<p>Bununla ba\u011fl\u0131\u00a0<a href=\"https:\/\/azertag.az\/xeber\/Akin_sahelerinin_suvarma_suyu_ile_teminatinin_yaxsilasdirilmasi_islerinin_davam_etdirilmesine_dair_elave_tedbirler_haqqinda__Azerbaycan_Respublikasi_Prezidentinin_Serencami-1793459\" target=\"_blank\" rel=\"noopener\">AZ\u018fRTAC<\/a>\u00a0x\u0259b\u0259r yay\u0131b.<\/p>\n<p>S\u0259r\u0259ncama \u0259sas\u0259n, \u0259kin sah\u0259l\u0259rinin suvarma suyu il\u0259 t\u0259minat\u0131n\u0131n yax\u015f\u0131la\u015fd\u0131r\u0131lmas\u0131, habel\u0259 \u0259kin d\u00f6vriyy\u0259sin\u0259 \u0259lav\u0259 torpaqlar\u0131n c\u0259lb olunmas\u0131 i\u015fl\u0259rinin davam etdirilm\u0259si v\u0259 bu istiqam\u0259td\u0259 yeni layih\u0259l\u0259rin haz\u0131rlanmas\u0131 m\u0259qs\u0259dil\u0259 Az\u0259rbaycan Respublikas\u0131n\u0131n 2021-ci il d\u00f6vl\u0259t b\u00fcdc\u0259sind\u0259 n\u0259z\u0259rd\u0259 tutulmu\u015f Az\u0259rbaycan Respublikas\u0131 Prezidentinin ehtiyat fondundan Az\u0259rbaycan Meliorasiya v\u0259 Su T\u0259s\u0259rr\u00fcfat\u0131 A\u00e7\u0131q S\u0259hmdar C\u0259miyy\u0259tin\u0259 20 milyon manat ayr\u0131l\u0131b.<\/p>\n","protected":false},"excerpt":{"rendered":"<p>Prezident \u0130lham \u018fliyev \u0259kin sah\u0259l\u0259rinin suvarma suyu il\u0259 t\u0259minat\u0131n\u0131n yax\u015f\u0131la\u015fd\u0131r\u0131lmas\u0131 i\u015fl\u0259rinin davam etdirilm\u0259sin\u0259 dair \u0259lav\u0259 t\u0259dbirl\u0259r haqq\u0131nda s\u0259r\u0259ncam imzalay\u0131b. Bununla ba\u011fl\u0131\u00a0AZ\u018fRTAC\u00a0x\u0259b\u0259r yay\u0131b. S\u0259r\u0259ncama \u0259sas\u0259n, \u0259kin sah\u0259l\u0259rinin suvarma suyu il\u0259 t\u0259minat\u0131n\u0131n yax\u015f\u0131la\u015fd\u0131r\u0131lmas\u0131, habel\u0259 \u0259kin d\u00f6vriyy\u0259sin\u0259 \u0259lav\u0259 torpaqlar\u0131n c\u0259lb olunmas\u0131 i\u015fl\u0259rinin davam etdirilm\u0259si v\u0259 bu istiqam\u0259td\u0259 yeni layih\u0259l\u0259rin haz\u0131rlanmas\u0131 m\u0259qs\u0259dil\u0259 Az\u0259rbaycan Respublikas\u0131n\u0131n 2021-ci il d\u00f6vl\u0259t b\u00fcdc\u0259sind\u0259 n\u0259z\u0259rd\u0259 tutulmu\u015f Az\u0259rbaycan Respublikas\u0131 Prezidentinin ehtiyat fondundan Az\u0259rbaycan Meliorasiya v\u0259 Su T\u0259s\u0259rr\u00fcfat\u0131 A\u00e7\u0131q S\u0259hmdar C\u0259miyy\u0259tin\u0259 20 milyon manat ayr\u0131l\u0131b.<\/p>\n","protected":false},"author":2,"featured_media":341735,"comment_status":"closed","ping_status":"closed","sticky":false,"template":"","format":"standard","meta":{"om_disable_all_campaigns":false,"_monsterinsights_skip_tracking":false,"_monsterinsights_sitenote_active":false,"_monsterinsights_sitenote_note":"","_monsterinsights_sitenote_category":0},"categories":[4],"tags":[],"aioseo_notices":[],"gutentor_comment":0,"rttpg_featured_image_url":{"full":["https:\/\/arantv.az\/wp-content\/uploads\/2021\/05\/1603454485-1603460055-10.jpg",620,413,false],"landscape":["https:\/\/arantv.az\/wp-content\/uploads\/2021\/05\/1603454485-1603460055-10.jpg",620,413,false],"portraits":["https:\/\/arantv.az\/wp-content\/uploads\/2021\/05\/1603454485-1603460055-10.jpg",620,413,false],"thumbnail":["https:\/\/arantv.az\/wp-content\/uploads\/2021\/05\/1603454485-1603460055-10-500x280.jpg",500,280,true],"medium":["https:\/\/arantv.az\/wp-content\/uploads\/2021\/05\/1603454485-1603460055-10-548x365.jpg",548,365,true],"large":["https:\/\/arantv.az\/wp-content\/uploads\/2021\/05\/1603454485-1603460055-10.jpg",620,413,false],"1536x1536":["https:\/\/arantv.az\/wp-content\/uploads\/2021\/05\/1603454485-1603460055-10.jpg",620,413,false],"2048x2048":["https:\/\/arantv.az\/wp-content\/uploads\/2021\/05\/1603454485-1603460055-10.jpg",620,413,false],"post-thumbnail":["https:\/\/arantv.az\/wp-content\/uploads\/2021\/05\/1603454485-1603460055-10-240x172.jpg",240,172,true],"advps-thumb-one":["https:\/\/arantv.az\/wp-content\/uploads\/2021\/05\/1603454485-1603460055-10.jpg",620,413,false]},"rttpg_author":{"display_name":"V\u00fcsal Rafiqo\u011flu","author_link":"https:\/\/arantv.az\/?author=2"},"rttpg_comment":0,"rttpg_category":"<a href=\"https:\/\/arantv.az\/?cat=4\" rel=\"category\">Siyas\u0259t<\/a>","rttpg_excerpt":"Prezident \u0130lham \u018fliyev \u0259kin sah\u0259l\u0259rinin suvarma suyu il\u0259 t\u0259minat\u0131n\u0131n yax\u015f\u0131la\u015fd\u0131r\u0131lmas\u0131 i\u015fl\u0259rinin davam etdirilm\u0259sin\u0259 dair \u0259lav\u0259 t\u0259dbirl\u0259r haqq\u0131nda s\u0259r\u0259ncam imzalay\u0131b. Bununla ba\u011fl\u0131\u00a0AZ\u018fRTAC\u00a0x\u0259b\u0259r yay\u0131b. S\u0259r\u0259ncama \u0259sas\u0259n, \u0259kin sah\u0259l\u0259rinin suvarma suyu il\u0259 t\u0259minat\u0131n\u0131n yax\u015f\u0131la\u015fd\u0131r\u0131lmas\u0131, habel\u0259 \u0259kin d\u00f6vriyy\u0259sin\u0259 \u0259lav\u0259 torpaqlar\u0131n c\u0259lb olunmas\u0131 i\u015fl\u0259rinin davam etdirilm\u0259si v\u0259 bu istiqam\u0259td\u0259 yeni layih\u0259l\u0259rin haz\u0131rlanmas\u0131 m\u0259qs\u0259dil\u0259 Az\u0259rbaycan Respublikas\u0131n\u0131n 2021-ci il d\u00f6vl\u0259t b\u00fcdc\u0259sind\u0259 n\u0259z\u0259rd\u0259&hellip;","_links":{"self":[{"href":"https:\/\/arantv.az\/index.php?rest_route=\/wp\/v2\/posts\/341734"}],"collection":[{"href":"https:\/\/arantv.az\/index.php?rest_route=\/wp\/v2\/posts"}],"about":[{"href":"https:\/\/arantv.az\/index.php?rest_route=\/wp\/v2\/types\/post"}],"author":[{"embeddable":true,"href":"https:\/\/arantv.az\/index.php?rest_route=\/wp\/v2\/users\/2"}],"replies":[{"embeddable":true,"href":"https:\/\/arantv.az\/index.php?rest_route=%2Fwp%2Fv2%2Fcomments&post=341734"}],"version-history":[{"count":0,"href":"https:\/\/arantv.az\/index.php?rest_route=\/wp\/v2\/posts\/341734\/revisions"}],"wp:featuredmedia":[{"embeddable":true,"href":"https:\/\/arantv.az\/index.php?rest_route=\/wp\/v2\/media\/341735"}],"wp:attachment":[{"href":"https:\/\/arantv.az\/index.php?rest_route=%2Fwp%2Fv2%2Fmedia&parent=341734"}],"wp:term":[{"taxonomy":"category","embeddable":true,"href":"https:\/\/arantv.az\/index.php?rest_route=%2Fwp%2Fv2%2Fcategories&post=341734"},{"taxonomy":"post_tag","embeddable":true,"href":"https:\/\/arantv.az\/index.php?rest_route=%2Fwp%2Fv2%2Ftags&post=341734"}],"curies":[{"name":"wp","href":"https:\/\/api.w.org\/{rel}","templated":true}]}}