{"id":341744,"date":"2021-05-29T20:40:39","date_gmt":"2021-05-29T17:40:39","guid":{"rendered":"https:\/\/arantv.az\/?p=341744"},"modified":"2021-05-29T20:40:39","modified_gmt":"2021-05-29T17:40:39","slug":"ilham-%c9%99liyev-bir-sira-acilislarda-istirak-edib-video","status":"publish","type":"post","link":"https:\/\/arantv.az\/?p=341744","title":{"rendered":"\u0130lham \u018fliyev bir s\u0131ra a\u00e7\u0131l\u0131\u015flarda i\u015ftirak edib &#8211; V\u0130DEO"},"content":{"rendered":"<article class=\"news\">\n<div class=\"news-inner\">\n<p>Prezident \u0130lham \u018fliyev bu g\u00fcn Bak\u0131da bir s\u0131ra a\u00e7\u0131l\u0131\u015flarda i\u015ftirak edib.<\/p>\n<p>D\u00f6vl\u0259t ba\u015f\u00e7\u0131s\u0131 Suraxan\u0131 Rayon M\u0259hk\u0259m\u0259sinin yeni inzibati binas\u0131n\u0131n a\u00e7\u0131l\u0131\u015f\u0131na qat\u0131l\u0131b.<\/p>\n<p>Bu g\u00fcn h\u0259m\u00e7inin \u0130qtisadiyyat Nazirliyinin yeni inzibati binas\u0131 istifad\u0259y\u0259 verilib. Prezident \u0130lham \u018fliyev yeni binan\u0131n a\u00e7\u0131l\u0131\u015f\u0131nda i\u015ftirak edib.<\/p>\n<p>Eyni zamanda may\u0131n 29-da Bak\u0131 Metropoliteninin \u201c8 Noyabr\u201d stansiyas\u0131 istifad\u0259y\u0259 verilib. \u0130lham \u018fliyev stansiyada yarad\u0131lan \u015f\u0259raitl\u0259 tan\u0131\u015f olub.<\/p>\n<div><iframe loading=\"lazy\" title=\"YouTube video player\" src=\"https:\/\/www.youtube.com\/embed\/96Kkjy9w7Fo\" width=\"560\" height=\"315\" frameborder=\"0\" allowfullscreen=\"allowfullscreen\" data-mce-fragment=\"1\"><\/iframe><\/div>\n<\/div>\n<\/article>\n<h2 class=\"news-share-title\"><\/h2>\n","protected":false},"excerpt":{"rendered":"<p>Prezident \u0130lham \u018fliyev bu g\u00fcn Bak\u0131da bir s\u0131ra a\u00e7\u0131l\u0131\u015flarda i\u015ftirak edib. D\u00f6vl\u0259t ba\u015f\u00e7\u0131s\u0131 Suraxan\u0131 Rayon M\u0259hk\u0259m\u0259sinin yeni inzibati binas\u0131n\u0131n a\u00e7\u0131l\u0131\u015f\u0131na qat\u0131l\u0131b. Bu g\u00fcn h\u0259m\u00e7inin \u0130qtisadiyyat Nazirliyinin yeni inzibati binas\u0131 istifad\u0259y\u0259 verilib. Prezident \u0130lham \u018fliyev yeni binan\u0131n a\u00e7\u0131l\u0131\u015f\u0131nda i\u015ftirak edib. Eyni zamanda may\u0131n 29-da Bak\u0131 Metropoliteninin \u201c8 Noyabr\u201d stansiyas\u0131 istifad\u0259y\u0259 verilib. \u0130lham \u018fliyev stansiyada yarad\u0131lan \u015f\u0259raitl\u0259 tan\u0131\u015f olub.<\/p>\n","protected":false},"author":2,"featured_media":341745,"comment_status":"closed","ping_status":"closed","sticky":false,"template":"","format":"standard","meta":{"om_disable_all_campaigns":false,"_monsterinsights_skip_tracking":false,"_monsterinsights_sitenote_active":false,"_monsterinsights_sitenote_note":"","_monsterinsights_sitenote_category":0},"categories":[4],"tags":[],"aioseo_notices":[],"gutentor_comment":0,"rttpg_featured_image_url":{"full":["https:\/\/arantv.az\/wp-content\/uploads\/2021\/05\/16222732834705447936.jpg",620,432,false],"landscape":["https:\/\/arantv.az\/wp-content\/uploads\/2021\/05\/16222732834705447936.jpg",620,432,false],"portraits":["https:\/\/arantv.az\/wp-content\/uploads\/2021\/05\/16222732834705447936.jpg",620,432,false],"thumbnail":["https:\/\/arantv.az\/wp-content\/uploads\/2021\/05\/16222732834705447936-500x280.jpg",500,280,true],"medium":["https:\/\/arantv.az\/wp-content\/uploads\/2021\/05\/16222732834705447936-524x365.jpg",524,365,true],"large":["https:\/\/arantv.az\/wp-content\/uploads\/2021\/05\/16222732834705447936.jpg",620,432,false],"1536x1536":["https:\/\/arantv.az\/wp-content\/uploads\/2021\/05\/16222732834705447936.jpg",620,432,false],"2048x2048":["https:\/\/arantv.az\/wp-content\/uploads\/2021\/05\/16222732834705447936.jpg",620,432,false],"post-thumbnail":["https:\/\/arantv.az\/wp-content\/uploads\/2021\/05\/16222732834705447936-240x172.jpg",240,172,true],"advps-thumb-one":["https:\/\/arantv.az\/wp-content\/uploads\/2021\/05\/16222732834705447936.jpg",620,432,false]},"rttpg_author":{"display_name":"V\u00fcsal Rafiqo\u011flu","author_link":"https:\/\/arantv.az\/?author=2"},"rttpg_comment":0,"rttpg_category":"<a href=\"https:\/\/arantv.az\/?cat=4\" rel=\"category\">Siyas\u0259t<\/a>","rttpg_excerpt":"Prezident \u0130lham \u018fliyev bu g\u00fcn Bak\u0131da bir s\u0131ra a\u00e7\u0131l\u0131\u015flarda i\u015ftirak edib. D\u00f6vl\u0259t ba\u015f\u00e7\u0131s\u0131 Suraxan\u0131 Rayon M\u0259hk\u0259m\u0259sinin yeni inzibati binas\u0131n\u0131n a\u00e7\u0131l\u0131\u015f\u0131na qat\u0131l\u0131b. Bu g\u00fcn h\u0259m\u00e7inin \u0130qtisadiyyat Nazirliyinin yeni inzibati binas\u0131 istifad\u0259y\u0259 verilib. Prezident \u0130lham \u018fliyev yeni binan\u0131n a\u00e7\u0131l\u0131\u015f\u0131nda i\u015ftirak edib. Eyni zamanda may\u0131n 29-da Bak\u0131 Metropoliteninin \u201c8 Noyabr\u201d stansiyas\u0131 istifad\u0259y\u0259 verilib. \u0130lham \u018fliyev stansiyada yarad\u0131lan \u015f\u0259raitl\u0259&hellip;","_links":{"self":[{"href":"https:\/\/arantv.az\/index.php?rest_route=\/wp\/v2\/posts\/341744"}],"collection":[{"href":"https:\/\/arantv.az\/index.php?rest_route=\/wp\/v2\/posts"}],"about":[{"href":"https:\/\/arantv.az\/index.php?rest_route=\/wp\/v2\/types\/post"}],"author":[{"embeddable":true,"href":"https:\/\/arantv.az\/index.php?rest_route=\/wp\/v2\/users\/2"}],"replies":[{"embeddable":true,"href":"https:\/\/arantv.az\/index.php?rest_route=%2Fwp%2Fv2%2Fcomments&post=341744"}],"version-history":[{"count":0,"href":"https:\/\/arantv.az\/index.php?rest_route=\/wp\/v2\/posts\/341744\/revisions"}],"wp:featuredmedia":[{"embeddable":true,"href":"https:\/\/arantv.az\/index.php?rest_route=\/wp\/v2\/media\/341745"}],"wp:attachment":[{"href":"https:\/\/arantv.az\/index.php?rest_route=%2Fwp%2Fv2%2Fmedia&parent=341744"}],"wp:term":[{"taxonomy":"category","embeddable":true,"href":"https:\/\/arantv.az\/index.php?rest_route=%2Fwp%2Fv2%2Fcategories&post=341744"},{"taxonomy":"post_tag","embeddable":true,"href":"https:\/\/arantv.az\/index.php?rest_route=%2Fwp%2Fv2%2Ftags&post=341744"}],"curies":[{"name":"wp","href":"https:\/\/api.w.org\/{rel}","templated":true}]}}