{"id":341777,"date":"2021-05-29T20:52:08","date_gmt":"2021-05-29T17:52:08","guid":{"rendered":"https:\/\/arantv.az\/?p=341777"},"modified":"2021-05-29T20:52:08","modified_gmt":"2021-05-29T17:52:08","slug":"agdam-v%c9%99-xocav%c9%99ndd%c9%99-yeni-h%c9%99rbi-hiss%c9%99l%c9%99rin-acilisi-olub-video","status":"publish","type":"post","link":"https:\/\/arantv.az\/?p=341777","title":{"rendered":"A\u011fdam v\u0259 Xocav\u0259ndd\u0259 yeni h\u0259rbi hiss\u0259l\u0259rin a\u00e7\u0131l\u0131\u015f\u0131 olub &#8211; V\u0130DEO"},"content":{"rendered":"<article class=\"news\">\n<div class=\"news-inner\">\n<p>Az\u0259rbaycan Respublikas\u0131n\u0131n Prezidenti, Silahl\u0131 Q\u00fcvv\u0259l\u0259rin Ali Ba\u015f Komandan\u0131 c\u0259nab \u0130lham \u018fliyevin g\u00f6st\u0259ri\u015fin\u0259 \u0259sas\u0259n, azad edilmi\u015f \u0259razil\u0259rd\u0259 dislokasiya olunan b\u00f6lm\u0259l\u0259rin h\u0259rt\u0259r\u0259fli t\u0259minat\u0131, qo\u015fun xidm\u0259tinin t\u0259\u015fkili v\u0259 sosial-m\u0259i\u015f\u0259t \u015f\u0259raitinin yax\u015f\u0131la\u015fd\u0131r\u0131lmas\u0131 il\u0259 ba\u011fl\u0131 h\u0259yata ke\u00e7iril\u0259n t\u0259dbirl\u0259r davam edir.<\/p>\n<p>M\u00fcdafi\u0259 Nazirliyind\u0259n bildirilib ki, \u015f\u0259xsi hey\u0259tin xidm\u0259ti v\u0259 d\u00f6y\u00fc\u015f f\u0259aliyy\u0259tinin t\u0259\u015fkili, el\u0259c\u0259 d\u0259 m\u0259i\u015f\u0259t \u015f\u0259raitinin t\u0259min edilm\u0259si m\u0259qs\u0259dil\u0259 A\u011fdam v\u0259 Xocav\u0259nd rayonlar\u0131 \u0259razil\u0259rind\u0259 m\u00fcasir avadanl\u0131qla t\u0259chiz olunmu\u015f m\u00fcxt\u0259lif t\u0259yinatl\u0131 qur\u011fulardan ibar\u0259t modul tipli daha iki h\u0259rbi hiss\u0259 istifad\u0259y\u0259 verilib.<\/p>\n<div id=\"AdviadNativeVideo0\" class=\"AdviadNativeVideo\"><\/div>\n<p>Respublika G\u00fcn\u00fc m\u00fcnasib\u0259til\u0259 ke\u00e7iril\u0259n a\u00e7\u0131l\u0131\u015f m\u0259rasiml\u0259rind\u0259 birlik komandiri general-mayor Mayis B\u0259rxudarov M\u00fcdafi\u0259 nazirinin t\u0259brikl\u0259rini \u015f\u0259xsi hey\u0259t\u0259 \u00e7atd\u0131r\u0131b.<\/p>\n<p>Qeyd ed\u0259k ki, d\u00f6y\u00fc\u015f n\u00f6vb\u0259t\u00e7iliyi v\u0259 qo\u015fun xidm\u0259tinin y\u00fcks\u0259k s\u0259viyy\u0259d\u0259 t\u0259\u015fkili v\u0259 apar\u0131lmas\u0131 m\u0259qs\u0259dil\u0259 modul tipli kompleksl\u0259rd\u0259ki xidm\u0259ti otaqlar kondisioner, mebel, m\u00fcasir tipli sanitar qov\u015faqlar\u0131, yataq l\u0259vazimat\u0131, m\u0259tb\u0259x avadanl\u0131qlar\u0131 v\u0259 generatorlarla t\u0259chiz olunub.<\/p>\n<p>Azad olunmu\u015f dig\u0259r \u0259razil\u0259rimizd\u0259 yeni h\u0259rbi hiss\u0259l\u0259rin tikintisi prosesi planl\u0131 \u015f\u0259kild\u0259 davam edir.<\/p>\n<div><iframe loading=\"lazy\" title=\"YouTube video player\" src=\"https:\/\/www.youtube.com\/embed\/3JWtReB29cM\" width=\"560\" height=\"315\" frameborder=\"0\" allowfullscreen=\"allowfullscreen\" data-mce-fragment=\"1\"><\/iframe><\/div>\n<\/div>\n<\/article>\n<h2 class=\"news-share-title\"><\/h2>\n","protected":false},"excerpt":{"rendered":"<p>Az\u0259rbaycan Respublikas\u0131n\u0131n Prezidenti, Silahl\u0131 Q\u00fcvv\u0259l\u0259rin Ali Ba\u015f Komandan\u0131 c\u0259nab \u0130lham \u018fliyevin g\u00f6st\u0259ri\u015fin\u0259 \u0259sas\u0259n, azad edilmi\u015f \u0259razil\u0259rd\u0259 dislokasiya olunan b\u00f6lm\u0259l\u0259rin h\u0259rt\u0259r\u0259fli t\u0259minat\u0131, qo\u015fun xidm\u0259tinin t\u0259\u015fkili v\u0259 sosial-m\u0259i\u015f\u0259t \u015f\u0259raitinin yax\u015f\u0131la\u015fd\u0131r\u0131lmas\u0131 il\u0259 ba\u011fl\u0131 h\u0259yata ke\u00e7iril\u0259n t\u0259dbirl\u0259r davam edir. M\u00fcdafi\u0259 Nazirliyind\u0259n bildirilib ki, \u015f\u0259xsi hey\u0259tin xidm\u0259ti v\u0259 d\u00f6y\u00fc\u015f f\u0259aliyy\u0259tinin t\u0259\u015fkili, el\u0259c\u0259 d\u0259 m\u0259i\u015f\u0259t \u015f\u0259raitinin t\u0259min edilm\u0259si m\u0259qs\u0259dil\u0259 A\u011fdam v\u0259 Xocav\u0259nd rayonlar\u0131 \u0259razil\u0259rind\u0259 m\u00fcasir avadanl\u0131qla t\u0259chiz olunmu\u015f m\u00fcxt\u0259lif t\u0259yinatl\u0131 qur\u011fulardan ibar\u0259t modul tipli daha iki h\u0259rbi hiss\u0259 istifad\u0259y\u0259 verilib. Respublika G\u00fcn\u00fc m\u00fcnasib\u0259til\u0259 ke\u00e7iril\u0259n a\u00e7\u0131l\u0131\u015f m\u0259rasiml\u0259rind\u0259 birlik komandiri general-mayor Mayis B\u0259rxudarov M\u00fcdafi\u0259 nazirinin t\u0259brikl\u0259rini \u015f\u0259xsi hey\u0259t\u0259&hellip;<\/p>\n","protected":false},"author":2,"featured_media":341778,"comment_status":"closed","ping_status":"closed","sticky":false,"template":"","format":"standard","meta":{"om_disable_all_campaigns":false,"_monsterinsights_skip_tracking":false,"_monsterinsights_sitenote_active":false,"_monsterinsights_sitenote_note":"","_monsterinsights_sitenote_category":0},"categories":[10],"tags":[],"aioseo_notices":[],"gutentor_comment":0,"rttpg_featured_image_url":{"full":["https:\/\/arantv.az\/wp-content\/uploads\/2021\/05\/a70954c3f8c106a8f879e5446663154a.jpg",620,396,false],"landscape":["https:\/\/arantv.az\/wp-content\/uploads\/2021\/05\/a70954c3f8c106a8f879e5446663154a.jpg",620,396,false],"portraits":["https:\/\/arantv.az\/wp-content\/uploads\/2021\/05\/a70954c3f8c106a8f879e5446663154a.jpg",620,396,false],"thumbnail":["https:\/\/arantv.az\/wp-content\/uploads\/2021\/05\/a70954c3f8c106a8f879e5446663154a-500x280.jpg",500,280,true],"medium":["https:\/\/arantv.az\/wp-content\/uploads\/2021\/05\/a70954c3f8c106a8f879e5446663154a-571x365.jpg",571,365,true],"large":["https:\/\/arantv.az\/wp-content\/uploads\/2021\/05\/a70954c3f8c106a8f879e5446663154a.jpg",620,396,false],"1536x1536":["https:\/\/arantv.az\/wp-content\/uploads\/2021\/05\/a70954c3f8c106a8f879e5446663154a.jpg",620,396,false],"2048x2048":["https:\/\/arantv.az\/wp-content\/uploads\/2021\/05\/a70954c3f8c106a8f879e5446663154a.jpg",620,396,false],"post-thumbnail":["https:\/\/arantv.az\/wp-content\/uploads\/2021\/05\/a70954c3f8c106a8f879e5446663154a-240x172.jpg",240,172,true],"advps-thumb-one":["https:\/\/arantv.az\/wp-content\/uploads\/2021\/05\/a70954c3f8c106a8f879e5446663154a.jpg",620,396,false]},"rttpg_author":{"display_name":"V\u00fcsal Rafiqo\u011flu","author_link":"https:\/\/arantv.az\/?author=2"},"rttpg_comment":0,"rttpg_category":"<a href=\"https:\/\/arantv.az\/?cat=10\" rel=\"category\">C\u0259bh\u0259d\u0259n X\u0259b\u0259r<\/a>","rttpg_excerpt":"Az\u0259rbaycan Respublikas\u0131n\u0131n Prezidenti, Silahl\u0131 Q\u00fcvv\u0259l\u0259rin Ali Ba\u015f Komandan\u0131 c\u0259nab \u0130lham \u018fliyevin g\u00f6st\u0259ri\u015fin\u0259 \u0259sas\u0259n, azad edilmi\u015f \u0259razil\u0259rd\u0259 dislokasiya olunan b\u00f6lm\u0259l\u0259rin h\u0259rt\u0259r\u0259fli t\u0259minat\u0131, qo\u015fun xidm\u0259tinin t\u0259\u015fkili v\u0259 sosial-m\u0259i\u015f\u0259t \u015f\u0259raitinin yax\u015f\u0131la\u015fd\u0131r\u0131lmas\u0131 il\u0259 ba\u011fl\u0131 h\u0259yata ke\u00e7iril\u0259n t\u0259dbirl\u0259r davam edir. M\u00fcdafi\u0259 Nazirliyind\u0259n bildirilib ki, \u015f\u0259xsi hey\u0259tin xidm\u0259ti v\u0259 d\u00f6y\u00fc\u015f f\u0259aliyy\u0259tinin t\u0259\u015fkili, el\u0259c\u0259 d\u0259 m\u0259i\u015f\u0259t \u015f\u0259raitinin t\u0259min edilm\u0259si m\u0259qs\u0259dil\u0259 A\u011fdam v\u0259&hellip;","_links":{"self":[{"href":"https:\/\/arantv.az\/index.php?rest_route=\/wp\/v2\/posts\/341777"}],"collection":[{"href":"https:\/\/arantv.az\/index.php?rest_route=\/wp\/v2\/posts"}],"about":[{"href":"https:\/\/arantv.az\/index.php?rest_route=\/wp\/v2\/types\/post"}],"author":[{"embeddable":true,"href":"https:\/\/arantv.az\/index.php?rest_route=\/wp\/v2\/users\/2"}],"replies":[{"embeddable":true,"href":"https:\/\/arantv.az\/index.php?rest_route=%2Fwp%2Fv2%2Fcomments&post=341777"}],"version-history":[{"count":0,"href":"https:\/\/arantv.az\/index.php?rest_route=\/wp\/v2\/posts\/341777\/revisions"}],"wp:featuredmedia":[{"embeddable":true,"href":"https:\/\/arantv.az\/index.php?rest_route=\/wp\/v2\/media\/341778"}],"wp:attachment":[{"href":"https:\/\/arantv.az\/index.php?rest_route=%2Fwp%2Fv2%2Fmedia&parent=341777"}],"wp:term":[{"taxonomy":"category","embeddable":true,"href":"https:\/\/arantv.az\/index.php?rest_route=%2Fwp%2Fv2%2Fcategories&post=341777"},{"taxonomy":"post_tag","embeddable":true,"href":"https:\/\/arantv.az\/index.php?rest_route=%2Fwp%2Fv2%2Ftags&post=341777"}],"curies":[{"name":"wp","href":"https:\/\/api.w.org\/{rel}","templated":true}]}}