{"id":341783,"date":"2021-05-29T20:54:28","date_gmt":"2021-05-29T17:54:28","guid":{"rendered":"https:\/\/arantv.az\/?p=341783"},"modified":"2021-05-29T20:54:28","modified_gmt":"2021-05-29T17:54:28","slug":"xudaf%c9%99rin-s%c9%99rh%c9%99d-gomruyu-tezlikl%c9%99-acilacaq","status":"publish","type":"post","link":"https:\/\/arantv.az\/?p=341783","title":{"rendered":"Xudaf\u0259rin s\u0259rh\u0259d g\u00f6mr\u00fcy\u00fc tezlikl\u0259 a\u00e7\u0131lacaq"},"content":{"rendered":"<p>\u0130ranla Az\u0259rbaycan s\u0259rh\u0259dind\u0259 Xudaf\u0259rin s\u0259rh\u0259d g\u00f6mr\u00fcy\u00fc yax\u0131n g\u0259l\u0259c\u0259kd\u0259 a\u00e7\u0131lacaq.<\/p>\n<p><strong>ARANTV.AZ<\/strong> Trend-\u0259 istinad\u0259n x\u0259b\u0259r verir ki, bunu \u0130ran\u0131n \u015fimal-q\u0259rbind\u0259 yerl\u0259\u015f\u0259n \u015e\u0259rqi Az\u0259rbaycan vilay\u0259tinin valisi M\u0259h\u0259mm\u0259d Rza Purm\u0259h\u0259mm\u0259di deyib. Onun s\u00f6zl\u0259rin\u0259 g\u00f6r\u0259, bu s\u0259rh\u0259d g\u00f6mr\u00fcy\u00fcn\u00fcn f\u0259aliyy\u0259t\u0259 ba\u015flamas\u0131 \u00fc\u00e7\u00fcn laz\u0131mi add\u0131mlar at\u0131l\u0131b.<\/p>\n<p>Purm\u0259h\u0259mm\u0259di \u0259lav\u0259 edib ki, Az\u0259rbaycan\u0131n Xudaf\u0259rin s\u0259rh\u0259di i\u015f\u011faldan azad edildikd\u0259n sonra bu s\u0259rh\u0259d g\u00f6mr\u00fcy\u00fcn\u00fcn f\u0259aliyy\u0259t\u0259 ba\u015flamas\u0131 Az\u0259rbaycan v\u0259 \u0130ran r\u0259smil\u0259ri t\u0259r\u0259find\u0259n diqq\u0259t m\u0259rk\u0259zind\u0259 olub.<\/p>\n<p>Vilay\u0259t r\u0259smisi deyib ki, Xudaf\u0259rin s\u0259rh\u0259d g\u00f6mr\u00fcy\u00fc \u0130ran\u0131n \u015e\u0259rqi Az\u0259rbaycan vilay\u0259tinin iqtisadi v\u0259 ticar\u0259t d\u00f6vriyy\u0259sinin inki\u015faf etm\u0259sin\u0259 ciddi k\u00f6m\u0259klik g\u00f6st\u0259r\u0259 bil\u0259r.<\/p>\n","protected":false},"excerpt":{"rendered":"<p>\u0130ranla Az\u0259rbaycan s\u0259rh\u0259dind\u0259 Xudaf\u0259rin s\u0259rh\u0259d g\u00f6mr\u00fcy\u00fc yax\u0131n g\u0259l\u0259c\u0259kd\u0259 a\u00e7\u0131lacaq. ARANTV.AZ Trend-\u0259 istinad\u0259n x\u0259b\u0259r verir ki, bunu \u0130ran\u0131n \u015fimal-q\u0259rbind\u0259 yerl\u0259\u015f\u0259n \u015e\u0259rqi Az\u0259rbaycan vilay\u0259tinin valisi M\u0259h\u0259mm\u0259d Rza Purm\u0259h\u0259mm\u0259di deyib. Onun s\u00f6zl\u0259rin\u0259 g\u00f6r\u0259, bu s\u0259rh\u0259d g\u00f6mr\u00fcy\u00fcn\u00fcn f\u0259aliyy\u0259t\u0259 ba\u015flamas\u0131 \u00fc\u00e7\u00fcn laz\u0131mi add\u0131mlar at\u0131l\u0131b. Purm\u0259h\u0259mm\u0259di \u0259lav\u0259 edib ki, Az\u0259rbaycan\u0131n Xudaf\u0259rin s\u0259rh\u0259di i\u015f\u011faldan azad edildikd\u0259n sonra bu s\u0259rh\u0259d g\u00f6mr\u00fcy\u00fcn\u00fcn f\u0259aliyy\u0259t\u0259 ba\u015flamas\u0131 Az\u0259rbaycan v\u0259 \u0130ran r\u0259smil\u0259ri t\u0259r\u0259find\u0259n diqq\u0259t m\u0259rk\u0259zind\u0259 olub. Vilay\u0259t r\u0259smisi deyib ki, Xudaf\u0259rin s\u0259rh\u0259d g\u00f6mr\u00fcy\u00fc \u0130ran\u0131n \u015e\u0259rqi Az\u0259rbaycan vilay\u0259tinin iqtisadi v\u0259 ticar\u0259t d\u00f6vriyy\u0259sinin inki\u015faf etm\u0259sin\u0259 ciddi k\u00f6m\u0259klik g\u00f6st\u0259r\u0259 bil\u0259r.<\/p>\n","protected":false},"author":2,"featured_media":341784,"comment_status":"closed","ping_status":"closed","sticky":false,"template":"","format":"standard","meta":{"om_disable_all_campaigns":false,"_monsterinsights_skip_tracking":false,"_monsterinsights_sitenote_active":false,"_monsterinsights_sitenote_note":"","_monsterinsights_sitenote_category":0},"categories":[4],"tags":[],"aioseo_notices":[],"gutentor_comment":0,"rttpg_featured_image_url":{"full":["https:\/\/arantv.az\/wp-content\/uploads\/2021\/05\/deee9fe5160758337519965757111117557.jpg",975,540,false],"landscape":["https:\/\/arantv.az\/wp-content\/uploads\/2021\/05\/deee9fe5160758337519965757111117557.jpg",975,540,false],"portraits":["https:\/\/arantv.az\/wp-content\/uploads\/2021\/05\/deee9fe5160758337519965757111117557.jpg",975,540,false],"thumbnail":["https:\/\/arantv.az\/wp-content\/uploads\/2021\/05\/deee9fe5160758337519965757111117557-500x280.jpg",500,280,true],"medium":["https:\/\/arantv.az\/wp-content\/uploads\/2021\/05\/deee9fe5160758337519965757111117557-660x365.jpg",660,365,true],"large":["https:\/\/arantv.az\/wp-content\/uploads\/2021\/05\/deee9fe5160758337519965757111117557-840x465.jpg",640,354,true],"1536x1536":["https:\/\/arantv.az\/wp-content\/uploads\/2021\/05\/deee9fe5160758337519965757111117557.jpg",975,540,false],"2048x2048":["https:\/\/arantv.az\/wp-content\/uploads\/2021\/05\/deee9fe5160758337519965757111117557.jpg",975,540,false],"post-thumbnail":["https:\/\/arantv.az\/wp-content\/uploads\/2021\/05\/deee9fe5160758337519965757111117557-240x172.jpg",240,172,true],"advps-thumb-one":["https:\/\/arantv.az\/wp-content\/uploads\/2021\/05\/deee9fe5160758337519965757111117557.jpg",975,540,false]},"rttpg_author":{"display_name":"V\u00fcsal Rafiqo\u011flu","author_link":"https:\/\/arantv.az\/?author=2"},"rttpg_comment":0,"rttpg_category":"<a href=\"https:\/\/arantv.az\/?cat=4\" rel=\"category\">Siyas\u0259t<\/a>","rttpg_excerpt":"\u0130ranla Az\u0259rbaycan s\u0259rh\u0259dind\u0259 Xudaf\u0259rin s\u0259rh\u0259d g\u00f6mr\u00fcy\u00fc yax\u0131n g\u0259l\u0259c\u0259kd\u0259 a\u00e7\u0131lacaq. ARANTV.AZ Trend-\u0259 istinad\u0259n x\u0259b\u0259r verir ki, bunu \u0130ran\u0131n \u015fimal-q\u0259rbind\u0259 yerl\u0259\u015f\u0259n \u015e\u0259rqi Az\u0259rbaycan vilay\u0259tinin valisi M\u0259h\u0259mm\u0259d Rza Purm\u0259h\u0259mm\u0259di deyib. Onun s\u00f6zl\u0259rin\u0259 g\u00f6r\u0259, bu s\u0259rh\u0259d g\u00f6mr\u00fcy\u00fcn\u00fcn f\u0259aliyy\u0259t\u0259 ba\u015flamas\u0131 \u00fc\u00e7\u00fcn laz\u0131mi add\u0131mlar at\u0131l\u0131b. Purm\u0259h\u0259mm\u0259di \u0259lav\u0259 edib ki, Az\u0259rbaycan\u0131n Xudaf\u0259rin s\u0259rh\u0259di i\u015f\u011faldan azad edildikd\u0259n sonra bu s\u0259rh\u0259d g\u00f6mr\u00fcy\u00fcn\u00fcn f\u0259aliyy\u0259t\u0259 ba\u015flamas\u0131&hellip;","_links":{"self":[{"href":"https:\/\/arantv.az\/index.php?rest_route=\/wp\/v2\/posts\/341783"}],"collection":[{"href":"https:\/\/arantv.az\/index.php?rest_route=\/wp\/v2\/posts"}],"about":[{"href":"https:\/\/arantv.az\/index.php?rest_route=\/wp\/v2\/types\/post"}],"author":[{"embeddable":true,"href":"https:\/\/arantv.az\/index.php?rest_route=\/wp\/v2\/users\/2"}],"replies":[{"embeddable":true,"href":"https:\/\/arantv.az\/index.php?rest_route=%2Fwp%2Fv2%2Fcomments&post=341783"}],"version-history":[{"count":0,"href":"https:\/\/arantv.az\/index.php?rest_route=\/wp\/v2\/posts\/341783\/revisions"}],"wp:featuredmedia":[{"embeddable":true,"href":"https:\/\/arantv.az\/index.php?rest_route=\/wp\/v2\/media\/341784"}],"wp:attachment":[{"href":"https:\/\/arantv.az\/index.php?rest_route=%2Fwp%2Fv2%2Fmedia&parent=341783"}],"wp:term":[{"taxonomy":"category","embeddable":true,"href":"https:\/\/arantv.az\/index.php?rest_route=%2Fwp%2Fv2%2Fcategories&post=341783"},{"taxonomy":"post_tag","embeddable":true,"href":"https:\/\/arantv.az\/index.php?rest_route=%2Fwp%2Fv2%2Ftags&post=341783"}],"curies":[{"name":"wp","href":"https:\/\/api.w.org\/{rel}","templated":true}]}}