{"id":341786,"date":"2021-05-29T20:55:49","date_gmt":"2021-05-29T17:55:49","guid":{"rendered":"https:\/\/arantv.az\/?p=341786"},"modified":"2021-05-29T20:55:49","modified_gmt":"2021-05-29T17:55:49","slug":"dovl%c9%99t-bascisinin-agdama-novb%c9%99ti-s%c9%99f%c9%99ri-ali-m%c9%99qs%c9%99dl%c9%99r%c9%99-xidm%c9%99t-edir","status":"publish","type":"post","link":"https:\/\/arantv.az\/?p=341786","title":{"rendered":"D\u00f6vl\u0259t ba\u015f\u00e7\u0131s\u0131n\u0131n A\u011fdama n\u00f6vb\u0259ti s\u0259f\u0259ri ali m\u0259qs\u0259dl\u0259r\u0259 xidm\u0259t edir"},"content":{"rendered":"<p>Prezident \u0130lham \u018fliyevin regionlara, x\u00fcsusil\u0259 d\u0259 i\u015f\u011faldan azad edilmi\u015f \u0259razil\u0259r\u0259 s\u0259f\u0259rl\u0259ri, t\u0259m\u0259lqoyma m\u0259rasiml\u0259rind\u0259 i\u015ftirak\u0131 qar\u015f\u0131da duran v\u0259zif\u0259l\u0259rin h\u0259yata ke\u00e7irilm\u0259si \u00fc\u00e7\u00fcn m\u00fch\u00fcm \u0259h\u0259miyy\u0259t k\u0259sb edir. Bu bax\u0131mdan, Prezidentin A\u011fdama n\u00f6vb\u0259ti s\u0259f\u0259ri \u00e7ox u\u011furludur v\u0259 ali m\u0259qs\u0259dl\u0259r\u0259 xidm\u0259t edir.<\/p>\n<p><strong>ARANTV.AZ<\/strong> x\u0259b\u0259r verir ki, bunu Trend-\u0259 Milli M\u0259clisin Aqrar siyas\u0259t komit\u0259sinin s\u0259dri Tahir Rzayev deyib.<\/p>\n<p><img src=\"https:\/\/ikisahil.az\/upload\/\/2019\/01\/09\/1547031034_7083096.jpg\" alt=\"\" \/>T.Rzayev bildirib ki, Prezident bu s\u0259f\u0259ri zaman\u0131 bir daha xat\u0131rlatd\u0131 ki, A\u011fdam d\u00fcnyan\u0131n \u0259n m\u00fcasir, g\u00f6z\u0259l \u015f\u0259h\u0259rl\u0259rind\u0259n birin\u0259 \u00e7evril\u0259c\u0259k, biz yeni bir m\u00fcasir \u015f\u0259h\u0259r yaradaca\u011f\u0131q: \u201cC\u0259nab Prezident bir daha bildirdi ki, i\u015f\u011faldan azad edilmi\u015f b\u00fct\u00fcn \u0259razil\u0259rimiz yenid\u0259n qurulacaq, g\u00f6z\u0259ll\u0259\u015fdiril\u0259c\u0259k. \u018flb\u0259tt\u0259 ki, bu, ali bir m\u0259qs\u0259ddir\u201d.<\/p>\n<p>Komit\u0259 s\u0259dri vur\u011fulay\u0131b ki, A\u011fdam sovetl\u0259r d\u00f6vr\u00fcnd\u0259 Az\u0259rbaycan\u0131n \u0259n g\u00f6z\u0259l \u015f\u0259h\u0259rl\u0259rind\u0259n biri olub: \u201c\u00d6z iqtisadiyyat\u0131, t\u0259hsili, m\u0259d\u0259niyy\u0259ti il\u0259 A\u011fdam se\u00e7il\u0259n rayonlardan biri olub. Ancaq \u00e7ox t\u0259\u0259ss\u00fcfl\u0259r olsun ki, erm\u0259ni i\u015f\u011fal\u0131 zaman\u0131 rayon tamamil\u0259 m\u0259hv edilib, tarixi, m\u0259d\u0259ni v\u0259 dini abid\u0259l\u0259r yer \u00fcz\u00fcnd\u0259n silinib. Bu g\u00fcn A\u011fdam\u0131n m\u00fcasir bir \u015f\u0259h\u0259r\u0259 \u00e7evrilm\u0259si \u00f6lk\u0259 r\u0259hb\u0259rinin diqq\u0259tind\u0259 olan bir m\u0259s\u0259l\u0259dir\u201d.<\/p>\n<p>T.Rzayev xat\u0131rlad\u0131b ki, Prezidentin A\u011fdama s\u0259f\u0259ri zaman\u0131 yeni s\u0259naye park\u0131n\u0131n v\u0259 dig\u0259r sosial obyektl\u0259rin t\u0259m\u0259li qoyuldu: \u201c\u00d6lk\u0259 r\u0259hb\u0259ri qar\u015f\u0131ya qoyulan b\u00fct\u00fcn v\u0259zif\u0259l\u0259ri layiqinc\u0259 yerin\u0259 yetirir. Eyni zamanda, A\u011fdamda s\u0259naye parkinin yarad\u0131lmas\u0131 iqtisadi bax\u0131mdan \u00e7ox \u0259h\u0259miyy\u0259tlidir. \u00c7\u00fcnki bu s\u0259naye park\u0131 yeni \u00fcsullarla idar\u0259 olunacaq v\u0259 bilavasit\u0259 \u201ca\u011f\u0131ll\u0131 \u015f\u0259h\u0259r\u201d konsepsiyas\u0131na uy\u011fun inki\u015faf etdiril\u0259c\u0259k. Yeni s\u0259naye park\u0131nda m\u00fcasir texnologiyalar \u0259sas\u0131nda bir \u00e7ox m\u0259hsullar\u0131n istehsal\u0131 n\u0259z\u0259rd\u0259 tutulur ki, bu da \u00f6lk\u0259mizd\u0259 m\u00fcxt\u0259lif m\u0259hsullara olan t\u0259l\u0259bat\u0131n \u00f6d\u0259nilm\u0259si \u00fc\u00e7\u00fcn \u00e7ox vacibdir. B\u00fct\u00fcn bunlar iqtisadi inki\u015faf\u0131m\u0131za m\u00fch\u00fcm t\u00f6hf\u0259 ver\u0259c\u0259k\u201d.<\/p>\n","protected":false},"excerpt":{"rendered":"<p>Prezident \u0130lham \u018fliyevin regionlara, x\u00fcsusil\u0259 d\u0259 i\u015f\u011faldan azad edilmi\u015f \u0259razil\u0259r\u0259 s\u0259f\u0259rl\u0259ri, t\u0259m\u0259lqoyma m\u0259rasiml\u0259rind\u0259 i\u015ftirak\u0131 qar\u015f\u0131da duran v\u0259zif\u0259l\u0259rin h\u0259yata ke\u00e7irilm\u0259si \u00fc\u00e7\u00fcn m\u00fch\u00fcm \u0259h\u0259miyy\u0259t k\u0259sb edir. Bu bax\u0131mdan, Prezidentin A\u011fdama n\u00f6vb\u0259ti s\u0259f\u0259ri \u00e7ox u\u011furludur v\u0259 ali m\u0259qs\u0259dl\u0259r\u0259 xidm\u0259t edir. ARANTV.AZ x\u0259b\u0259r verir ki, bunu Trend-\u0259 Milli M\u0259clisin Aqrar siyas\u0259t komit\u0259sinin s\u0259dri Tahir Rzayev deyib. T.Rzayev bildirib ki, Prezident bu s\u0259f\u0259ri zaman\u0131 bir daha xat\u0131rlatd\u0131 ki, A\u011fdam d\u00fcnyan\u0131n \u0259n m\u00fcasir, g\u00f6z\u0259l \u015f\u0259h\u0259rl\u0259rind\u0259n birin\u0259 \u00e7evril\u0259c\u0259k, biz yeni bir m\u00fcasir \u015f\u0259h\u0259r yaradaca\u011f\u0131q: \u201cC\u0259nab Prezident bir daha bildirdi ki, i\u015f\u011faldan azad edilmi\u015f b\u00fct\u00fcn \u0259razil\u0259rimiz yenid\u0259n qurulacaq,&hellip;<\/p>\n","protected":false},"author":2,"featured_media":341787,"comment_status":"closed","ping_status":"closed","sticky":false,"template":"","format":"standard","meta":{"om_disable_all_campaigns":false,"_monsterinsights_skip_tracking":false,"_monsterinsights_sitenote_active":false,"_monsterinsights_sitenote_note":"","_monsterinsights_sitenote_category":0},"categories":[4],"tags":[],"aioseo_notices":[],"gutentor_comment":0,"rttpg_featured_image_url":{"full":["https:\/\/arantv.az\/wp-content\/uploads\/2021\/05\/44151de6162230198937217141910348306.jpg",975,540,false],"landscape":["https:\/\/arantv.az\/wp-content\/uploads\/2021\/05\/44151de6162230198937217141910348306.jpg",975,540,false],"portraits":["https:\/\/arantv.az\/wp-content\/uploads\/2021\/05\/44151de6162230198937217141910348306.jpg",975,540,false],"thumbnail":["https:\/\/arantv.az\/wp-content\/uploads\/2021\/05\/44151de6162230198937217141910348306-500x280.jpg",500,280,true],"medium":["https:\/\/arantv.az\/wp-content\/uploads\/2021\/05\/44151de6162230198937217141910348306-660x365.jpg",660,365,true],"large":["https:\/\/arantv.az\/wp-content\/uploads\/2021\/05\/44151de6162230198937217141910348306-840x465.jpg",640,354,true],"1536x1536":["https:\/\/arantv.az\/wp-content\/uploads\/2021\/05\/44151de6162230198937217141910348306.jpg",975,540,false],"2048x2048":["https:\/\/arantv.az\/wp-content\/uploads\/2021\/05\/44151de6162230198937217141910348306.jpg",975,540,false],"post-thumbnail":["https:\/\/arantv.az\/wp-content\/uploads\/2021\/05\/44151de6162230198937217141910348306-240x172.jpg",240,172,true],"advps-thumb-one":["https:\/\/arantv.az\/wp-content\/uploads\/2021\/05\/44151de6162230198937217141910348306.jpg",975,540,false]},"rttpg_author":{"display_name":"V\u00fcsal Rafiqo\u011flu","author_link":"https:\/\/arantv.az\/?author=2"},"rttpg_comment":0,"rttpg_category":"<a href=\"https:\/\/arantv.az\/?cat=4\" rel=\"category\">Siyas\u0259t<\/a>","rttpg_excerpt":"Prezident \u0130lham \u018fliyevin regionlara, x\u00fcsusil\u0259 d\u0259 i\u015f\u011faldan azad edilmi\u015f \u0259razil\u0259r\u0259 s\u0259f\u0259rl\u0259ri, t\u0259m\u0259lqoyma m\u0259rasiml\u0259rind\u0259 i\u015ftirak\u0131 qar\u015f\u0131da duran v\u0259zif\u0259l\u0259rin h\u0259yata ke\u00e7irilm\u0259si \u00fc\u00e7\u00fcn m\u00fch\u00fcm \u0259h\u0259miyy\u0259t k\u0259sb edir. Bu bax\u0131mdan, Prezidentin A\u011fdama n\u00f6vb\u0259ti s\u0259f\u0259ri \u00e7ox u\u011furludur v\u0259 ali m\u0259qs\u0259dl\u0259r\u0259 xidm\u0259t edir. ARANTV.AZ x\u0259b\u0259r verir ki, bunu Trend-\u0259 Milli M\u0259clisin Aqrar siyas\u0259t komit\u0259sinin s\u0259dri Tahir Rzayev deyib. T.Rzayev bildirib ki,&hellip;","_links":{"self":[{"href":"https:\/\/arantv.az\/index.php?rest_route=\/wp\/v2\/posts\/341786"}],"collection":[{"href":"https:\/\/arantv.az\/index.php?rest_route=\/wp\/v2\/posts"}],"about":[{"href":"https:\/\/arantv.az\/index.php?rest_route=\/wp\/v2\/types\/post"}],"author":[{"embeddable":true,"href":"https:\/\/arantv.az\/index.php?rest_route=\/wp\/v2\/users\/2"}],"replies":[{"embeddable":true,"href":"https:\/\/arantv.az\/index.php?rest_route=%2Fwp%2Fv2%2Fcomments&post=341786"}],"version-history":[{"count":0,"href":"https:\/\/arantv.az\/index.php?rest_route=\/wp\/v2\/posts\/341786\/revisions"}],"wp:featuredmedia":[{"embeddable":true,"href":"https:\/\/arantv.az\/index.php?rest_route=\/wp\/v2\/media\/341787"}],"wp:attachment":[{"href":"https:\/\/arantv.az\/index.php?rest_route=%2Fwp%2Fv2%2Fmedia&parent=341786"}],"wp:term":[{"taxonomy":"category","embeddable":true,"href":"https:\/\/arantv.az\/index.php?rest_route=%2Fwp%2Fv2%2Fcategories&post=341786"},{"taxonomy":"post_tag","embeddable":true,"href":"https:\/\/arantv.az\/index.php?rest_route=%2Fwp%2Fv2%2Ftags&post=341786"}],"curies":[{"name":"wp","href":"https:\/\/api.w.org\/{rel}","templated":true}]}}