{"id":341809,"date":"2021-05-30T11:33:16","date_gmt":"2021-05-30T08:33:16","guid":{"rendered":"https:\/\/arantv.az\/?p=341809"},"modified":"2021-05-30T11:33:16","modified_gmt":"2021-05-30T08:33:16","slug":"prezident-turkiy%c9%99nin-n%c9%99qliyyat-v%c9%99-infrastruktur-nazirinin-basciliq-etdiyi-numay%c9%99nd%c9%99-hey%c9%99tini-q%c9%99bul-edib-foto","status":"publish","type":"post","link":"https:\/\/arantv.az\/?p=341809","title":{"rendered":"Prezident T\u00fcrkiy\u0259nin n\u0259qliyyat v\u0259 infrastruktur nazirinin ba\u015f\u00e7\u0131l\u0131q etdiyi n\u00fcmay\u0259nd\u0259 hey\u0259tini q\u0259bul edib &#8211; FOTO"},"content":{"rendered":"<p>Az\u0259rbaycan Respublikas\u0131n\u0131n Prezidenti \u0130lham \u018fliyev may\u0131n 30-da T\u00fcrkiy\u0259 Respublikas\u0131n\u0131n n\u0259qliyyat v\u0259 infrastruktur naziri Adil Karaismailo\u011flunun ba\u015f\u00e7\u0131l\u0131q etdiyi n\u00fcmay\u0259nd\u0259 hey\u0259tini q\u0259bul edib.<\/p>\n<div id=\"AdviadNativeVideo0\" class=\"AdviadNativeVideo\"><\/div>\n<p>Bu bar\u0259d\u0259 AZ\u018fRTAC m\u0259lumat yay\u0131b.<\/p>\n<p>&nbsp;<\/p>\n<div class=\"gallery\">\n<div class=\"gallery-i\"><img src=\"https:\/\/cdn.oxu.az\/uploads\/W1siZiIsIjIwMjEvMDUvMzAvMTEvNTUvMjkvMWMwNzFiMmQtZTU3Ny00NDIyLTk3ZDEtMWE1OWI1NWE0OWFlLzE2MjIzNjAwMjc2NTIyMjkwNDhfMTAwMHg2NjkuanBnIl0sWyJwIiwiZW5jb2RlIiwianBnIiwiLXF1YWxpdHkgODAiXSxbInAiLCJ0aHVtYiIsIjU5MHg1OTBcdTAwM2UiXV0?sha=f9cabf3a28357338\" alt=\"\" \/><\/p>\n<div class=\"gallery-i-caption\"><\/div>\n<\/div>\n<div class=\"gallery-i\"><img src=\"https:\/\/cdn.oxu.az\/uploads\/W1siZiIsIjIwMjEvMDUvMzAvMTEvNTUvMjkvODc2ODE2NjctMDVlMy00MzcxLWE2OTktODFjYmY0ZWIxMGY1LzE2MjIzNjAwMjc0ODkxMjI3Mzg5XzEwMDB4NjY5LmpwZyJdLFsicCIsImVuY29kZSIsImpwZyIsIi1xdWFsaXR5IDgwIl0sWyJwIiwidGh1bWIiLCI1OTB4NTkwXHUwMDNlIl1d?sha=dd6e79f6b2c7a109\" alt=\"\" \/><\/p>\n<div class=\"gallery-i-caption\"><\/div>\n<\/div>\n<div class=\"gallery-i\"><img src=\"https:\/\/cdn.oxu.az\/uploads\/W1siZiIsIjIwMjEvMDUvMzAvMTEvNTUvMjkvNmY4ZjlhYmItYWQ1Mi00NGM4LTljMjQtZTEyMDNkNmUyOTI0LzE2MjIzNjAwMjcxNzAyMTQ5MjI0XzEwMDB4NjY5LmpwZyJdLFsicCIsImVuY29kZSIsImpwZyIsIi1xdWFsaXR5IDgwIl0sWyJwIiwidGh1bWIiLCI1OTB4NTkwXHUwMDNlIl1d?sha=fed805d5909f28ec\" alt=\"\" \/><\/div>\n<\/div>\n","protected":false},"excerpt":{"rendered":"<p>Az\u0259rbaycan Respublikas\u0131n\u0131n Prezidenti \u0130lham \u018fliyev may\u0131n 30-da T\u00fcrkiy\u0259 Respublikas\u0131n\u0131n n\u0259qliyyat v\u0259 infrastruktur naziri Adil Karaismailo\u011flunun ba\u015f\u00e7\u0131l\u0131q etdiyi n\u00fcmay\u0259nd\u0259 hey\u0259tini q\u0259bul edib. Bu bar\u0259d\u0259 AZ\u018fRTAC m\u0259lumat yay\u0131b. &nbsp;<\/p>\n","protected":false},"author":2,"featured_media":341810,"comment_status":"closed","ping_status":"closed","sticky":false,"template":"","format":"standard","meta":{"om_disable_all_campaigns":false,"_monsterinsights_skip_tracking":false,"_monsterinsights_sitenote_active":false,"_monsterinsights_sitenote_note":"","_monsterinsights_sitenote_category":0},"categories":[4],"tags":[],"aioseo_notices":[],"gutentor_comment":0,"rttpg_featured_image_url":{"full":["https:\/\/arantv.az\/wp-content\/uploads\/2021\/05\/16223600272584616109_1000x669.jpg",620,390,false],"landscape":["https:\/\/arantv.az\/wp-content\/uploads\/2021\/05\/16223600272584616109_1000x669.jpg",620,390,false],"portraits":["https:\/\/arantv.az\/wp-content\/uploads\/2021\/05\/16223600272584616109_1000x669.jpg",620,390,false],"thumbnail":["https:\/\/arantv.az\/wp-content\/uploads\/2021\/05\/16223600272584616109_1000x669-500x280.jpg",500,280,true],"medium":["https:\/\/arantv.az\/wp-content\/uploads\/2021\/05\/16223600272584616109_1000x669-580x365.jpg",580,365,true],"large":["https:\/\/arantv.az\/wp-content\/uploads\/2021\/05\/16223600272584616109_1000x669.jpg",620,390,false],"1536x1536":["https:\/\/arantv.az\/wp-content\/uploads\/2021\/05\/16223600272584616109_1000x669.jpg",620,390,false],"2048x2048":["https:\/\/arantv.az\/wp-content\/uploads\/2021\/05\/16223600272584616109_1000x669.jpg",620,390,false],"post-thumbnail":["https:\/\/arantv.az\/wp-content\/uploads\/2021\/05\/16223600272584616109_1000x669-240x172.jpg",240,172,true],"advps-thumb-one":["https:\/\/arantv.az\/wp-content\/uploads\/2021\/05\/16223600272584616109_1000x669.jpg",620,390,false]},"rttpg_author":{"display_name":"V\u00fcsal Rafiqo\u011flu","author_link":"https:\/\/arantv.az\/?author=2"},"rttpg_comment":0,"rttpg_category":"<a href=\"https:\/\/arantv.az\/?cat=4\" rel=\"category\">Siyas\u0259t<\/a>","rttpg_excerpt":"Az\u0259rbaycan Respublikas\u0131n\u0131n Prezidenti \u0130lham \u018fliyev may\u0131n 30-da T\u00fcrkiy\u0259 Respublikas\u0131n\u0131n n\u0259qliyyat v\u0259 infrastruktur naziri Adil Karaismailo\u011flunun ba\u015f\u00e7\u0131l\u0131q etdiyi n\u00fcmay\u0259nd\u0259 hey\u0259tini q\u0259bul edib. Bu bar\u0259d\u0259 AZ\u018fRTAC m\u0259lumat yay\u0131b. &nbsp;","_links":{"self":[{"href":"https:\/\/arantv.az\/index.php?rest_route=\/wp\/v2\/posts\/341809"}],"collection":[{"href":"https:\/\/arantv.az\/index.php?rest_route=\/wp\/v2\/posts"}],"about":[{"href":"https:\/\/arantv.az\/index.php?rest_route=\/wp\/v2\/types\/post"}],"author":[{"embeddable":true,"href":"https:\/\/arantv.az\/index.php?rest_route=\/wp\/v2\/users\/2"}],"replies":[{"embeddable":true,"href":"https:\/\/arantv.az\/index.php?rest_route=%2Fwp%2Fv2%2Fcomments&post=341809"}],"version-history":[{"count":0,"href":"https:\/\/arantv.az\/index.php?rest_route=\/wp\/v2\/posts\/341809\/revisions"}],"wp:featuredmedia":[{"embeddable":true,"href":"https:\/\/arantv.az\/index.php?rest_route=\/wp\/v2\/media\/341810"}],"wp:attachment":[{"href":"https:\/\/arantv.az\/index.php?rest_route=%2Fwp%2Fv2%2Fmedia&parent=341809"}],"wp:term":[{"taxonomy":"category","embeddable":true,"href":"https:\/\/arantv.az\/index.php?rest_route=%2Fwp%2Fv2%2Fcategories&post=341809"},{"taxonomy":"post_tag","embeddable":true,"href":"https:\/\/arantv.az\/index.php?rest_route=%2Fwp%2Fv2%2Ftags&post=341809"}],"curies":[{"name":"wp","href":"https:\/\/api.w.org\/{rel}","templated":true}]}}