{"id":341817,"date":"2021-05-30T11:36:03","date_gmt":"2021-05-30T08:36:03","guid":{"rendered":"https:\/\/arantv.az\/?p=341817"},"modified":"2021-05-30T11:36:03","modified_gmt":"2021-05-30T08:36:03","slug":"ilham-%c9%99liyev-turkiy%c9%99-ali-m%c9%99hk%c9%99m%c9%99sinin-bas-prokurorunu-q%c9%99bul-edib","status":"publish","type":"post","link":"https:\/\/arantv.az\/?p=341817","title":{"rendered":"\u0130lham \u018fliyev T\u00fcrkiy\u0259 Ali M\u0259hk\u0259m\u0259sinin Ba\u015f prokurorunu q\u0259bul edib"},"content":{"rendered":"<p>Az\u0259rbaycan Respublikas\u0131n\u0131n Prezidenti \u0130lham \u018fliyev may\u0131n 30-da T\u00fcrkiy\u0259 Respublikas\u0131 Ali M\u0259hk\u0259m\u0259sinin Ba\u015f prokuroru B\u0259kir \u015eahinin ba\u015f\u00e7\u0131l\u0131q etdiyi n\u00fcmay\u0259nd\u0259 hey\u0259tini q\u0259bul edib.<\/p>\n<p><strong>ARANTV.AZ<\/strong> x\u0259b\u0259r verir ki, Ali M\u0259hk\u0259m\u0259nin Ba\u015f prokuroru B\u0259kir \u015eahin T\u00fcrkiy\u0259 Prezidenti R\u0259c\u0259p Tayyib \u018frdo\u011fan\u0131n salamlar\u0131n\u0131 d\u00f6vl\u0259timizin ba\u015f\u00e7\u0131s\u0131na \u00e7atd\u0131rd\u0131. Prezident \u0130lham \u018fliyev T\u00fcrkiy\u0259 d\u00f6vl\u0259tinin ba\u015f\u00e7\u0131s\u0131n\u0131n salamlar\u0131na g\u00f6r\u0259 minn\u0259tdarl\u0131\u011f\u0131n\u0131 bildirdi, onun da salamlar\u0131n\u0131 T\u00fcrkiy\u0259 Prezidentin\u0259 \u00e7atd\u0131rma\u011f\u0131 xahi\u015f etdi.<\/p>\n<div id=\"AdviadNativeVideo0\" class=\"AdviadNativeVideo\"><\/div>\n<p>G\u00f6r\u00fc\u015fd\u0259 Az\u0259rbaycan il\u0259 T\u00fcrkiy\u0259 aras\u0131nda dostluq v\u0259 qarda\u015fl\u0131q m\u00fcnasib\u0259tl\u0259rinin b\u00fct\u00fcn sah\u0259l\u0259rd\u0259 u\u011furla inki\u015faf etdiyi vur\u011fuland\u0131, prokurorluq orqanlar\u0131n\u0131n h\u0259yata ke\u00e7irdiyi \u0259m\u0259kda\u015fl\u0131\u011f\u0131n bu m\u00fcnasib\u0259tl\u0259rin inki\u015faf\u0131 bax\u0131m\u0131ndan \u00f6n\u0259mi qeyd olundu.<\/p>\n<p>S\u00f6hb\u0259t zaman\u0131 T\u00fcrkiy\u0259nin bu sah\u0259d\u0259ki t\u0259cr\u00fcb\u0259sin\u0259 toxunuldu, Az\u0259rbaycanda prokurorluq sah\u0259sind\u0259 apar\u0131lan islahatlardan dan\u0131\u015f\u0131ld\u0131.<\/p>\n<p>G\u00f6r\u00fc\u015fd\u0259 \u0259m\u0259kda\u015fl\u0131\u011f\u0131n perspektivl\u0259ri \u0259traf\u0131nda fikir m\u00fcbadil\u0259si apar\u0131ld\u0131.AZ\u018fRTAC<\/p>\n","protected":false},"excerpt":{"rendered":"<p>Az\u0259rbaycan Respublikas\u0131n\u0131n Prezidenti \u0130lham \u018fliyev may\u0131n 30-da T\u00fcrkiy\u0259 Respublikas\u0131 Ali M\u0259hk\u0259m\u0259sinin Ba\u015f prokuroru B\u0259kir \u015eahinin ba\u015f\u00e7\u0131l\u0131q etdiyi n\u00fcmay\u0259nd\u0259 hey\u0259tini q\u0259bul edib. ARANTV.AZ x\u0259b\u0259r verir ki, Ali M\u0259hk\u0259m\u0259nin Ba\u015f prokuroru B\u0259kir \u015eahin T\u00fcrkiy\u0259 Prezidenti R\u0259c\u0259p Tayyib \u018frdo\u011fan\u0131n salamlar\u0131n\u0131 d\u00f6vl\u0259timizin ba\u015f\u00e7\u0131s\u0131na \u00e7atd\u0131rd\u0131. Prezident \u0130lham \u018fliyev T\u00fcrkiy\u0259 d\u00f6vl\u0259tinin ba\u015f\u00e7\u0131s\u0131n\u0131n salamlar\u0131na g\u00f6r\u0259 minn\u0259tdarl\u0131\u011f\u0131n\u0131 bildirdi, onun da salamlar\u0131n\u0131 T\u00fcrkiy\u0259 Prezidentin\u0259 \u00e7atd\u0131rma\u011f\u0131 xahi\u015f etdi. G\u00f6r\u00fc\u015fd\u0259 Az\u0259rbaycan il\u0259 T\u00fcrkiy\u0259 aras\u0131nda dostluq v\u0259 qarda\u015fl\u0131q m\u00fcnasib\u0259tl\u0259rinin b\u00fct\u00fcn sah\u0259l\u0259rd\u0259 u\u011furla inki\u015faf etdiyi vur\u011fuland\u0131, prokurorluq orqanlar\u0131n\u0131n h\u0259yata ke\u00e7irdiyi \u0259m\u0259kda\u015fl\u0131\u011f\u0131n bu m\u00fcnasib\u0259tl\u0259rin inki\u015faf\u0131 bax\u0131m\u0131ndan \u00f6n\u0259mi qeyd olundu. S\u00f6hb\u0259t zaman\u0131 T\u00fcrkiy\u0259nin bu sah\u0259d\u0259ki&hellip;<\/p>\n","protected":false},"author":2,"featured_media":341818,"comment_status":"closed","ping_status":"closed","sticky":false,"template":"","format":"standard","meta":{"om_disable_all_campaigns":false,"_monsterinsights_skip_tracking":false,"_monsterinsights_sitenote_active":false,"_monsterinsights_sitenote_note":"","_monsterinsights_sitenote_category":0},"categories":[4],"tags":[],"aioseo_notices":[],"gutentor_comment":0,"rttpg_featured_image_url":{"full":["https:\/\/arantv.az\/wp-content\/uploads\/2021\/05\/16223580816097844622_1000x669.jpg",620,383,false],"landscape":["https:\/\/arantv.az\/wp-content\/uploads\/2021\/05\/16223580816097844622_1000x669.jpg",620,383,false],"portraits":["https:\/\/arantv.az\/wp-content\/uploads\/2021\/05\/16223580816097844622_1000x669.jpg",620,383,false],"thumbnail":["https:\/\/arantv.az\/wp-content\/uploads\/2021\/05\/16223580816097844622_1000x669-500x280.jpg",500,280,true],"medium":["https:\/\/arantv.az\/wp-content\/uploads\/2021\/05\/16223580816097844622_1000x669-591x365.jpg",591,365,true],"large":["https:\/\/arantv.az\/wp-content\/uploads\/2021\/05\/16223580816097844622_1000x669.jpg",620,383,false],"1536x1536":["https:\/\/arantv.az\/wp-content\/uploads\/2021\/05\/16223580816097844622_1000x669.jpg",620,383,false],"2048x2048":["https:\/\/arantv.az\/wp-content\/uploads\/2021\/05\/16223580816097844622_1000x669.jpg",620,383,false],"post-thumbnail":["https:\/\/arantv.az\/wp-content\/uploads\/2021\/05\/16223580816097844622_1000x669-240x172.jpg",240,172,true],"advps-thumb-one":["https:\/\/arantv.az\/wp-content\/uploads\/2021\/05\/16223580816097844622_1000x669.jpg",620,383,false]},"rttpg_author":{"display_name":"V\u00fcsal Rafiqo\u011flu","author_link":"https:\/\/arantv.az\/?author=2"},"rttpg_comment":0,"rttpg_category":"<a href=\"https:\/\/arantv.az\/?cat=4\" rel=\"category\">Siyas\u0259t<\/a>","rttpg_excerpt":"Az\u0259rbaycan Respublikas\u0131n\u0131n Prezidenti \u0130lham \u018fliyev may\u0131n 30-da T\u00fcrkiy\u0259 Respublikas\u0131 Ali M\u0259hk\u0259m\u0259sinin Ba\u015f prokuroru B\u0259kir \u015eahinin ba\u015f\u00e7\u0131l\u0131q etdiyi n\u00fcmay\u0259nd\u0259 hey\u0259tini q\u0259bul edib. ARANTV.AZ x\u0259b\u0259r verir ki, Ali M\u0259hk\u0259m\u0259nin Ba\u015f prokuroru B\u0259kir \u015eahin T\u00fcrkiy\u0259 Prezidenti R\u0259c\u0259p Tayyib \u018frdo\u011fan\u0131n salamlar\u0131n\u0131 d\u00f6vl\u0259timizin ba\u015f\u00e7\u0131s\u0131na \u00e7atd\u0131rd\u0131. Prezident \u0130lham \u018fliyev T\u00fcrkiy\u0259 d\u00f6vl\u0259tinin ba\u015f\u00e7\u0131s\u0131n\u0131n salamlar\u0131na g\u00f6r\u0259 minn\u0259tdarl\u0131\u011f\u0131n\u0131 bildirdi, onun da salamlar\u0131n\u0131 T\u00fcrkiy\u0259 Prezidentin\u0259&hellip;","_links":{"self":[{"href":"https:\/\/arantv.az\/index.php?rest_route=\/wp\/v2\/posts\/341817"}],"collection":[{"href":"https:\/\/arantv.az\/index.php?rest_route=\/wp\/v2\/posts"}],"about":[{"href":"https:\/\/arantv.az\/index.php?rest_route=\/wp\/v2\/types\/post"}],"author":[{"embeddable":true,"href":"https:\/\/arantv.az\/index.php?rest_route=\/wp\/v2\/users\/2"}],"replies":[{"embeddable":true,"href":"https:\/\/arantv.az\/index.php?rest_route=%2Fwp%2Fv2%2Fcomments&post=341817"}],"version-history":[{"count":0,"href":"https:\/\/arantv.az\/index.php?rest_route=\/wp\/v2\/posts\/341817\/revisions"}],"wp:featuredmedia":[{"embeddable":true,"href":"https:\/\/arantv.az\/index.php?rest_route=\/wp\/v2\/media\/341818"}],"wp:attachment":[{"href":"https:\/\/arantv.az\/index.php?rest_route=%2Fwp%2Fv2%2Fmedia&parent=341817"}],"wp:term":[{"taxonomy":"category","embeddable":true,"href":"https:\/\/arantv.az\/index.php?rest_route=%2Fwp%2Fv2%2Fcategories&post=341817"},{"taxonomy":"post_tag","embeddable":true,"href":"https:\/\/arantv.az\/index.php?rest_route=%2Fwp%2Fv2%2Ftags&post=341817"}],"curies":[{"name":"wp","href":"https:\/\/api.w.org\/{rel}","templated":true}]}}