{"id":341888,"date":"2021-05-31T07:48:27","date_gmt":"2021-05-31T04:48:27","guid":{"rendered":"http:\/\/arantv.az\/?p=341888"},"modified":"2021-05-31T07:48:27","modified_gmt":"2021-05-31T04:48:27","slug":"bir-mill%c9%99t-iki-dovl%c9%99t-prinsipin%c9%99-%c9%99saslanan-az%c9%99rbaycan-turkiy%c9%99-munasib%c9%99tl%c9%99ri-hazirda-ozunun-%c9%99n-yuks%c9%99k-s%c9%99viyy%c9%99sind%c9%99dir","status":"publish","type":"post","link":"https:\/\/arantv.az\/?p=341888","title":{"rendered":"\u201cBir mill\u0259t, iki d\u00f6vl\u0259t\u201d prinsipin\u0259 \u0259saslanan Az\u0259rbaycan-T\u00fcrkiy\u0259 m\u00fcnasib\u0259tl\u0259ri haz\u0131rda \u00f6z\u00fcn\u00fcn \u0259n y\u00fcks\u0259k s\u0259viyy\u0259sind\u0259dir"},"content":{"rendered":"<p>Tarixi dostluq, qar\u015f\u0131l\u0131ql\u0131 etimad, s\u0259mimi m\u00fcnasib\u0259tl\u0259r, y\u00fcks\u0259k s\u0259viyy\u0259li \u0259m\u0259kda\u015fl\u0131q \u0259sas\u0131nda qurulan Az\u0259rbaycan-T\u00fcrkiy\u0259 \u0259laq\u0259l\u0259ri daim m\u00f6hk\u0259ml\u0259nm\u0259kd\u0259dir. Xalqlar\u0131m\u0131z\u0131n eyni soyk\u00f6k\u00fcn\u0259, dil\u0259, din\u0259, m\u0259d\u0259niyy\u0259t\u0259 v\u0259 bir \u00e7ox dig\u0259r qar\u015f\u0131l\u0131ql\u0131 ba\u011flara malik olmas\u0131 bu iki \u00f6lk\u0259ni h\u0259mi\u015f\u0259 bir-birin\u0259 do\u011fma edib, sevincli, k\u0259d\u0259rli g\u00fcnl\u0259rd\u0259 d\u0259 biri dig\u0259rinin yan\u0131nda olub. Az\u0259rbaycan v\u0259 T\u00fcrkiy\u0259 aras\u0131ndak\u0131 dostluq v\u0259 qarda\u015fl\u0131q m\u00fcnasib\u0259tl\u0259ri ciddi \u0259saslara malikdir. Ulu \u00f6nd\u0259r Heyd\u0259r \u018fliyevin \u201cBir mill\u0259t, iki d\u00f6vl\u0259t\u201d f\u0259ls\u0259f\u0259si il\u0259 \u0259sasl\u0131 t\u0259m\u0259l\u0259 sahib olan tarixi k\u00f6kl\u0259r\u0259 v\u0259 qarda\u015fl\u0131\u011fa s\u00f6yk\u0259n\u0259n, h\u0259r zaman h\u0259mr\u0259ylik n\u00fcmayi\u015f etdir\u0259n Az\u0259rbaycan v\u0259 T\u00fcrkiy\u0259 aras\u0131nda \u0259laq\u0259l\u0259r siyasi, iqtisadi-ticar\u0259t, humanitar, h\u0259rbi, t\u0259hsil v\u0259 dig\u0259r sah\u0259l\u0259rd\u0259 u\u011furla inki\u015faf edir.<\/p>\n<p><img src=\"https:\/\/ikisahil.az\/upload\/\/2021\/05\/30\/\/-758be1f9162240119674581161411032563.jpg\" alt=\"\" \/>\u015e\u00fcbh\u0259siz ki, \u00e7ox\u015fax\u0259li ikit\u0259r\u0259fli \u0259laq\u0259l\u0259rimizin daha da m\u00f6hk\u0259ml\u0259ndirilm\u0259si yolunda onlar\u0131n q\u0259tiyy\u0259tli siyas\u0259ti, qarda\u015f \u00f6lk\u0259nin, T\u00fcrkiy\u0259nin Az\u0259rbaycan\u0131n \u0259z\u0259li torpaqlar\u0131n\u0131n i\u015f\u011faldan azad edilm\u0259si u\u011frunda haqq i\u015fin\u0259 b\u00fct\u00fcn m\u00fcst\u0259vil\u0259rd\u0259 a\u00e7\u0131q, t\u0259r\u0259dd\u00fcds\u00fcz m\u0259n\u0259vi v\u0259 siyasi d\u0259st\u0259yi xalq\u0131m\u0131z t\u0259r\u0259find\u0259n \u00e7ox y\u00fcks\u0259k qiym\u0259tl\u0259ndirilir. B\u00fct\u00fcn sah\u0259l\u0259rd\u0259 T\u00fcrkiy\u0259-Az\u0259rbaycan dostlu\u011fu, qarda\u015fl\u0131\u011f\u0131, birliyi \u00f6z\u00fcn\u00fc t\u0259sdiq etdi v\u0259 44 g\u00fcn davam ed\u0259n \u0130kinci Qaraba\u011f m\u00fcharib\u0259sind\u0259 T\u00fcrkiy\u0259nin Az\u0259rbaycana g\u00f6st\u0259rdiyi d\u0259st\u0259k, \u0259lb\u0259tt\u0259, h\u0259mi\u015f\u0259 bizim xatirimizd\u0259 olacaqd\u0131r, bizim q\u0259lbimizd\u0259 ya\u015fayacaqd\u0131r. T\u00fcrkiy\u0259 m\u00fcharib\u0259nin ilk saatlar\u0131ndan Az\u0259rbaycana \u00e7ox b\u00f6y\u00fck siyasi v\u0259 m\u0259n\u0259vi d\u0259st\u0259k g\u00f6st\u0259rmi\u015fdir. T\u00fcrkiy\u0259nin Prezidenti R\u0259c\u0259b Tayyib \u018frdo\u011fan ilk d\u0259qiq\u0259l\u0259rd\u0259n, ilk saatlardan b\u0259yanatlarla \u00e7\u0131x\u0131\u015f etmi\u015f v\u0259 demi\u015fdir ki, T\u00fcrkiy\u0259 Az\u0259rbaycan\u0131n yan\u0131ndad\u0131r. Q\u0259l\u0259b\u0259ni qeyd etdiyimiz g\u00fcnl\u0259rd\u0259 paytaxt\u0131m\u0131zda v\u0259 \u00f6lk\u0259nin b\u00fct\u00fcn b\u00f6lg\u0259l\u0259rind\u0259 bayraqlar\u0131m\u0131z \u00f6lk\u0259l\u0259rimizin varl\u0131\u011f\u0131n\u0131 v\u0259 g\u00fcc\u00fcn\u00fc d\u00fcnyaya, h\u0259m\u00e7inin dostlar\u0131m\u0131za v\u0259 d\u00fc\u015fm\u0259nl\u0259rimiz\u0259 tan\u0131d\u0131rd\u0131. S\u00f6zs\u00fcz ki, Az\u0259rbaycan v\u0259 T\u00fcrkiy\u0259 aras\u0131nda \u0259laq\u0259l\u0259rin bel\u0259 s\u0259viyy\u0259d\u0259 inki\u015faf\u0131 t\u0259kc\u0259 bu d\u00f6vl\u0259tl\u0259rin yox, h\u0259m d\u0259 regionun \u00fcmumi t\u0259r\u0259qqisin\u0259, sabitliyin b\u0259rq\u0259rar olmas\u0131na m\u00fch\u00fcm t\u00f6hf\u0259l\u0259r verir. Eyni zamanda, t\u00fcrk d\u00fcnyas\u0131n\u0131n daha s\u0131x \u015f\u0259kild\u0259 bir araya g\u0259lm\u0259sini bu g\u00fcn \u015f\u0259rtl\u0259ndir\u0259n \u0259n m\u00fch\u00fcm amill\u0259rd\u0259n biri d\u0259 m\u0259hz Az\u0259rbaycan v\u0259 T\u00fcrkiy\u0259nin m\u00fcnasib\u0259tl\u0259rinin inki\u015faf\u0131ndan ke\u00e7ir.<\/p>\n<p>Art\u0131q bu g\u00fcn T\u00fcrkiy\u0259 Respublikas\u0131 \u0259h\u0259miyy\u0259tli sosial-iqtisadi v\u0259 elmi t\u0259r\u0259qqi, h\u0259rt\u0259r\u0259fli inki\u015faf yolu ke\u00e7\u0259r\u0259k d\u00fcnya miqyas\u0131nda m\u00fcst\u0259qil siyas\u0259t y\u00fcr\u00fcd\u0259n g\u00fcc m\u0259rk\u0259zin\u0259 \u00e7evrilmi\u015fdir. B\u00fct\u00fcn sah\u0259l\u0259rd\u0259 oldu\u011fu kimi t\u0259hsil sah\u0259sind\u0259 d\u0259 \u00f6lk\u0259l\u0259rimiz aras\u0131nda \u0259laq\u0259l\u0259r daim inki\u015faf edir. M\u00fcasir d\u00f6vr\u00fcn t\u0259l\u0259bl\u0259ri elm, t\u0259hsil sah\u0259sind\u0259 inteqrasiyan\u0131n d\u0259rinl\u0259\u015fdirilm\u0259sinin, bu sah\u0259d\u0259 \u0259m\u0259kda\u015fl\u0131\u011f\u0131n geni\u015fl\u0259ndirilm\u0259sinin vacibliyini g\u00f6st\u0259rir. Bu bax\u0131mdan y\u00fcks\u0259kixtisasl\u0131 kadr haz\u0131rl\u0131\u011f\u0131 m\u0259qs\u0259dil\u0259 xarici \u00f6lk\u0259l\u0259rin, x\u00fcsusil\u0259 T\u00fcrkiy\u0259nin qabaqc\u0131l ali t\u0259hsil m\u00fc\u0259ssis\u0259l\u0259ri il\u0259 \u0259m\u0259kda\u015fl\u0131q \u0259laq\u0259l\u0259rinin davaml\u0131 inki\u015faf etdirilm\u0259si universitetl\u0259rin prioritet istiqam\u0259tl\u0259ri kimi m\u00fc\u0259yy\u0259nl\u0259\u015fdirilib. 2018-ci ild\u0259 Az\u0259rbaycan ali t\u0259hsil sisteminin m\u0259zmun v\u0259 keyfiyy\u0259t g\u00f6st\u0259ricil\u0259rinin m\u00fcasirl\u0259\u015fdirilm\u0259si m\u0259qs\u0259dil\u0259 Az\u0259rbaycan Respublikas\u0131n\u0131n Prezidentinin m\u00fcvafiq S\u0259r\u0259ncam\u0131 il\u0259 \u201c2019-2023 ill\u0259r \u00fc\u00e7\u00fcn Az\u0259rbaycan Respublikas\u0131nda ali t\u0259hsil sisteminin beyn\u0259lxalq r\u0259qab\u0259tliliyinin art\u0131r\u0131lmas\u0131 \u00fczr\u0259 D\u00f6vl\u0259t Proqram\u0131\u201d t\u0259sdiq edilib. D\u00f6vl\u0259t Proqram\u0131n\u0131n icra istiqam\u0259tl\u0259rin\u0259 yerli ali t\u0259hsil m\u00fc\u0259ssis\u0259l\u0259rind\u0259 beyn\u0259lxalq ikili diplom proqramlar\u0131n\u0131n t\u0259sis edilm\u0259si v\u0259 Az\u0259rbaycan v\u0259t\u0259nda\u015flar\u0131n\u0131n n\u00fcfuzlu xarici ali m\u0259kt\u0259bl\u0259rd\u0259 doktorantura s\u0259viyy\u0259si \u00fczr\u0259 t\u0259hsilinin t\u0259\u015fkili aiddir. D\u00f6vl\u0259t Proqram\u0131 \u00e7\u0259r\u00e7iv\u0259sind\u0259 t\u0259sis edilm\u0259si n\u0259z\u0259rd\u0259 tutulan 5 beyn\u0259lxalq ikili diplom proqram\u0131nda art\u0131q 3-\u00fc 2020-ci ild\u0259n h\u0259yata ke\u00e7irilir.<\/p>\n<p>\u015e\u00fcbh\u0259siz ki, t\u0259hsil sah\u0259sind\u0259 \u0259m\u0259kda\u015fl\u0131\u011f\u0131n inki\u015faf\u0131 prinsipial m\u0259s\u0259l\u0259l\u0259rd\u0259ndir. T\u0259hsil sah\u0259sind\u0259 \u0259m\u0259kda\u015fl\u0131q olduqca \u00f6n\u0259mlidir. \u00c7\u00fcnki, g\u0259nc n\u0259slin yeti\u015fdirilm\u0259si, bir-birin\u0259 ba\u011fl\u0131 olmas\u0131 \u00fc\u00e7\u00fcn \u00e7ox \u00f6n\u0259mli add\u0131mlar at\u0131lmal\u0131d\u0131r. El\u0259c\u0259 d\u0259, T\u00fcrkiy\u0259nin t\u0259cr\u00fcb\u0259si \u00f6lk\u0259miz \u00fc\u00e7\u00fcn \u00e7ox \u00f6n\u0259mlidir. \u0130\u015f\u011faldan azad olunmu\u015f \u015f\u0259h\u0259rl\u0259rin ba\u015f plan\u0131 haz\u0131rlan\u0131r v\u0259 bu ba\u015f planlar\u0131n t\u0259rkib hiss\u0259si kimi m\u0259kt\u0259bl\u0259rin tikintisi n\u0259z\u0259rd\u0259 tutulur. \u015eu\u015fa \u015f\u0259h\u0259rind\u0259 erm\u0259nil\u0259r t\u0259r\u0259find\u0259n da\u011f\u0131d\u0131lm\u0131\u015f m\u0259kt\u0259bin t\u0259m\u0259li qoyulmu\u015fdur. C\u00fcmhurba\u015fqan\u0131 R\u0259c\u0259b Tayyib \u018frdo\u011fan\u0131n s\u0259f\u0259ri \u00e7\u0259r\u00e7iv\u0259sind\u0259 T\u00fcrkiy\u0259 t\u0259r\u0259find\u0259n t\u0259klif edilmi\u015f bir h\u0259diyy\u0259 kimi, m\u0259kt\u0259bin d\u0259 t\u0259m\u0259lqoyma m\u0259rasimi olub. H\u0259m t\u0259hsil, t\u0259hsilin keyfiyy\u0259tinin qald\u0131r\u0131lmas\u0131, eyni zamanda, T\u00fcrkiy\u0259 v\u0259 Az\u0259rbaycan g\u0259ncl\u0259rinin bir-birin\u0259 daha s\u0131x ba\u011fl\u0131 olmas\u0131 il\u0259 \u0259laq\u0259dar \u0259lav\u0259 t\u0259dbirl\u0259r g\u00f6r\u00fclm\u0259lidir. Prezidenti \u0130lham \u018fliyevin may\u0131n 27-d\u0259 T\u00fcrkiy\u0259 Respublikas\u0131n\u0131n milli t\u0259hsil naziri Ziya Sel\u00e7uku q\u0259bul ed\u0259r\u0259k\u0259n bildirdiyi kimi: \u201cX\u00fcsusil\u0259, Az\u0259rbaycan, dediyim kimi, bu g\u00fcn b\u00f6y\u00fck quruculuq i\u015fl\u0259rinin astanas\u0131ndad\u0131r v\u0259 h\u0259m azad edilmi\u015f torpaqlarda, h\u0259m d\u0259 b\u00fct\u00fcn \u00f6lk\u0259 \u00fczr\u0259 yeni t\u0259hsilli kadrlar\u0131n haz\u0131rlanmas\u0131 \u00e7ox b\u00f6y\u00fck \u00f6n\u0259m da\u015f\u0131y\u0131r. Ona g\u00f6r\u0259, azad edilmi\u015f torpaqlarda ixtisaslar \u00fczr\u0259, o b\u00f6lg\u0259l\u0259rin potensial\u0131na uy\u011fun olaraq pe\u015f\u0259 m\u0259kt\u0259bl\u0259ri yarad\u0131lmal\u0131d\u0131r. \u018flb\u0259tt\u0259 ki, biz T\u00fcrkiy\u0259 t\u0259r\u0259finin d\u0259st\u0259yin\u0259 \u00fcmid edirik\u201d.<\/p>\n<p>Bel\u0259likl\u0259, g\u00f6r\u00fcnd\u00fcy\u00fc kimi qeyd ed\u0259 bil\u0259rik ki, q\u0131r\u0131lmaz tell\u0259rl\u0259 bir-birin\u0259 ba\u011fl\u0131 olan xalqlar\u0131m\u0131z\u0131n irad\u0259sind\u0259n qaynaqlanan v\u0259 \u201cBir mill\u0259t, iki d\u00f6vl\u0259t\u201d prinsipin\u0259 \u0259saslanan Az\u0259rbaycan-T\u00fcrkiy\u0259 m\u00fcnasib\u0259tl\u0259ri haz\u0131rda \u00f6z\u00fcn\u00fcn \u0259n y\u00fcks\u0259k s\u0259viyy\u0259sind\u0259dir.<\/p>\n<p><strong>Dosent Kamil Qafarov<\/strong><\/p>\n<p><strong>YAP S\u0259bail rayon t\u0259\u015fkilat\u0131 \u0130dar\u0259 Hey\u0259tinin \u00fczv\u00fc,<\/strong><\/p>\n<p><strong>Az\u0259rbaycan D\u00f6vl\u0259t \u0130qtisad Universitetinin dosenti<\/strong><\/p>\n","protected":false},"excerpt":{"rendered":"<p>Tarixi dostluq, qar\u015f\u0131l\u0131ql\u0131 etimad, s\u0259mimi m\u00fcnasib\u0259tl\u0259r, y\u00fcks\u0259k s\u0259viyy\u0259li \u0259m\u0259kda\u015fl\u0131q \u0259sas\u0131nda qurulan Az\u0259rbaycan-T\u00fcrkiy\u0259 \u0259laq\u0259l\u0259ri daim m\u00f6hk\u0259ml\u0259nm\u0259kd\u0259dir. Xalqlar\u0131m\u0131z\u0131n eyni soyk\u00f6k\u00fcn\u0259, dil\u0259, din\u0259, m\u0259d\u0259niyy\u0259t\u0259 v\u0259 bir \u00e7ox dig\u0259r qar\u015f\u0131l\u0131ql\u0131 ba\u011flara malik olmas\u0131 bu iki \u00f6lk\u0259ni h\u0259mi\u015f\u0259 bir-birin\u0259 do\u011fma edib, sevincli, k\u0259d\u0259rli g\u00fcnl\u0259rd\u0259 d\u0259 biri dig\u0259rinin yan\u0131nda olub. Az\u0259rbaycan v\u0259 T\u00fcrkiy\u0259 aras\u0131ndak\u0131 dostluq v\u0259 qarda\u015fl\u0131q m\u00fcnasib\u0259tl\u0259ri ciddi \u0259saslara malikdir. Ulu \u00f6nd\u0259r Heyd\u0259r \u018fliyevin \u201cBir mill\u0259t, iki d\u00f6vl\u0259t\u201d f\u0259ls\u0259f\u0259si il\u0259 \u0259sasl\u0131 t\u0259m\u0259l\u0259 sahib olan tarixi k\u00f6kl\u0259r\u0259 v\u0259 qarda\u015fl\u0131\u011fa s\u00f6yk\u0259n\u0259n, h\u0259r zaman h\u0259mr\u0259ylik n\u00fcmayi\u015f etdir\u0259n Az\u0259rbaycan v\u0259 T\u00fcrkiy\u0259 aras\u0131nda \u0259laq\u0259l\u0259r siyasi, iqtisadi-ticar\u0259t, humanitar, h\u0259rbi, t\u0259hsil v\u0259&hellip;<\/p>\n","protected":false},"author":2,"featured_media":341889,"comment_status":"closed","ping_status":"closed","sticky":false,"template":"","format":"standard","meta":{"om_disable_all_campaigns":false,"_monsterinsights_skip_tracking":false,"_monsterinsights_sitenote_active":false,"_monsterinsights_sitenote_note":"","_monsterinsights_sitenote_category":0},"categories":[4],"tags":[],"aioseo_notices":[],"gutentor_comment":0,"rttpg_featured_image_url":{"full":["https:\/\/arantv.az\/wp-content\/uploads\/2021\/05\/6ebb69ff158955707739807786610287243.jpg",975,540,false],"landscape":["https:\/\/arantv.az\/wp-content\/uploads\/2021\/05\/6ebb69ff158955707739807786610287243.jpg",975,540,false],"portraits":["https:\/\/arantv.az\/wp-content\/uploads\/2021\/05\/6ebb69ff158955707739807786610287243.jpg",975,540,false],"thumbnail":["https:\/\/arantv.az\/wp-content\/uploads\/2021\/05\/6ebb69ff158955707739807786610287243-500x280.jpg",500,280,true],"medium":["https:\/\/arantv.az\/wp-content\/uploads\/2021\/05\/6ebb69ff158955707739807786610287243-660x365.jpg",660,365,true],"large":["https:\/\/arantv.az\/wp-content\/uploads\/2021\/05\/6ebb69ff158955707739807786610287243-840x465.jpg",640,354,true],"1536x1536":["https:\/\/arantv.az\/wp-content\/uploads\/2021\/05\/6ebb69ff158955707739807786610287243.jpg",975,540,false],"2048x2048":["https:\/\/arantv.az\/wp-content\/uploads\/2021\/05\/6ebb69ff158955707739807786610287243.jpg",975,540,false],"post-thumbnail":["https:\/\/arantv.az\/wp-content\/uploads\/2021\/05\/6ebb69ff158955707739807786610287243-240x172.jpg",240,172,true],"advps-thumb-one":["https:\/\/arantv.az\/wp-content\/uploads\/2021\/05\/6ebb69ff158955707739807786610287243.jpg",975,540,false]},"rttpg_author":{"display_name":"V\u00fcsal Rafiqo\u011flu","author_link":"https:\/\/arantv.az\/?author=2"},"rttpg_comment":0,"rttpg_category":"<a href=\"https:\/\/arantv.az\/?cat=4\" rel=\"category\">Siyas\u0259t<\/a>","rttpg_excerpt":"Tarixi dostluq, qar\u015f\u0131l\u0131ql\u0131 etimad, s\u0259mimi m\u00fcnasib\u0259tl\u0259r, y\u00fcks\u0259k s\u0259viyy\u0259li \u0259m\u0259kda\u015fl\u0131q \u0259sas\u0131nda qurulan Az\u0259rbaycan-T\u00fcrkiy\u0259 \u0259laq\u0259l\u0259ri daim m\u00f6hk\u0259ml\u0259nm\u0259kd\u0259dir. Xalqlar\u0131m\u0131z\u0131n eyni soyk\u00f6k\u00fcn\u0259, dil\u0259, din\u0259, m\u0259d\u0259niyy\u0259t\u0259 v\u0259 bir \u00e7ox dig\u0259r qar\u015f\u0131l\u0131ql\u0131 ba\u011flara malik olmas\u0131 bu iki \u00f6lk\u0259ni h\u0259mi\u015f\u0259 bir-birin\u0259 do\u011fma edib, sevincli, k\u0259d\u0259rli g\u00fcnl\u0259rd\u0259 d\u0259 biri dig\u0259rinin yan\u0131nda olub. Az\u0259rbaycan v\u0259 T\u00fcrkiy\u0259 aras\u0131ndak\u0131 dostluq v\u0259 qarda\u015fl\u0131q m\u00fcnasib\u0259tl\u0259ri ciddi \u0259saslara malikdir.&hellip;","_links":{"self":[{"href":"https:\/\/arantv.az\/index.php?rest_route=\/wp\/v2\/posts\/341888"}],"collection":[{"href":"https:\/\/arantv.az\/index.php?rest_route=\/wp\/v2\/posts"}],"about":[{"href":"https:\/\/arantv.az\/index.php?rest_route=\/wp\/v2\/types\/post"}],"author":[{"embeddable":true,"href":"https:\/\/arantv.az\/index.php?rest_route=\/wp\/v2\/users\/2"}],"replies":[{"embeddable":true,"href":"https:\/\/arantv.az\/index.php?rest_route=%2Fwp%2Fv2%2Fcomments&post=341888"}],"version-history":[{"count":0,"href":"https:\/\/arantv.az\/index.php?rest_route=\/wp\/v2\/posts\/341888\/revisions"}],"wp:featuredmedia":[{"embeddable":true,"href":"https:\/\/arantv.az\/index.php?rest_route=\/wp\/v2\/media\/341889"}],"wp:attachment":[{"href":"https:\/\/arantv.az\/index.php?rest_route=%2Fwp%2Fv2%2Fmedia&parent=341888"}],"wp:term":[{"taxonomy":"category","embeddable":true,"href":"https:\/\/arantv.az\/index.php?rest_route=%2Fwp%2Fv2%2Fcategories&post=341888"},{"taxonomy":"post_tag","embeddable":true,"href":"https:\/\/arantv.az\/index.php?rest_route=%2Fwp%2Fv2%2Ftags&post=341888"}],"curies":[{"name":"wp","href":"https:\/\/api.w.org\/{rel}","templated":true}]}}