{"id":341891,"date":"2021-05-31T07:49:16","date_gmt":"2021-05-31T04:49:16","guid":{"rendered":"http:\/\/arantv.az\/?p=341891"},"modified":"2021-05-31T07:49:16","modified_gmt":"2021-05-31T04:49:16","slug":"az%c9%99rbaycanin-q%c9%99hr%c9%99man-ordusu-44-gunluk-muharib%c9%99d%c9%99-fasizml%c9%99-fasistl%c9%99rl%c9%99-doyusdu","status":"publish","type":"post","link":"https:\/\/arantv.az\/?p=341891","title":{"rendered":"Az\u0259rbaycan\u0131n q\u0259hr\u0259man ordusu 44 g\u00fcnl\u00fck m\u00fcharib\u0259d\u0259 fa\u015fizml\u0259, fa\u015fistl\u0259rl\u0259 d\u00f6y\u00fc\u015fd\u00fc"},"content":{"rendered":"<p>Prezident \u0130lham \u018fliyevin m\u0259hz 28 may-Respublika g\u00fcn\u00fcnd\u0259 A\u011fdama s\u0259f\u0259r etm\u0259si x\u00fcsusi \u0259h\u0259miyy\u0259t da\u015f\u0131yan tarixi bir hadis\u0259dir.<\/p>\n<p><strong>ARANTV.AZ\u00a0<\/strong> x\u0259b\u0259r verir ki, bunu Trend-\u0259 Milli M\u0259clisin deputat\u0131 El\u015f\u0259n Musayev deyib.<\/p>\n<p><img src=\"https:\/\/ikisahil.az\/upload\/\/2019\/09\/04\/\/-34ffeb3515675795619500896671030241.jpg\" alt=\"\" \/>Deputat bildirib ki, \u00f6lk\u0259 ba\u015f\u00e7\u0131s\u0131 A\u011fdam \u015f\u0259h\u0259rind\u0259n b\u00fct\u00fcn d\u00fcnyaya n\u00f6vb\u0259ti mesajlar\u0131n\u0131 verdi v\u0259 bir daha a\u00e7\u0131q \u015f\u0259kild\u0259 b\u0259yan etdi ki, Az\u0259rbaycan\u0131n m\u00fcst\u0259qilliyi, g\u00fcc\u00fc, \u0259z\u0259m\u0259ti bundan sonra daimi, \u0259b\u0259di olacaq:<\/p>\n<p>&#8220;Eyni zamanda \u0130lham \u018fliyev b\u00f6y\u00fck planlardan, g\u0259l\u0259c\u0259k perspektivl\u0259rd\u0259n, Qaraba\u011fa qay\u0131d\u0131\u015fdan da dan\u0131\u015fd\u0131. M\u00f6ht\u0259r\u0259m Prezident h\u0259l\u0259 Qaraba\u011f i\u015f\u011fal alt\u0131nda ik\u0259n h\u0259r d\u0259f\u0259 A\u011fdamdan qa\u00e7q\u0131n d\u00fc\u015fm\u00fc\u015f sakinl\u0259rl\u0259 g\u00f6r\u00fc\u015f\u0259nd\u0259 deyirdi ki, biz o torpaqlara m\u00fctl\u0259q qay\u0131dacay\u0131q. Dediyi kimi d\u0259 oldu. C\u0259nab Prezident, M\u00fcz\u0259ff\u0259r Ali Ba\u015f Komandan verdiyi s\u00f6z\u00fc tutdu. Art\u0131q Qaraba\u011f, A\u011fdam azadd\u0131r. Art\u0131q A\u011fdam i\u015f\u011fal alt\u0131nda deyil. Art\u0131q A\u011fdam bizimdir. Art\u0131q A\u011fdam rahat n\u0259f\u0259s al\u0131r. Art\u0131q A\u011fdam xo\u015fb\u0259xtdir. Art\u0131q A\u011fdam\u0131n qap\u0131s\u0131 b\u00fct\u00fcn az\u0259rbaycanl\u0131lara v\u0259 a\u011fdaml\u0131lara a\u00e7\u0131qd\u0131r v\u0259 bu reall\u0131\u011f\u0131, h\u0259qiq\u0259ti d\u00fc\u015f\u00fcnm\u0259k, bilm\u0259k o q\u0259d\u0259r xo\u015f bir hissdir ki, onu s\u00f6zl\u0259 t\u0259svir etm\u0259k m\u00fcmk\u00fcn deyil. Az\u0259rbaycan\u0131n q\u0259hr\u0259man ordusu 44 g\u00fcnl\u00fck m\u00fcharib\u0259d\u0259 fa\u015fizml\u0259, fa\u015fistl\u0259rl\u0259 d\u00f6y\u00fc\u015fd\u00fc. M\u0259hz fa\u015fistl\u0259rl\u0259! \u00c7\u00fcnki erm\u0259ninin fa\u015fistd\u0259n he\u00e7 bir f\u0259rqi yoxdur. \u0130kisi d\u0259 eyni xisl\u0259td\u0259dir. \u0130kisi d\u0259 eyni da\u011f\u0131d\u0131c\u0131, terror\u00e7u ruhdad\u0131r, mahiyy\u0259td\u0259dir. Sonucda is\u0259 h\u0259min fa\u015fistl\u0259rin ba\u015f\u0131n\u0131 Az\u0259rbaycan\u0131n &#8220;d\u0259mir yumru\u011fu&#8221; \u0259zdi v\u0259 \u00e7ox b\u0259rk \u0259zdi. A\u011fdam da dir\u00e7\u0259l\u0259c\u0259k. \u00c7ox tezlikl\u0259 dir\u00e7\u0259l\u0259c\u0259k. Art\u0131q c\u0259nab Prezidentin i\u015ftirak\u0131 il\u0259 bu dir\u00e7\u0259li\u015fin t\u0259m\u0259l da\u015flar\u0131 at\u0131l\u0131b, tap\u015f\u0131r\u0131qlar verilib, i\u015fl\u0259r ba\u015flay\u0131b. Bir ne\u00e7\u0259 ild\u0259n sonra A\u011fdam el\u0259 g\u00f6z\u0259l olacaq ki, k\u0259nardan g\u00f6z ox\u015fayacaq&#8221;.<\/p>\n","protected":false},"excerpt":{"rendered":"<p>Prezident \u0130lham \u018fliyevin m\u0259hz 28 may-Respublika g\u00fcn\u00fcnd\u0259 A\u011fdama s\u0259f\u0259r etm\u0259si x\u00fcsusi \u0259h\u0259miyy\u0259t da\u015f\u0131yan tarixi bir hadis\u0259dir. ARANTV.AZ\u00a0 x\u0259b\u0259r verir ki, bunu Trend-\u0259 Milli M\u0259clisin deputat\u0131 El\u015f\u0259n Musayev deyib. Deputat bildirib ki, \u00f6lk\u0259 ba\u015f\u00e7\u0131s\u0131 A\u011fdam \u015f\u0259h\u0259rind\u0259n b\u00fct\u00fcn d\u00fcnyaya n\u00f6vb\u0259ti mesajlar\u0131n\u0131 verdi v\u0259 bir daha a\u00e7\u0131q \u015f\u0259kild\u0259 b\u0259yan etdi ki, Az\u0259rbaycan\u0131n m\u00fcst\u0259qilliyi, g\u00fcc\u00fc, \u0259z\u0259m\u0259ti bundan sonra daimi, \u0259b\u0259di olacaq: &#8220;Eyni zamanda \u0130lham \u018fliyev b\u00f6y\u00fck planlardan, g\u0259l\u0259c\u0259k perspektivl\u0259rd\u0259n, Qaraba\u011fa qay\u0131d\u0131\u015fdan da dan\u0131\u015fd\u0131. M\u00f6ht\u0259r\u0259m Prezident h\u0259l\u0259 Qaraba\u011f i\u015f\u011fal alt\u0131nda ik\u0259n h\u0259r d\u0259f\u0259 A\u011fdamdan qa\u00e7q\u0131n d\u00fc\u015fm\u00fc\u015f sakinl\u0259rl\u0259 g\u00f6r\u00fc\u015f\u0259nd\u0259 deyirdi ki, biz o torpaqlara m\u00fctl\u0259q qay\u0131dacay\u0131q.&hellip;<\/p>\n","protected":false},"author":2,"featured_media":341892,"comment_status":"closed","ping_status":"closed","sticky":false,"template":"","format":"standard","meta":{"om_disable_all_campaigns":false,"_monsterinsights_skip_tracking":false,"_monsterinsights_sitenote_active":false,"_monsterinsights_sitenote_note":"","_monsterinsights_sitenote_category":0},"categories":[4],"tags":[],"aioseo_notices":[],"gutentor_comment":0,"rttpg_featured_image_url":{"full":["https:\/\/arantv.az\/wp-content\/uploads\/2021\/05\/42dab568160902989479114552711039983.jpg",975,540,false],"landscape":["https:\/\/arantv.az\/wp-content\/uploads\/2021\/05\/42dab568160902989479114552711039983.jpg",975,540,false],"portraits":["https:\/\/arantv.az\/wp-content\/uploads\/2021\/05\/42dab568160902989479114552711039983.jpg",975,540,false],"thumbnail":["https:\/\/arantv.az\/wp-content\/uploads\/2021\/05\/42dab568160902989479114552711039983-500x280.jpg",500,280,true],"medium":["https:\/\/arantv.az\/wp-content\/uploads\/2021\/05\/42dab568160902989479114552711039983-660x365.jpg",660,365,true],"large":["https:\/\/arantv.az\/wp-content\/uploads\/2021\/05\/42dab568160902989479114552711039983-840x465.jpg",640,354,true],"1536x1536":["https:\/\/arantv.az\/wp-content\/uploads\/2021\/05\/42dab568160902989479114552711039983.jpg",975,540,false],"2048x2048":["https:\/\/arantv.az\/wp-content\/uploads\/2021\/05\/42dab568160902989479114552711039983.jpg",975,540,false],"post-thumbnail":["https:\/\/arantv.az\/wp-content\/uploads\/2021\/05\/42dab568160902989479114552711039983-240x172.jpg",240,172,true],"advps-thumb-one":["https:\/\/arantv.az\/wp-content\/uploads\/2021\/05\/42dab568160902989479114552711039983.jpg",975,540,false]},"rttpg_author":{"display_name":"V\u00fcsal Rafiqo\u011flu","author_link":"https:\/\/arantv.az\/?author=2"},"rttpg_comment":0,"rttpg_category":"<a href=\"https:\/\/arantv.az\/?cat=4\" rel=\"category\">Siyas\u0259t<\/a>","rttpg_excerpt":"Prezident \u0130lham \u018fliyevin m\u0259hz 28 may-Respublika g\u00fcn\u00fcnd\u0259 A\u011fdama s\u0259f\u0259r etm\u0259si x\u00fcsusi \u0259h\u0259miyy\u0259t da\u015f\u0131yan tarixi bir hadis\u0259dir. ARANTV.AZ\u00a0 x\u0259b\u0259r verir ki, bunu Trend-\u0259 Milli M\u0259clisin deputat\u0131 El\u015f\u0259n Musayev deyib. Deputat bildirib ki, \u00f6lk\u0259 ba\u015f\u00e7\u0131s\u0131 A\u011fdam \u015f\u0259h\u0259rind\u0259n b\u00fct\u00fcn d\u00fcnyaya n\u00f6vb\u0259ti mesajlar\u0131n\u0131 verdi v\u0259 bir daha a\u00e7\u0131q \u015f\u0259kild\u0259 b\u0259yan etdi ki, Az\u0259rbaycan\u0131n m\u00fcst\u0259qilliyi, g\u00fcc\u00fc, \u0259z\u0259m\u0259ti bundan sonra daimi,&hellip;","_links":{"self":[{"href":"https:\/\/arantv.az\/index.php?rest_route=\/wp\/v2\/posts\/341891"}],"collection":[{"href":"https:\/\/arantv.az\/index.php?rest_route=\/wp\/v2\/posts"}],"about":[{"href":"https:\/\/arantv.az\/index.php?rest_route=\/wp\/v2\/types\/post"}],"author":[{"embeddable":true,"href":"https:\/\/arantv.az\/index.php?rest_route=\/wp\/v2\/users\/2"}],"replies":[{"embeddable":true,"href":"https:\/\/arantv.az\/index.php?rest_route=%2Fwp%2Fv2%2Fcomments&post=341891"}],"version-history":[{"count":0,"href":"https:\/\/arantv.az\/index.php?rest_route=\/wp\/v2\/posts\/341891\/revisions"}],"wp:featuredmedia":[{"embeddable":true,"href":"https:\/\/arantv.az\/index.php?rest_route=\/wp\/v2\/media\/341892"}],"wp:attachment":[{"href":"https:\/\/arantv.az\/index.php?rest_route=%2Fwp%2Fv2%2Fmedia&parent=341891"}],"wp:term":[{"taxonomy":"category","embeddable":true,"href":"https:\/\/arantv.az\/index.php?rest_route=%2Fwp%2Fv2%2Fcategories&post=341891"},{"taxonomy":"post_tag","embeddable":true,"href":"https:\/\/arantv.az\/index.php?rest_route=%2Fwp%2Fv2%2Ftags&post=341891"}],"curies":[{"name":"wp","href":"https:\/\/api.w.org\/{rel}","templated":true}]}}