{"id":342392,"date":"2021-06-01T11:29:26","date_gmt":"2021-06-01T08:29:26","guid":{"rendered":"http:\/\/arantv.az\/?p=342392"},"modified":"2021-06-01T11:29:26","modified_gmt":"2021-06-01T08:29:26","slug":"masallida-cay-plantasiyasindan-ogurluq-ed%c9%99nl%c9%99r-tutuldu","status":"publish","type":"post","link":"https:\/\/arantv.az\/?p=342392","title":{"rendered":"Masall\u0131da \u00e7ay plantasiyas\u0131ndan o\u011furluq ed\u0259nl\u0259r tutuldu"},"content":{"rendered":"<p>Masall\u0131da \u00e7ay plantasiyas\u0131ndan o\u011furluq ed\u0259nl\u0259r saxlan\u0131l\u0131b.<\/p>\n<p>D\u0130N m\u0259tbuat xidm\u0259tinin L\u0259nk\u0259ran regional qrupundan veril\u0259n m\u0259lumata g\u00f6r\u0259, Masall\u0131 rayonunun Kolatan k\u0259ndi \u0259razisind\u0259 yerl\u0259\u015f\u0259n \u00e7ay plantasiyas\u0131n\u0131n anbar\u0131ndan \u00fcmumi d\u0259y\u0259ri 1 115 manat olan 1 \u0259d\u0259d ot bi\u00e7\u0259n aparat\u0131n, 2 \u0259d\u0259d traktor akkumulyatorunun, 1 \u0259d\u0259d odun k\u0259s\u0259n mi\u015far\u0131n v\u0259 dig\u0259r \u0259\u015fyalar\u0131n o\u011furlanmas\u0131 il\u0259 ba\u011fl\u0131 Masall\u0131 RP\u015e-y\u0259 m\u00fcraci\u0259t daxil olub.<\/p>\n<div id=\"AdviadNativeVideo0\" class=\"AdviadNativeVideo\"><\/div>\n<p>Polis \u0259m\u0259kda\u015flar\u0131n\u0131n ke\u00e7irdikl\u0259ri \u0259m\u0259liyyat-axtar\u0131\u015f t\u0259dbirl\u0259ri n\u0259tic\u0259sind\u0259 o\u011furlu\u011fu t\u00f6r\u0259tm\u0259kd\u0259 \u015f\u00fcbh\u0259li bilin\u0259n \u015f\u0259xsl\u0259r m\u00fc\u0259yy\u0259n edil\u0259r\u0259k saxlan\u0131l\u0131b. Ara\u015fd\u0131rmalarla onlar\u0131n L\u0259nk\u0259ran rayon sakinl\u0259ri R.Seyfullazad\u0259, E.Eyvazzad\u0259 v\u0259 bir n\u0259f\u0259r yeniyetm\u0259nin oldu\u011fu m\u00fc\u0259yy\u0259n edilib.<\/p>\n<p>Faktla ba\u011fl\u0131 ara\u015fd\u0131rma apar\u0131l\u0131r.<\/p>\n","protected":false},"excerpt":{"rendered":"<p>Masall\u0131da \u00e7ay plantasiyas\u0131ndan o\u011furluq ed\u0259nl\u0259r saxlan\u0131l\u0131b. D\u0130N m\u0259tbuat xidm\u0259tinin L\u0259nk\u0259ran regional qrupundan veril\u0259n m\u0259lumata g\u00f6r\u0259, Masall\u0131 rayonunun Kolatan k\u0259ndi \u0259razisind\u0259 yerl\u0259\u015f\u0259n \u00e7ay plantasiyas\u0131n\u0131n anbar\u0131ndan \u00fcmumi d\u0259y\u0259ri 1 115 manat olan 1 \u0259d\u0259d ot bi\u00e7\u0259n aparat\u0131n, 2 \u0259d\u0259d traktor akkumulyatorunun, 1 \u0259d\u0259d odun k\u0259s\u0259n mi\u015far\u0131n v\u0259 dig\u0259r \u0259\u015fyalar\u0131n o\u011furlanmas\u0131 il\u0259 ba\u011fl\u0131 Masall\u0131 RP\u015e-y\u0259 m\u00fcraci\u0259t daxil olub. Polis \u0259m\u0259kda\u015flar\u0131n\u0131n ke\u00e7irdikl\u0259ri \u0259m\u0259liyyat-axtar\u0131\u015f t\u0259dbirl\u0259ri n\u0259tic\u0259sind\u0259 o\u011furlu\u011fu t\u00f6r\u0259tm\u0259kd\u0259 \u015f\u00fcbh\u0259li bilin\u0259n \u015f\u0259xsl\u0259r m\u00fc\u0259yy\u0259n edil\u0259r\u0259k saxlan\u0131l\u0131b. Ara\u015fd\u0131rmalarla onlar\u0131n L\u0259nk\u0259ran rayon sakinl\u0259ri R.Seyfullazad\u0259, E.Eyvazzad\u0259 v\u0259 bir n\u0259f\u0259r yeniyetm\u0259nin oldu\u011fu m\u00fc\u0259yy\u0259n edilib. Faktla ba\u011fl\u0131 ara\u015fd\u0131rma apar\u0131l\u0131r.<\/p>\n","protected":false},"author":2,"featured_media":342393,"comment_status":"closed","ping_status":"closed","sticky":false,"template":"","format":"standard","meta":{"om_disable_all_campaigns":false,"_monsterinsights_skip_tracking":false,"_monsterinsights_sitenote_active":false,"_monsterinsights_sitenote_note":"","_monsterinsights_sitenote_category":0},"categories":[5],"tags":[],"aioseo_notices":[],"gutentor_comment":0,"rttpg_featured_image_url":{"full":["https:\/\/arantv.az\/wp-content\/uploads\/2021\/06\/ca.jpg",620,413,false],"landscape":["https:\/\/arantv.az\/wp-content\/uploads\/2021\/06\/ca.jpg",620,413,false],"portraits":["https:\/\/arantv.az\/wp-content\/uploads\/2021\/06\/ca.jpg",620,413,false],"thumbnail":["https:\/\/arantv.az\/wp-content\/uploads\/2021\/06\/ca-500x280.jpg",500,280,true],"medium":["https:\/\/arantv.az\/wp-content\/uploads\/2021\/06\/ca-548x365.jpg",548,365,true],"large":["https:\/\/arantv.az\/wp-content\/uploads\/2021\/06\/ca.jpg",620,413,false],"1536x1536":["https:\/\/arantv.az\/wp-content\/uploads\/2021\/06\/ca.jpg",620,413,false],"2048x2048":["https:\/\/arantv.az\/wp-content\/uploads\/2021\/06\/ca.jpg",620,413,false],"post-thumbnail":["https:\/\/arantv.az\/wp-content\/uploads\/2021\/06\/ca-240x172.jpg",240,172,true],"advps-thumb-one":["https:\/\/arantv.az\/wp-content\/uploads\/2021\/06\/ca.jpg",620,413,false]},"rttpg_author":{"display_name":"V\u00fcsal Rafiqo\u011flu","author_link":"https:\/\/arantv.az\/?author=2"},"rttpg_comment":0,"rttpg_category":"<a href=\"https:\/\/arantv.az\/?cat=5\" rel=\"category\">Hadis\u0259<\/a>","rttpg_excerpt":"Masall\u0131da \u00e7ay plantasiyas\u0131ndan o\u011furluq ed\u0259nl\u0259r saxlan\u0131l\u0131b. D\u0130N m\u0259tbuat xidm\u0259tinin L\u0259nk\u0259ran regional qrupundan veril\u0259n m\u0259lumata g\u00f6r\u0259, Masall\u0131 rayonunun Kolatan k\u0259ndi \u0259razisind\u0259 yerl\u0259\u015f\u0259n \u00e7ay plantasiyas\u0131n\u0131n anbar\u0131ndan \u00fcmumi d\u0259y\u0259ri 1 115 manat olan 1 \u0259d\u0259d ot bi\u00e7\u0259n aparat\u0131n, 2 \u0259d\u0259d traktor akkumulyatorunun, 1 \u0259d\u0259d odun k\u0259s\u0259n mi\u015far\u0131n v\u0259 dig\u0259r \u0259\u015fyalar\u0131n o\u011furlanmas\u0131 il\u0259 ba\u011fl\u0131 Masall\u0131 RP\u015e-y\u0259 m\u00fcraci\u0259t daxil olub.&hellip;","_links":{"self":[{"href":"https:\/\/arantv.az\/index.php?rest_route=\/wp\/v2\/posts\/342392"}],"collection":[{"href":"https:\/\/arantv.az\/index.php?rest_route=\/wp\/v2\/posts"}],"about":[{"href":"https:\/\/arantv.az\/index.php?rest_route=\/wp\/v2\/types\/post"}],"author":[{"embeddable":true,"href":"https:\/\/arantv.az\/index.php?rest_route=\/wp\/v2\/users\/2"}],"replies":[{"embeddable":true,"href":"https:\/\/arantv.az\/index.php?rest_route=%2Fwp%2Fv2%2Fcomments&post=342392"}],"version-history":[{"count":0,"href":"https:\/\/arantv.az\/index.php?rest_route=\/wp\/v2\/posts\/342392\/revisions"}],"wp:featuredmedia":[{"embeddable":true,"href":"https:\/\/arantv.az\/index.php?rest_route=\/wp\/v2\/media\/342393"}],"wp:attachment":[{"href":"https:\/\/arantv.az\/index.php?rest_route=%2Fwp%2Fv2%2Fmedia&parent=342392"}],"wp:term":[{"taxonomy":"category","embeddable":true,"href":"https:\/\/arantv.az\/index.php?rest_route=%2Fwp%2Fv2%2Fcategories&post=342392"},{"taxonomy":"post_tag","embeddable":true,"href":"https:\/\/arantv.az\/index.php?rest_route=%2Fwp%2Fv2%2Ftags&post=342392"}],"curies":[{"name":"wp","href":"https:\/\/api.w.org\/{rel}","templated":true}]}}