{"id":342395,"date":"2021-06-01T11:30:12","date_gmt":"2021-06-01T08:30:12","guid":{"rendered":"http:\/\/arantv.az\/?p=342395"},"modified":"2021-06-01T11:30:12","modified_gmt":"2021-06-01T08:30:12","slug":"daha-bir-s%c9%99hidimizin-ovladi-dunyaya-g%c9%99ldi-foto-3","status":"publish","type":"post","link":"https:\/\/arantv.az\/?p=342395","title":{"rendered":"Daha bir \u015f\u0259hidimizin \u00f6vlad\u0131 d\u00fcnyaya g\u0259ldi &#8211; FOTO"},"content":{"rendered":"<p>Daha bir \u015f\u0259hidimizin \u00f6vlad\u0131 d\u00fcnyaya g\u0259lib.<\/p>\n<p>Bu bar\u0259d\u0259 onun yax\u0131nlar\u0131 m\u0259lumat payla\u015f\u0131b.<\/p>\n<p>Bildirilib ki, V\u0259t\u0259n m\u00fcharib\u0259sinin q\u0259hr\u0259man \u015f\u0259hidl\u0259rind\u0259n biri\u00a0R\u00fcst\u0259mli \u0130brahim Mirza\u011fa o\u011flunun o\u011ful \u00f6vlad\u0131 do\u011fulub. Qeyd edilib ki, k\u00f6rp\u0259y\u0259 atas\u0131n\u0131n ad\u0131 verilib.<\/p>\n<div id=\"AdviadNativeVideo0\" class=\"AdviadNativeVideo\"><\/div>\n<p>M\u0259lumat \u00fc\u00e7\u00fcn bildir\u0259k\u00a0ki, R\u00fcst\u0259mli \u0130brahim Mirza\u011fa 18 iyul 1993-c\u00fc ild\u0259 Z\u0259rdab rayonunun \u015eahh\u00fcseynli k\u0259ndind\u0259 do\u011fulub. 2020-ci ilin sentyabr ay\u0131nda\u00a0k\u00f6n\u00fcll\u00fc olaraq c\u0259bh\u0259y\u0259 yollan\u0131b.<\/p>\n<p>Noyabr\u0131n 4-d\u0259 Xocav\u0259nd u\u011frunda ged\u0259n d\u00f6y\u00fc\u015fl\u0259rd\u0259 yaral\u0131 \u0259sg\u0259r yolda\u015f\u0131na k\u00f6m\u0259k ed\u0259rk\u0259n q\u0259hr\u0259mancas\u0131na \u015f\u0259hid olub.<\/p>\n<p>O, do\u011fuldu\u011fu k\u0259ndd\u0259 torpa\u011fa tap\u015f\u0131r\u0131l\u0131b.<\/p>\n<p>&nbsp;<\/p>\n<div class=\"gallery\">\n<div class=\"gallery-i\"><img src=\"https:\/\/cdn.oxu.az\/uploads\/W1siZiIsIjIwMjEvMDYvMDEvMTIvMTUvMjMvOWQ1MzE4ZWQtMTIxMy00M2FjLTkyYzItYTAwMDc4MzkzZGQwLzE5Mzk4Mjc1MV8xMDY4OTgyMjE2MDc2OTZfMzAxMTA2NDM2NTc5MzQ3NTQwX24gKDEpLmpwZyJdLFsicCIsImVuY29kZSIsImpwZyIsIi1xdWFsaXR5IDgwIl0sWyJwIiwidGh1bWIiLCI1OTB4NTkwXHUwMDNlIl1d?sha=dec4730733696a12\" alt=\"\" \/><\/div>\n<\/div>\n","protected":false},"excerpt":{"rendered":"<p>Daha bir \u015f\u0259hidimizin \u00f6vlad\u0131 d\u00fcnyaya g\u0259lib. Bu bar\u0259d\u0259 onun yax\u0131nlar\u0131 m\u0259lumat payla\u015f\u0131b. Bildirilib ki, V\u0259t\u0259n m\u00fcharib\u0259sinin q\u0259hr\u0259man \u015f\u0259hidl\u0259rind\u0259n biri\u00a0R\u00fcst\u0259mli \u0130brahim Mirza\u011fa o\u011flunun o\u011ful \u00f6vlad\u0131 do\u011fulub. Qeyd edilib ki, k\u00f6rp\u0259y\u0259 atas\u0131n\u0131n ad\u0131 verilib. M\u0259lumat \u00fc\u00e7\u00fcn bildir\u0259k\u00a0ki, R\u00fcst\u0259mli \u0130brahim Mirza\u011fa 18 iyul 1993-c\u00fc ild\u0259 Z\u0259rdab rayonunun \u015eahh\u00fcseynli k\u0259ndind\u0259 do\u011fulub. 2020-ci ilin sentyabr ay\u0131nda\u00a0k\u00f6n\u00fcll\u00fc olaraq c\u0259bh\u0259y\u0259 yollan\u0131b. Noyabr\u0131n 4-d\u0259 Xocav\u0259nd u\u011frunda ged\u0259n d\u00f6y\u00fc\u015fl\u0259rd\u0259 yaral\u0131 \u0259sg\u0259r yolda\u015f\u0131na k\u00f6m\u0259k ed\u0259rk\u0259n q\u0259hr\u0259mancas\u0131na \u015f\u0259hid olub. O, do\u011fuldu\u011fu k\u0259ndd\u0259 torpa\u011fa tap\u015f\u0131r\u0131l\u0131b. &nbsp;<\/p>\n","protected":false},"author":2,"featured_media":342396,"comment_status":"closed","ping_status":"closed","sticky":false,"template":"","format":"standard","meta":{"om_disable_all_campaigns":false,"_monsterinsights_skip_tracking":false,"_monsterinsights_sitenote_active":false,"_monsterinsights_sitenote_note":"","_monsterinsights_sitenote_category":0},"categories":[26],"tags":[],"aioseo_notices":[],"gutentor_comment":0,"rttpg_featured_image_url":{"full":["https:\/\/arantv.az\/wp-content\/uploads\/2021\/06\/194038903_107753794855472_859507224017795980_n-2.jpg",572,465,false],"landscape":["https:\/\/arantv.az\/wp-content\/uploads\/2021\/06\/194038903_107753794855472_859507224017795980_n-2.jpg",572,465,false],"portraits":["https:\/\/arantv.az\/wp-content\/uploads\/2021\/06\/194038903_107753794855472_859507224017795980_n-2.jpg",572,465,false],"thumbnail":["https:\/\/arantv.az\/wp-content\/uploads\/2021\/06\/194038903_107753794855472_859507224017795980_n-2-500x280.jpg",500,280,true],"medium":["https:\/\/arantv.az\/wp-content\/uploads\/2021\/06\/194038903_107753794855472_859507224017795980_n-2-449x365.jpg",449,365,true],"large":["https:\/\/arantv.az\/wp-content\/uploads\/2021\/06\/194038903_107753794855472_859507224017795980_n-2.jpg",572,465,false],"1536x1536":["https:\/\/arantv.az\/wp-content\/uploads\/2021\/06\/194038903_107753794855472_859507224017795980_n-2.jpg",572,465,false],"2048x2048":["https:\/\/arantv.az\/wp-content\/uploads\/2021\/06\/194038903_107753794855472_859507224017795980_n-2.jpg",572,465,false],"post-thumbnail":["https:\/\/arantv.az\/wp-content\/uploads\/2021\/06\/194038903_107753794855472_859507224017795980_n-2-240x172.jpg",240,172,true],"advps-thumb-one":["https:\/\/arantv.az\/wp-content\/uploads\/2021\/06\/194038903_107753794855472_859507224017795980_n-2.jpg",572,465,false]},"rttpg_author":{"display_name":"V\u00fcsal Rafiqo\u011flu","author_link":"https:\/\/arantv.az\/?author=2"},"rttpg_comment":0,"rttpg_category":"<a href=\"https:\/\/arantv.az\/?cat=26\" rel=\"category\">Sosial<\/a>","rttpg_excerpt":"Daha bir \u015f\u0259hidimizin \u00f6vlad\u0131 d\u00fcnyaya g\u0259lib. Bu bar\u0259d\u0259 onun yax\u0131nlar\u0131 m\u0259lumat payla\u015f\u0131b. Bildirilib ki, V\u0259t\u0259n m\u00fcharib\u0259sinin q\u0259hr\u0259man \u015f\u0259hidl\u0259rind\u0259n biri\u00a0R\u00fcst\u0259mli \u0130brahim Mirza\u011fa o\u011flunun o\u011ful \u00f6vlad\u0131 do\u011fulub. Qeyd edilib ki, k\u00f6rp\u0259y\u0259 atas\u0131n\u0131n ad\u0131 verilib. M\u0259lumat \u00fc\u00e7\u00fcn bildir\u0259k\u00a0ki, R\u00fcst\u0259mli \u0130brahim Mirza\u011fa 18 iyul 1993-c\u00fc ild\u0259 Z\u0259rdab rayonunun \u015eahh\u00fcseynli k\u0259ndind\u0259 do\u011fulub. 2020-ci ilin sentyabr ay\u0131nda\u00a0k\u00f6n\u00fcll\u00fc olaraq c\u0259bh\u0259y\u0259 yollan\u0131b. Noyabr\u0131n&hellip;","_links":{"self":[{"href":"https:\/\/arantv.az\/index.php?rest_route=\/wp\/v2\/posts\/342395"}],"collection":[{"href":"https:\/\/arantv.az\/index.php?rest_route=\/wp\/v2\/posts"}],"about":[{"href":"https:\/\/arantv.az\/index.php?rest_route=\/wp\/v2\/types\/post"}],"author":[{"embeddable":true,"href":"https:\/\/arantv.az\/index.php?rest_route=\/wp\/v2\/users\/2"}],"replies":[{"embeddable":true,"href":"https:\/\/arantv.az\/index.php?rest_route=%2Fwp%2Fv2%2Fcomments&post=342395"}],"version-history":[{"count":0,"href":"https:\/\/arantv.az\/index.php?rest_route=\/wp\/v2\/posts\/342395\/revisions"}],"wp:featuredmedia":[{"embeddable":true,"href":"https:\/\/arantv.az\/index.php?rest_route=\/wp\/v2\/media\/342396"}],"wp:attachment":[{"href":"https:\/\/arantv.az\/index.php?rest_route=%2Fwp%2Fv2%2Fmedia&parent=342395"}],"wp:term":[{"taxonomy":"category","embeddable":true,"href":"https:\/\/arantv.az\/index.php?rest_route=%2Fwp%2Fv2%2Fcategories&post=342395"},{"taxonomy":"post_tag","embeddable":true,"href":"https:\/\/arantv.az\/index.php?rest_route=%2Fwp%2Fv2%2Ftags&post=342395"}],"curies":[{"name":"wp","href":"https:\/\/api.w.org\/{rel}","templated":true}]}}