{"id":342398,"date":"2021-06-01T11:31:11","date_gmt":"2021-06-01T08:31:11","guid":{"rendered":"http:\/\/arantv.az\/?p=342398"},"modified":"2021-06-01T11:31:11","modified_gmt":"2021-06-01T08:31:11","slug":"bahar-muradova-usaq-huquqlarinin-qorunmasindan-danisdi","status":"publish","type":"post","link":"https:\/\/arantv.az\/?p=342398","title":{"rendered":"Bahar Muradova u\u015faq h\u00fcquqlar\u0131n\u0131n qorunmas\u0131ndan dan\u0131\u015fd\u0131"},"content":{"rendered":"<p>Biz d\u0259 u\u015faq olmu\u015fuq v\u0259 u\u015faqlar \u00fc\u00e7\u00fcn h\u0259yat\u0131 onlar\u0131n t\u0259msil\u00e7iliyi il\u0259 qurmal\u0131, onlar\u0131n fikirl\u0259rini n\u0259z\u0259r\u0259 almal\u0131y\u0131q.<\/p>\n<p><strong>ARANTV.AZ <\/strong>\u00a0x\u0259b\u0259r verir ki, bu s\u00f6zl\u0259ri Ail\u0259, Qad\u0131n v\u0259 U\u015faq Probleml\u0259ri \u00fczr\u0259 D\u00f6vl\u0259t Komit\u0259sinin s\u0259dri Bahar Muradova\u00a01 \u0130yun \u2013 U\u015faqlar\u0131n Beyn\u0259lxalq M\u00fcdafi\u0259si G\u00fcn\u00fcn\u0259 h\u0259sr olunmu\u015f \u201cM\u0259nim s\u0259sim &#8211; m\u0259nim h\u00fcquqlar\u0131m\u201d adl\u0131 t\u0259dbird\u0259 \u00e7\u0131x\u0131\u015f\u0131 zaman\u0131 deyib.<\/p>\n<p>O bildirib ki, 1 \u0130yun U\u015faqlar\u0131n Beyn\u0259lxalq M\u00fcdafi\u0259si G\u00fcn\u00fcn\u0259 h\u0259sr etdiyimiz t\u0259dbirin\u00a0m\u0259qs\u0259di u\u015faqlar \u00fc\u00e7\u00fcn g\u00f6r\u00fcl\u0259n v\u0259 g\u00f6r\u00fcl\u0259c\u0259k i\u015fl\u0259r bar\u0259d\u0259 ictimaiyy\u0259t\u0259 m\u0259lumat verm\u0259kdir:<\/p>\n<div id=\"AdviadNativeVideo0\" class=\"AdviadNativeVideo\"><\/div>\n<p>\u201cAz\u0259rbaycan U\u015faq H\u00fcquqlar\u0131n\u0131n qorunmas\u0131 il\u0259 ba\u011fl\u0131 b\u00fct\u00fcn konvensiyalara qo\u015fulub. Bu ill\u0259r \u0259rzind\u0259 qanunvericilikd\u0259 u\u015faqlar\u0131n h\u00fcquqlar\u0131na dair m\u0259s\u0259l\u0259l\u0259r\u0259 diqq\u0259t edilib. M\u00fcvafiq d\u00f6vl\u0259t orqanlar\u0131n\u0131n el\u0259c\u0259 d\u0259 bizim komit\u0259nin \u0259sas m\u0259qs\u0259di u\u015faqlar\u0131n m\u00fcxt\u0259lif t\u0259b\u0259q\u0259l\u0259ri il\u0259 profilaktik s\u00f6hb\u0259tl\u0259r aparmaq, t\u0259liml\u0259r ke\u00e7irm\u0259kdir.<\/p>\n<p>Bu g\u00fcn t\u0259dbirimiz\u0259 76 regiondan 96 u\u015faq qo\u015fulub, onlar\u0131n b\u00f6y\u00fck hiss\u0259si \u201cZoom\u201d proqram\u0131 vasit\u0259sil\u0259 biz\u0259 qo\u015fulub. Onlar\u0131n \u00f6z h\u00fcquqlar\u0131 il\u0259 ba\u011fl\u0131 q\u0259rarlar\u0131n q\u0259bul edilm\u0259sind\u0259 i\u015ftirak\u0131 \u00fc\u00e7\u00fcn\u00a0\u015f\u0259rait yarad\u0131lmal\u0131d\u0131r\u201d.<\/p>\n<p>B.Muradova b\u00fct\u00fcn u\u015faqlar\u0131 1 \u0130yun &#8211; U\u015faqlar\u0131n Beyn\u0259lxalq M\u00fcdafi\u0259si G\u00fcn\u00fc il\u0259 ba\u011fl\u0131 t\u0259brik edib.<\/p>\n","protected":false},"excerpt":{"rendered":"<p>Biz d\u0259 u\u015faq olmu\u015fuq v\u0259 u\u015faqlar \u00fc\u00e7\u00fcn h\u0259yat\u0131 onlar\u0131n t\u0259msil\u00e7iliyi il\u0259 qurmal\u0131, onlar\u0131n fikirl\u0259rini n\u0259z\u0259r\u0259 almal\u0131y\u0131q. ARANTV.AZ \u00a0x\u0259b\u0259r verir ki, bu s\u00f6zl\u0259ri Ail\u0259, Qad\u0131n v\u0259 U\u015faq Probleml\u0259ri \u00fczr\u0259 D\u00f6vl\u0259t Komit\u0259sinin s\u0259dri Bahar Muradova\u00a01 \u0130yun \u2013 U\u015faqlar\u0131n Beyn\u0259lxalq M\u00fcdafi\u0259si G\u00fcn\u00fcn\u0259 h\u0259sr olunmu\u015f \u201cM\u0259nim s\u0259sim &#8211; m\u0259nim h\u00fcquqlar\u0131m\u201d adl\u0131 t\u0259dbird\u0259 \u00e7\u0131x\u0131\u015f\u0131 zaman\u0131 deyib. O bildirib ki, 1 \u0130yun U\u015faqlar\u0131n Beyn\u0259lxalq M\u00fcdafi\u0259si G\u00fcn\u00fcn\u0259 h\u0259sr etdiyimiz t\u0259dbirin\u00a0m\u0259qs\u0259di u\u015faqlar \u00fc\u00e7\u00fcn g\u00f6r\u00fcl\u0259n v\u0259 g\u00f6r\u00fcl\u0259c\u0259k i\u015fl\u0259r bar\u0259d\u0259 ictimaiyy\u0259t\u0259 m\u0259lumat verm\u0259kdir: \u201cAz\u0259rbaycan U\u015faq H\u00fcquqlar\u0131n\u0131n qorunmas\u0131 il\u0259 ba\u011fl\u0131 b\u00fct\u00fcn konvensiyalara qo\u015fulub. Bu ill\u0259r \u0259rzind\u0259 qanunvericilikd\u0259 u\u015faqlar\u0131n h\u00fcquqlar\u0131na dair m\u0259s\u0259l\u0259l\u0259r\u0259&hellip;<\/p>\n","protected":false},"author":2,"featured_media":50009,"comment_status":"closed","ping_status":"closed","sticky":false,"template":"","format":"standard","meta":{"om_disable_all_campaigns":false,"_monsterinsights_skip_tracking":false,"_monsterinsights_sitenote_active":false,"_monsterinsights_sitenote_note":"","_monsterinsights_sitenote_category":0},"categories":[26],"tags":[],"aioseo_notices":[],"gutentor_comment":0,"rttpg_featured_image_url":{"full":["https:\/\/arantv.az\/wp-content\/uploads\/2019\/04\/bahar_muradova.jpg",482,361,false],"landscape":["https:\/\/arantv.az\/wp-content\/uploads\/2019\/04\/bahar_muradova.jpg",482,361,false],"portraits":["https:\/\/arantv.az\/wp-content\/uploads\/2019\/04\/bahar_muradova.jpg",482,361,false],"thumbnail":["https:\/\/arantv.az\/wp-content\/uploads\/2019\/04\/bahar_muradova-150x150.jpg",150,150,true],"medium":["https:\/\/arantv.az\/wp-content\/uploads\/2019\/04\/bahar_muradova-300x225.jpg",300,225,true],"large":["https:\/\/arantv.az\/wp-content\/uploads\/2019\/04\/bahar_muradova.jpg",482,361,false],"1536x1536":["https:\/\/arantv.az\/wp-content\/uploads\/2019\/04\/bahar_muradova.jpg",482,361,false],"2048x2048":["https:\/\/arantv.az\/wp-content\/uploads\/2019\/04\/bahar_muradova.jpg",482,361,false],"post-thumbnail":["https:\/\/arantv.az\/wp-content\/uploads\/2019\/04\/bahar_muradova-240x172.jpg",240,172,true],"advps-thumb-one":["https:\/\/arantv.az\/wp-content\/uploads\/2019\/04\/bahar_muradova.jpg",482,361,false]},"rttpg_author":{"display_name":"V\u00fcsal Rafiqo\u011flu","author_link":"https:\/\/arantv.az\/?author=2"},"rttpg_comment":0,"rttpg_category":"<a href=\"https:\/\/arantv.az\/?cat=26\" rel=\"category\">Sosial<\/a>","rttpg_excerpt":"Biz d\u0259 u\u015faq olmu\u015fuq v\u0259 u\u015faqlar \u00fc\u00e7\u00fcn h\u0259yat\u0131 onlar\u0131n t\u0259msil\u00e7iliyi il\u0259 qurmal\u0131, onlar\u0131n fikirl\u0259rini n\u0259z\u0259r\u0259 almal\u0131y\u0131q. ARANTV.AZ \u00a0x\u0259b\u0259r verir ki, bu s\u00f6zl\u0259ri Ail\u0259, Qad\u0131n v\u0259 U\u015faq Probleml\u0259ri \u00fczr\u0259 D\u00f6vl\u0259t Komit\u0259sinin s\u0259dri Bahar Muradova\u00a01 \u0130yun \u2013 U\u015faqlar\u0131n Beyn\u0259lxalq M\u00fcdafi\u0259si G\u00fcn\u00fcn\u0259 h\u0259sr olunmu\u015f \u201cM\u0259nim s\u0259sim &#8211; m\u0259nim h\u00fcquqlar\u0131m\u201d adl\u0131 t\u0259dbird\u0259 \u00e7\u0131x\u0131\u015f\u0131 zaman\u0131 deyib. O bildirib ki, 1&hellip;","_links":{"self":[{"href":"https:\/\/arantv.az\/index.php?rest_route=\/wp\/v2\/posts\/342398"}],"collection":[{"href":"https:\/\/arantv.az\/index.php?rest_route=\/wp\/v2\/posts"}],"about":[{"href":"https:\/\/arantv.az\/index.php?rest_route=\/wp\/v2\/types\/post"}],"author":[{"embeddable":true,"href":"https:\/\/arantv.az\/index.php?rest_route=\/wp\/v2\/users\/2"}],"replies":[{"embeddable":true,"href":"https:\/\/arantv.az\/index.php?rest_route=%2Fwp%2Fv2%2Fcomments&post=342398"}],"version-history":[{"count":0,"href":"https:\/\/arantv.az\/index.php?rest_route=\/wp\/v2\/posts\/342398\/revisions"}],"wp:featuredmedia":[{"embeddable":true,"href":"https:\/\/arantv.az\/index.php?rest_route=\/wp\/v2\/media\/50009"}],"wp:attachment":[{"href":"https:\/\/arantv.az\/index.php?rest_route=%2Fwp%2Fv2%2Fmedia&parent=342398"}],"wp:term":[{"taxonomy":"category","embeddable":true,"href":"https:\/\/arantv.az\/index.php?rest_route=%2Fwp%2Fv2%2Fcategories&post=342398"},{"taxonomy":"post_tag","embeddable":true,"href":"https:\/\/arantv.az\/index.php?rest_route=%2Fwp%2Fv2%2Ftags&post=342398"}],"curies":[{"name":"wp","href":"https:\/\/api.w.org\/{rel}","templated":true}]}}