{"id":342406,"date":"2021-06-01T11:35:48","date_gmt":"2021-06-01T08:35:48","guid":{"rendered":"http:\/\/arantv.az\/?p=342406"},"modified":"2021-06-01T11:35:48","modified_gmt":"2021-06-01T08:35:48","slug":"bu-il-d%c9%99rsl%c9%99r-1-sentyabrda-baslayacaq-aciqlama","status":"publish","type":"post","link":"https:\/\/arantv.az\/?p=342406","title":{"rendered":"Bu il d\u0259rsl\u0259r 1 sentyabrda ba\u015flayacaq? &#8211; A\u00c7IQLAMA"},"content":{"rendered":"<p>&#8220;M\u0259lum oldu\u011fu kimi, bu il orta m\u0259kt\u0259bl\u0259rd\u0259 t\u0259dris ili 14 iyunda ba\u015fa \u00e7at\u0131r v\u0259 T\u0259hsil nazirliyi 16-30 iyun tarixl\u0259rind\u0259 \u00f6d\u0259ni\u015fsiz v\u0259 k\u00f6n\u00fcll\u00fc \u0259saslarla \u00fcmumi t\u0259hsil m\u00fc\u0259ssis\u0259l\u0259rind\u0259 iki h\u0259ft\u0259lik yay m\u0259kt\u0259bl\u0259ri t\u0259\u015fkil edil\u0259c\u0259k. \u018flb\u0259tt\u0259 ki, \u015fagirdl\u0259rimizin pandemiya d\u00f6vr\u00fcnd\u0259 \u00fczl\u0259\u015fdikl\u0259ri \u00e7\u0259tinlikl\u0259ri aradan qald\u0131rmaq \u00fc\u00e7\u00fcn h\u0259ft\u0259lik t\u0259drisin \u0259lav\u0259 t\u0259\u015fkili m\u00fcsb\u0259t add\u0131m\u0131d\u0131r&#8221;.<\/p>\n<p><strong>ARANTV.AZ<\/strong> bildirir ki, bunu t\u0259hsil eksperti Kamran \u018fs\u0259dov bildirib.<\/p>\n<div id=\"AdviadNativeVideo0\" class=\"AdviadNativeVideo\"><\/div>\n<p>Ekspert bunun pandemiyan\u0131n t\u0259hsil\u0259 f\u0259sadlar\u0131n\u0131 az da olsa aradan qald\u0131ra bil\u0259c\u0259yin\u0259 inand\u0131\u011f\u0131n\u0131 vur\u011fulay\u0131b:<\/p>\n<p>&#8220;Bir m\u0259qam\u0131 qeyd edim ki, orta t\u0259hsild\u0259 \u0259n az d\u0259rs h\u0259ft\u0259si Az\u0259rbaycanda t\u0259tbiq olunur. Bir \u00e7ox \u00f6lk\u0259l\u0259rd\u0259 h\u0259tta bizim d\u0259rs m\u00fcdd\u0259tind\u0259n bir ay art\u0131q, 15 g\u00fcn, 20 g\u00fcn \u00e7ox d\u0259rs g\u00fcn\u00fc t\u0259tbiq olunur.<\/p>\n<p>D\u0259rs ilinin uzad\u0131lmas\u0131n\u0131 normal qiym\u0259tl\u0259ndirir\u0259m. \u00c7\u00fcnki bu, bizim m\u0259kt\u0259blil\u0259rin yay t\u0259til m\u00fcdd\u0259tini bir o q\u0259d\u0259r d\u0259 q\u0131saltm\u0131r. Konkret olaraq yen\u0259 d\u0259 iki ay yar\u0131m m\u0259kt\u0259blil\u0259rin yay t\u0259tili qal\u0131r. Bu q\u0259rar he\u00e7 \u015f\u00fcbh\u0259siz ki, d\u0259rsl\u0259rin\u0259 pandemiya d\u00f6vr\u00fcn\u00fcn verdiyi f\u0259sadlarla ba\u011fl\u0131d\u0131r.<\/p>\n<p>\u0130nsanlar narahatd\u0131r ki, iyun ay\u0131nda hava \u0259sas\u0259n 42 d\u0259r\u0259c\u0259dir. Amma etiraf ed\u0259k ki, bu vaxt\u0131 \u015fagirdl\u0259r evd\u0259 olmurlar. K\u00fc\u00e7\u0259d\u0259, m\u0259h\u0259ll\u0259d\u0259 oynay\u0131rlar. Dig\u0259r t\u0259r\u0259fd\u0259n is\u0259, bu yay m\u0259kt\u0259bind\u0259 c\u0259dv\u0259lin s\u0259h\u0259r\u00a0<a title=\"saatlar brend saatlar qol saatlari\" href=\"https:\/\/saatlar.az\/\" target=\"_blank\" rel=\"noopener\">saatlar\u0131nda<\/a>\u00a0olmas\u0131 m\u00fcmk\u00fcnd\u00fcr.<\/p>\n<p>Ba\u015fqa bir m\u0259s\u0259l\u0259, \u015fagirdl\u0259rimiz\u0259 yay m\u0259kt\u0259bind\u0259 i\u015ftirak\u0131n k\u00f6n\u00fcll\u00fc olmas\u0131d\u0131r. M\u00fc\u0259lliml\u0259r d\u0259 k\u00f6n\u00fcll\u00fc olmas\u0131n\u0131 ist\u0259yir. Qeyd edim ki, orta m\u0259kt\u0259b m\u00fc\u0259lliml\u0259ri iyun ay\u0131nda onlar\u0131n i\u015f vaxt\u0131d\u0131r. Y\u0259ni onlar\u0131n 56 g\u00fcnl\u00fck m\u0259zuniyy\u0259ti \u0259n tezi 1 iyulda ba\u015flay\u0131r&#8221;.<\/p>\n<p>K.\u018fs\u0259dov \u015fagirdl\u0259ri h\u0259ft\u0259nin b\u00fct\u00fcn g\u00fcnl\u0259rini yay m\u0259kt\u0259bind\u0259 ke\u00e7irm\u0259y\u0259 \u00e7a\u011f\u0131r\u0131b:<\/p>\n<p>&#8220;\u018fziz valideynl\u0259r, m\u00fc\u0259lliml\u0259r, yay m\u0259kt\u0259bi olduqca vacibdir, \u0259h\u0259miyy\u0259tlidir. Pandemiya d\u00f6vr\u00fcnd\u0259 \u015fagirdl\u0259rimiz ist\u0259r bilik, ist\u0259r fiziki v\u0259 psixoloji bax\u0131mdan \u00e7ox g\u0259rgin d\u00f6vr ke\u00e7irib.<\/p>\n<p>He\u00e7 kim \u015fagirdl\u0259rimizi da\u015f da\u015f\u0131ma\u011fa, pamb\u0131q y\u0131\u011fma\u011fa, su da\u015f\u0131ma\u011fa zorla aparm\u0131r. U\u015faqlar bir il \u0259rzind\u0259 t\u0259drisd\u0259 z\u0259if ke\u00e7iril\u0259n m\u00f6vzular\u0131 t\u0259krar oxuyacaq.<br \/>\n\u015eagirdl\u0259rimizin bu v\u0259ziyy\u0259td\u0259 yuxar\u0131 sinifl\u0259r\u0259 ke\u00e7m\u0259l\u0259ri onlara ciddi probleml\u0259r yaradacaq.<\/p>\n<p>T\u0259klif edir\u0259m ki, 2 h\u0259ft\u0259 \u0259rzind\u0259 \u015fagirdl\u0259r h\u0259ft\u0259d\u0259 2-3 g\u00fcn yox, b\u00fct\u00fcn g\u00fcn\u00fc d\u0259rs\u0259 g\u0259lsinl\u0259r. Bu h\u0259m d\u0259 n\u00f6vb\u0259ti t\u0259dris ilin\u0259 haz\u0131r\u0131q olar.<\/p>\n<p>\u0130nan\u0131ram ki, 30 iyunda bit\u0259n m\u0259kt\u0259b 1 sentyabrda ba\u015flayacaq&#8221;.\/Sfera.az<\/p>\n","protected":false},"excerpt":{"rendered":"<p>&#8220;M\u0259lum oldu\u011fu kimi, bu il orta m\u0259kt\u0259bl\u0259rd\u0259 t\u0259dris ili 14 iyunda ba\u015fa \u00e7at\u0131r v\u0259 T\u0259hsil nazirliyi 16-30 iyun tarixl\u0259rind\u0259 \u00f6d\u0259ni\u015fsiz v\u0259 k\u00f6n\u00fcll\u00fc \u0259saslarla \u00fcmumi t\u0259hsil m\u00fc\u0259ssis\u0259l\u0259rind\u0259 iki h\u0259ft\u0259lik yay m\u0259kt\u0259bl\u0259ri t\u0259\u015fkil edil\u0259c\u0259k. \u018flb\u0259tt\u0259 ki, \u015fagirdl\u0259rimizin pandemiya d\u00f6vr\u00fcnd\u0259 \u00fczl\u0259\u015fdikl\u0259ri \u00e7\u0259tinlikl\u0259ri aradan qald\u0131rmaq \u00fc\u00e7\u00fcn h\u0259ft\u0259lik t\u0259drisin \u0259lav\u0259 t\u0259\u015fkili m\u00fcsb\u0259t add\u0131m\u0131d\u0131r&#8221;. ARANTV.AZ bildirir ki, bunu t\u0259hsil eksperti Kamran \u018fs\u0259dov bildirib. Ekspert bunun pandemiyan\u0131n t\u0259hsil\u0259 f\u0259sadlar\u0131n\u0131 az da olsa aradan qald\u0131ra bil\u0259c\u0259yin\u0259 inand\u0131\u011f\u0131n\u0131 vur\u011fulay\u0131b: &#8220;Bir m\u0259qam\u0131 qeyd edim ki, orta t\u0259hsild\u0259 \u0259n az d\u0259rs h\u0259ft\u0259si Az\u0259rbaycanda t\u0259tbiq olunur. Bir \u00e7ox \u00f6lk\u0259l\u0259rd\u0259 h\u0259tta bizim d\u0259rs&hellip;<\/p>\n","protected":false},"author":2,"featured_media":342407,"comment_status":"closed","ping_status":"closed","sticky":false,"template":"","format":"standard","meta":{"om_disable_all_campaigns":false,"_monsterinsights_skip_tracking":false,"_monsterinsights_sitenote_active":false,"_monsterinsights_sitenote_note":"","_monsterinsights_sitenote_category":0},"categories":[23],"tags":[],"aioseo_notices":[],"gutentor_comment":0,"rttpg_featured_image_url":{"full":["https:\/\/arantv.az\/wp-content\/uploads\/2021\/06\/ders_31622534831.jpg",620,350,false],"landscape":["https:\/\/arantv.az\/wp-content\/uploads\/2021\/06\/ders_31622534831.jpg",620,350,false],"portraits":["https:\/\/arantv.az\/wp-content\/uploads\/2021\/06\/ders_31622534831.jpg",620,350,false],"thumbnail":["https:\/\/arantv.az\/wp-content\/uploads\/2021\/06\/ders_31622534831-500x280.jpg",500,280,true],"medium":["https:\/\/arantv.az\/wp-content\/uploads\/2021\/06\/ders_31622534831.jpg",620,350,false],"large":["https:\/\/arantv.az\/wp-content\/uploads\/2021\/06\/ders_31622534831.jpg",620,350,false],"1536x1536":["https:\/\/arantv.az\/wp-content\/uploads\/2021\/06\/ders_31622534831.jpg",620,350,false],"2048x2048":["https:\/\/arantv.az\/wp-content\/uploads\/2021\/06\/ders_31622534831.jpg",620,350,false],"post-thumbnail":["https:\/\/arantv.az\/wp-content\/uploads\/2021\/06\/ders_31622534831-240x172.jpg",240,172,true],"advps-thumb-one":["https:\/\/arantv.az\/wp-content\/uploads\/2021\/06\/ders_31622534831.jpg",620,350,false]},"rttpg_author":{"display_name":"V\u00fcsal Rafiqo\u011flu","author_link":"https:\/\/arantv.az\/?author=2"},"rttpg_comment":0,"rttpg_category":"<a href=\"https:\/\/arantv.az\/?cat=23\" rel=\"category\">T\u0259hsil<\/a>","rttpg_excerpt":"&#8220;M\u0259lum oldu\u011fu kimi, bu il orta m\u0259kt\u0259bl\u0259rd\u0259 t\u0259dris ili 14 iyunda ba\u015fa \u00e7at\u0131r v\u0259 T\u0259hsil nazirliyi 16-30 iyun tarixl\u0259rind\u0259 \u00f6d\u0259ni\u015fsiz v\u0259 k\u00f6n\u00fcll\u00fc \u0259saslarla \u00fcmumi t\u0259hsil m\u00fc\u0259ssis\u0259l\u0259rind\u0259 iki h\u0259ft\u0259lik yay m\u0259kt\u0259bl\u0259ri t\u0259\u015fkil edil\u0259c\u0259k. \u018flb\u0259tt\u0259 ki, \u015fagirdl\u0259rimizin pandemiya d\u00f6vr\u00fcnd\u0259 \u00fczl\u0259\u015fdikl\u0259ri \u00e7\u0259tinlikl\u0259ri aradan qald\u0131rmaq \u00fc\u00e7\u00fcn h\u0259ft\u0259lik t\u0259drisin \u0259lav\u0259 t\u0259\u015fkili m\u00fcsb\u0259t add\u0131m\u0131d\u0131r&#8221;. ARANTV.AZ bildirir ki, bunu t\u0259hsil eksperti Kamran&hellip;","_links":{"self":[{"href":"https:\/\/arantv.az\/index.php?rest_route=\/wp\/v2\/posts\/342406"}],"collection":[{"href":"https:\/\/arantv.az\/index.php?rest_route=\/wp\/v2\/posts"}],"about":[{"href":"https:\/\/arantv.az\/index.php?rest_route=\/wp\/v2\/types\/post"}],"author":[{"embeddable":true,"href":"https:\/\/arantv.az\/index.php?rest_route=\/wp\/v2\/users\/2"}],"replies":[{"embeddable":true,"href":"https:\/\/arantv.az\/index.php?rest_route=%2Fwp%2Fv2%2Fcomments&post=342406"}],"version-history":[{"count":0,"href":"https:\/\/arantv.az\/index.php?rest_route=\/wp\/v2\/posts\/342406\/revisions"}],"wp:featuredmedia":[{"embeddable":true,"href":"https:\/\/arantv.az\/index.php?rest_route=\/wp\/v2\/media\/342407"}],"wp:attachment":[{"href":"https:\/\/arantv.az\/index.php?rest_route=%2Fwp%2Fv2%2Fmedia&parent=342406"}],"wp:term":[{"taxonomy":"category","embeddable":true,"href":"https:\/\/arantv.az\/index.php?rest_route=%2Fwp%2Fv2%2Fcategories&post=342406"},{"taxonomy":"post_tag","embeddable":true,"href":"https:\/\/arantv.az\/index.php?rest_route=%2Fwp%2Fv2%2Ftags&post=342406"}],"curies":[{"name":"wp","href":"https:\/\/api.w.org\/{rel}","templated":true}]}}