{"id":342409,"date":"2021-06-01T11:49:22","date_gmt":"2021-06-01T08:49:22","guid":{"rendered":"http:\/\/arantv.az\/?p=342409"},"modified":"2021-06-01T11:49:22","modified_gmt":"2021-06-01T08:49:22","slug":"dyp-surucul%c9%99r%c9%99-muraci%c9%99t-etdi-6","status":"publish","type":"post","link":"https:\/\/arantv.az\/?p=342409","title":{"rendered":"DYP s\u00fcr\u00fcc\u00fcl\u0259r\u0259 m\u00fcraci\u0259t etdi"},"content":{"rendered":"<p>Ba\u015f D\u00f6vl\u0259t Yol Polisi \u0130dar\u0259si (BDYP\u0130) Formula 1\u00a0Az\u0259rbaycan Qran Prisi il\u0259 \u0259laq\u0259dar Bak\u0131 \u015f\u0259h\u0259ri \u0259razisind\u0259 ba\u011flanacaq v\u0259 istiqam\u0259ti d\u0259yi\u015fdiril\u0259c\u0259k k\u00fc\u00e7\u0259 v\u0259 prospektl\u0259r bar\u0259d\u0259 m\u0259lumat yay\u0131b.<\/p>\n<p>M\u0259lumatda bildirilir:<\/p>\n<p>\u201c31 may tarixind\u0259n 8 iyun tarixin\u0259d\u0259k Formula 1\u00a0Az\u0259rbaycan Qran Prisi il\u0259 \u0259laq\u0259dar ke\u00e7iril\u0259c\u0259k t\u0259dbird\u0259 Bak\u0131 \u015f\u0259h\u0259ri \u0259razisind\u0259 yol h\u0259r\u0259k\u0259tinin t\u0259hl\u00fck\u0259sizliyini t\u0259min etm\u0259k m\u0259qs\u0259dil\u0259 ba\u011flanan v\u0259 istiqam\u0259ti d\u0259yi\u015fdiril\u0259n k\u00fc\u00e7\u0259 v\u0259 prospektl\u0259r bar\u0259d\u0259 bir daha bildiririk:<\/p>\n<div id=\"AdviadNativeVideo0\" class=\"AdviadNativeVideo\"><\/div>\n<p>F1 Bak\u0131 halqas\u0131 istiqam\u0259tind\u0259 K\u00f6vk\u0259b S\u0259f\u0259r\u0259liyeva, Rixard Zorqe, Pu\u015fkin, B\u00fclb\u00fcl, S\u0259m\u0259d Vur\u011fun, Teymur El\u00e7in, Mehdi H\u00fcseyn, Lermontov, Az\u0259rbaycan, Mikay\u0131l Useynov, Z\u0259rg\u0259r Palan, Murtuza Muxtarov, \u015eeyx \u015eamil, Afiy\u0259ddin C\u0259lilov, Yusif S\u0259f\u0259rov k\u00fc\u00e7\u0259 v\u0259 prospektl\u0259rind\u0259 avtomobill\u0259rin h\u0259r\u0259k\u0259t istiqam\u0259ti d\u0259yi\u015fdirilir.<\/p>\n<p>&#8211; Bak\u0131 Z\u0131\u011f yolu &#8211; 8 Noyabr prospektil\u0259 h\u0259r\u0259k\u0259t ed\u0259nl\u0259r N\u0259c\u0259fqulu R\u0259fiyev v\u0259 Bab\u0259k prospektl\u0259ri vasit\u0259sil\u0259 10-cu Zavod Dair\u0259sind\u0259n ke\u00e7\u0259r\u0259k G\u0259nclik metrosu istiqam\u0259tin\u0259;<\/p>\n<p>&#8211; Hava liman\u0131ndan Heyd\u0259r \u018fliyev prospekti il\u0259 g\u0259l\u0259nl\u0259r Koro\u011flu metrostansiyas\u0131ndan ke\u00e7m\u0259kl\u0259 m\u0259rk\u0259z\u0259 do\u011fru N\u0259rimanov rayonu \u0259razisind\u0259n, h\u0259m\u00e7inin D\u0259rn\u0259g\u00fcl yolu il\u0259 h\u0259r\u0259k\u0259t ed\u0259 bil\u0259rl\u0259r.<\/p>\n<p>&#8211; Afiy\u0259ddin C\u0259lilov \u2013 Mehdi Mehdizad\u0259 k\u00fc\u00e7\u0259l\u0259ri il\u0259 Yusif S\u0259f\u0259rov k\u00fc\u00e7\u0259sinin k\u0259si\u015fm\u0259sind\u0259n h\u0259r\u0259k\u0259t sa\u011fa, 28 may v\u0259 ya 10-cu Zavod Dair\u0259si istiqam\u0259tin\u0259;<\/p>\n<p>&#8211; 20-ci sah\u0259, Bay\u0131l q\u0259s\u0259b\u0259si v\u0259 Bayraq Meydan\u0131 yan\u0131ndan h\u0259r\u0259k\u0259t ed\u0259nl\u0259r Mikay\u0131l Useynov k\u00fc\u00e7\u0259sil\u0259 Bay\u0131l q\u0259s\u0259b\u0259sinin daxili yollar\u0131 il\u0259 h\u0259r\u0259k\u0259tl\u0259rini Neft\u00e7i Qurban v\u0259 Xanlar k\u00fc\u00e7\u0259si istiqam\u0259ti \u00fczr\u0259 Parlament prospektin\u0259 do\u011fru davam ed\u0259 bil\u0259rl\u0259r.<\/p>\n<p>&#8211; Bak\u0131-Salyan-\u018fl\u0259t yolundan is\u0259 h\u0259r\u0259k\u0259t L\u00f6kbatan dair\u0259sind\u0259n 3-c\u00fc k\u0259nar dair\u0259vi yolla Yasamal rayonu \u0259razisind\u0259n ke\u00e7m\u0259kl\u0259;<\/p>\n<p>&#8211; Mehdi H\u00fcseyn &#8211; Teymur El\u00e7in k\u00fc\u00e7\u0259l\u0259rind\u0259n h\u0259r\u0259k\u0259t \u015eeyx \u015eamil k\u00fc\u00e7\u0259si il\u0259 k\u0259si\u015fm\u0259d\u0259n Lermontov k\u00fc\u00e7\u0259sin\u0259 h\u0259r\u0259k\u0259tin \u0259ksin\u0259 v\u0259 M.Axundov park\u0131 \u0259razisi il\u0259 h\u0259r\u0259k\u0259t ed\u0259n avtomobill\u0259rin \u018fhm\u0259d Cavad k\u00fc\u00e7\u0259sind\u0259 \u0259ksin\u0259 h\u0259r\u0259k\u0259ti n\u0259z\u0259rd\u0259 tutulur.<\/p>\n<p>&#8211; \u00dc.Hac\u0131b\u0259yov k\u00fc\u00e7\u0259sinin k\u0259si\u015fm\u0259sind\u0259n F\u00fczuli k\u00fc\u00e7\u0259sinin k\u0259si\u015fm\u0259sin\u0259d\u0259k S\u0259m\u0259d Vur\u011fun k\u00fc\u00e7\u0259sind\u0259 iki istiqam\u0259tli h\u0259r\u0259k\u0259t m\u00fc\u0259yy\u0259nl\u0259\u015fdirilib.<\/p>\n<p>Y\u00fck avtomobill\u0259rinin s\u00fcr\u00fcc\u00fcl\u0259rind\u0259n, onlar\u0131n h\u0259r\u0259k\u0259tl\u0259rini t\u0259nziml\u0259y\u0259n h\u00fcquqi v\u0259 fiziki \u015f\u0259xsl\u0259rd\u0259n paytaxt\u0131n m\u0259rk\u0259zi istiqam\u0259tin\u0259 s\u0259f\u0259rl\u0259rini m\u0259hdudla\u015fd\u0131rmaqla alternativ yollardan istifad\u0259 etm\u0259yi, el\u0259c\u0259 d\u0259 b\u00fct\u00fcn s\u00fcr\u00fcc\u00fcl\u0259rd\u0259n DYP \u0259m\u0259kda\u015flar\u0131n\u0131n t\u0259dbir ke\u00e7iril\u0259n \u0259razil\u0259rd\u0259 nizamlay\u0131c\u0131 qismind\u0259 verdiyi i\u015far\u0259l\u0259r\u0259 d\u00fczg\u00fcn \u0259m\u0259l etm\u0259l\u0259rini xahi\u015f edirik.<\/p>\n<p>Bununla yana\u015f\u0131, b\u00f6lg\u0259l\u0259rd\u0259n paytaxta g\u0259lm\u0259k ist\u0259y\u0259n, o c\u00fcml\u0259d\u0259n \u015f\u0259h\u0259rd\u0259 \u015f\u0259xsi n\u0259qliyyat vasit\u0259l\u0259ri il\u0259 h\u0259r\u0259k\u0259t ed\u0259n v\u0259t\u0259nda\u015flar\u0131m\u0131za yollarda s\u0131xl\u0131qlar\u0131n yaranmamas\u0131 \u00fc\u00e7\u00fcn, h\u0259m\u00e7inin m\u0259rk\u0259zi k\u00fc\u00e7\u0259 v\u0259 prospektl\u0259rd\u0259 parklama imkanlar\u0131n\u0131n azald\u0131\u011f\u0131n\u0131 n\u0259z\u0259r\u0259 al\u0131b, ictimai n\u0259qliyyata \u00fcst\u00fcnl\u00fck verm\u0259l\u0259rini t\u00f6vsiy\u0259 edirik\u201d.<\/p>\n","protected":false},"excerpt":{"rendered":"<p>Ba\u015f D\u00f6vl\u0259t Yol Polisi \u0130dar\u0259si (BDYP\u0130) Formula 1\u00a0Az\u0259rbaycan Qran Prisi il\u0259 \u0259laq\u0259dar Bak\u0131 \u015f\u0259h\u0259ri \u0259razisind\u0259 ba\u011flanacaq v\u0259 istiqam\u0259ti d\u0259yi\u015fdiril\u0259c\u0259k k\u00fc\u00e7\u0259 v\u0259 prospektl\u0259r bar\u0259d\u0259 m\u0259lumat yay\u0131b. M\u0259lumatda bildirilir: \u201c31 may tarixind\u0259n 8 iyun tarixin\u0259d\u0259k Formula 1\u00a0Az\u0259rbaycan Qran Prisi il\u0259 \u0259laq\u0259dar ke\u00e7iril\u0259c\u0259k t\u0259dbird\u0259 Bak\u0131 \u015f\u0259h\u0259ri \u0259razisind\u0259 yol h\u0259r\u0259k\u0259tinin t\u0259hl\u00fck\u0259sizliyini t\u0259min etm\u0259k m\u0259qs\u0259dil\u0259 ba\u011flanan v\u0259 istiqam\u0259ti d\u0259yi\u015fdiril\u0259n k\u00fc\u00e7\u0259 v\u0259 prospektl\u0259r bar\u0259d\u0259 bir daha bildiririk: F1 Bak\u0131 halqas\u0131 istiqam\u0259tind\u0259 K\u00f6vk\u0259b S\u0259f\u0259r\u0259liyeva, Rixard Zorqe, Pu\u015fkin, B\u00fclb\u00fcl, S\u0259m\u0259d Vur\u011fun, Teymur El\u00e7in, Mehdi H\u00fcseyn, Lermontov, Az\u0259rbaycan, Mikay\u0131l Useynov, Z\u0259rg\u0259r Palan, Murtuza Muxtarov, \u015eeyx \u015eamil, Afiy\u0259ddin C\u0259lilov, Yusif&hellip;<\/p>\n","protected":false},"author":2,"featured_media":342410,"comment_status":"closed","ping_status":"closed","sticky":false,"template":"","format":"standard","meta":{"om_disable_all_campaigns":false,"_monsterinsights_skip_tracking":false,"_monsterinsights_sitenote_active":false,"_monsterinsights_sitenote_note":"","_monsterinsights_sitenote_category":0},"categories":[26],"tags":[],"aioseo_notices":[],"gutentor_comment":0,"rttpg_featured_image_url":{"full":["https:\/\/arantv.az\/wp-content\/uploads\/2021\/06\/polis_71622535402.jpg",650,433,false],"landscape":["https:\/\/arantv.az\/wp-content\/uploads\/2021\/06\/polis_71622535402.jpg",650,433,false],"portraits":["https:\/\/arantv.az\/wp-content\/uploads\/2021\/06\/polis_71622535402.jpg",650,433,false],"thumbnail":["https:\/\/arantv.az\/wp-content\/uploads\/2021\/06\/polis_71622535402-500x280.jpg",500,280,true],"medium":["https:\/\/arantv.az\/wp-content\/uploads\/2021\/06\/polis_71622535402-548x365.jpg",548,365,true],"large":["https:\/\/arantv.az\/wp-content\/uploads\/2021\/06\/polis_71622535402.jpg",640,426,false],"1536x1536":["https:\/\/arantv.az\/wp-content\/uploads\/2021\/06\/polis_71622535402.jpg",650,433,false],"2048x2048":["https:\/\/arantv.az\/wp-content\/uploads\/2021\/06\/polis_71622535402.jpg",650,433,false],"post-thumbnail":["https:\/\/arantv.az\/wp-content\/uploads\/2021\/06\/polis_71622535402-240x172.jpg",240,172,true],"advps-thumb-one":["https:\/\/arantv.az\/wp-content\/uploads\/2021\/06\/polis_71622535402.jpg",650,433,false]},"rttpg_author":{"display_name":"V\u00fcsal Rafiqo\u011flu","author_link":"https:\/\/arantv.az\/?author=2"},"rttpg_comment":0,"rttpg_category":"<a href=\"https:\/\/arantv.az\/?cat=26\" rel=\"category\">Sosial<\/a>","rttpg_excerpt":"Ba\u015f D\u00f6vl\u0259t Yol Polisi \u0130dar\u0259si (BDYP\u0130) Formula 1\u00a0Az\u0259rbaycan Qran Prisi il\u0259 \u0259laq\u0259dar Bak\u0131 \u015f\u0259h\u0259ri \u0259razisind\u0259 ba\u011flanacaq v\u0259 istiqam\u0259ti d\u0259yi\u015fdiril\u0259c\u0259k k\u00fc\u00e7\u0259 v\u0259 prospektl\u0259r bar\u0259d\u0259 m\u0259lumat yay\u0131b. M\u0259lumatda bildirilir: \u201c31 may tarixind\u0259n 8 iyun tarixin\u0259d\u0259k Formula 1\u00a0Az\u0259rbaycan Qran Prisi il\u0259 \u0259laq\u0259dar ke\u00e7iril\u0259c\u0259k t\u0259dbird\u0259 Bak\u0131 \u015f\u0259h\u0259ri \u0259razisind\u0259 yol h\u0259r\u0259k\u0259tinin t\u0259hl\u00fck\u0259sizliyini t\u0259min etm\u0259k m\u0259qs\u0259dil\u0259 ba\u011flanan v\u0259 istiqam\u0259ti d\u0259yi\u015fdiril\u0259n k\u00fc\u00e7\u0259&hellip;","_links":{"self":[{"href":"https:\/\/arantv.az\/index.php?rest_route=\/wp\/v2\/posts\/342409"}],"collection":[{"href":"https:\/\/arantv.az\/index.php?rest_route=\/wp\/v2\/posts"}],"about":[{"href":"https:\/\/arantv.az\/index.php?rest_route=\/wp\/v2\/types\/post"}],"author":[{"embeddable":true,"href":"https:\/\/arantv.az\/index.php?rest_route=\/wp\/v2\/users\/2"}],"replies":[{"embeddable":true,"href":"https:\/\/arantv.az\/index.php?rest_route=%2Fwp%2Fv2%2Fcomments&post=342409"}],"version-history":[{"count":0,"href":"https:\/\/arantv.az\/index.php?rest_route=\/wp\/v2\/posts\/342409\/revisions"}],"wp:featuredmedia":[{"embeddable":true,"href":"https:\/\/arantv.az\/index.php?rest_route=\/wp\/v2\/media\/342410"}],"wp:attachment":[{"href":"https:\/\/arantv.az\/index.php?rest_route=%2Fwp%2Fv2%2Fmedia&parent=342409"}],"wp:term":[{"taxonomy":"category","embeddable":true,"href":"https:\/\/arantv.az\/index.php?rest_route=%2Fwp%2Fv2%2Fcategories&post=342409"},{"taxonomy":"post_tag","embeddable":true,"href":"https:\/\/arantv.az\/index.php?rest_route=%2Fwp%2Fv2%2Ftags&post=342409"}],"curies":[{"name":"wp","href":"https:\/\/api.w.org\/{rel}","templated":true}]}}