{"id":342415,"date":"2021-06-01T11:50:25","date_gmt":"2021-06-01T08:50:25","guid":{"rendered":"http:\/\/arantv.az\/?p=342415"},"modified":"2021-06-01T11:50:25","modified_gmt":"2021-06-01T08:50:25","slug":"agcab%c9%99did%c9%99-evl%c9%99rin-h%c9%99y%c9%99tyani-sah%c9%99l%c9%99rin%c9%99-yagis-sulari-dolub-video","status":"publish","type":"post","link":"https:\/\/arantv.az\/?p=342415","title":{"rendered":"A\u011fcab\u0259did\u0259 evl\u0259rin h\u0259y\u0259tyan\u0131 sah\u0259l\u0259rin\u0259 ya\u011f\u0131\u015f sular\u0131 dolub &#8211; V\u0130DEO"},"content":{"rendered":"<p>Bir ne\u00e7\u0259 g\u00fcn davam etmi\u015f qeyri-sabit hava \u015f\u0259raiti v\u0259 arams\u0131z ya\u011fm\u0131\u015f ya\u011f\u0131\u015f s\u0259b\u0259bind\u0259n A\u011fcab\u0259di rayonunun Taxtak\u00f6rp\u00fc q\u0259s\u0259b\u0259sind\u0259 f\u0259rdi ya\u015fay\u0131\u015f evl\u0259rinin h\u0259y\u0259tyan\u0131 sah\u0259l\u0259rin\u0259 ya\u011f\u0131\u015f sular\u0131n\u0131n dolmas\u0131 il\u0259 ba\u011fl\u0131 F\u00f6vq\u0259lad\u0259 Hallar Nazirliyinin (FHN) \u201c112\u201d qaynar telefon x\u0259ttin\u0259 m\u00fcraci\u0259t daxil olub.<\/p>\n<p>Bu bar\u0259d\u0259\u00a0FHN-in M\u0259tbuat xidm\u0259tind\u0259n m\u0259lumat verilib.<\/p>\n<div id=\"AdviadNativeVideo0\" class=\"AdviadNativeVideo\"><\/div>\n<p>M\u00fcraci\u0259t \u0259sas\u0131nda Nazirliyin Qaraba\u011f Regional M\u0259rk\u0259zinin v\u0259 D\u00f6vl\u0259t Yan\u011f\u0131ndan M\u00fchafiz\u0259 Xidm\u0259tinin m\u00fcvafiq q\u00fcvv\u0259l\u0259ri \u0259raziy\u0259 c\u0259lb olunub.<\/p>\n<p>G\u00f6r\u00fcl\u0259n t\u0259dbirl\u0259r n\u0259tic\u0259sind\u0259 h\u0259y\u0259tyan\u0131 sah\u0259l\u0259r\u0259 dolmu\u015f ya\u011f\u0131\u015f sular\u0131n\u0131n \u00e7\u0259kil\u0259r\u0259k k\u0259narla\u015fd\u0131r\u0131lmas\u0131 t\u0259min edilib.<\/p>\n<div><iframe loading=\"lazy\" title=\"YouTube video player\" src=\"https:\/\/www.youtube.com\/embed\/n8Vwtnv_ugs\" width=\"560\" height=\"315\" frameborder=\"0\" allowfullscreen=\"allowfullscreen\" data-mce-fragment=\"1\"><\/iframe><\/div>\n<p>&nbsp;<\/p>\n","protected":false},"excerpt":{"rendered":"<p>Bir ne\u00e7\u0259 g\u00fcn davam etmi\u015f qeyri-sabit hava \u015f\u0259raiti v\u0259 arams\u0131z ya\u011fm\u0131\u015f ya\u011f\u0131\u015f s\u0259b\u0259bind\u0259n A\u011fcab\u0259di rayonunun Taxtak\u00f6rp\u00fc q\u0259s\u0259b\u0259sind\u0259 f\u0259rdi ya\u015fay\u0131\u015f evl\u0259rinin h\u0259y\u0259tyan\u0131 sah\u0259l\u0259rin\u0259 ya\u011f\u0131\u015f sular\u0131n\u0131n dolmas\u0131 il\u0259 ba\u011fl\u0131 F\u00f6vq\u0259lad\u0259 Hallar Nazirliyinin (FHN) \u201c112\u201d qaynar telefon x\u0259ttin\u0259 m\u00fcraci\u0259t daxil olub. Bu bar\u0259d\u0259\u00a0FHN-in M\u0259tbuat xidm\u0259tind\u0259n m\u0259lumat verilib. M\u00fcraci\u0259t \u0259sas\u0131nda Nazirliyin Qaraba\u011f Regional M\u0259rk\u0259zinin v\u0259 D\u00f6vl\u0259t Yan\u011f\u0131ndan M\u00fchafiz\u0259 Xidm\u0259tinin m\u00fcvafiq q\u00fcvv\u0259l\u0259ri \u0259raziy\u0259 c\u0259lb olunub. G\u00f6r\u00fcl\u0259n t\u0259dbirl\u0259r n\u0259tic\u0259sind\u0259 h\u0259y\u0259tyan\u0131 sah\u0259l\u0259r\u0259 dolmu\u015f ya\u011f\u0131\u015f sular\u0131n\u0131n \u00e7\u0259kil\u0259r\u0259k k\u0259narla\u015fd\u0131r\u0131lmas\u0131 t\u0259min edilib. &nbsp;<\/p>\n","protected":false},"author":2,"featured_media":342416,"comment_status":"closed","ping_status":"closed","sticky":false,"template":"","format":"standard","meta":{"om_disable_all_campaigns":false,"_monsterinsights_skip_tracking":false,"_monsterinsights_sitenote_active":false,"_monsterinsights_sitenote_note":"","_monsterinsights_sitenote_category":0},"categories":[26],"tags":[],"aioseo_notices":[],"gutentor_comment":0,"rttpg_featured_image_url":{"full":["https:\/\/arantv.az\/wp-content\/uploads\/2021\/06\/9fcfd42f-8a1b-371f-811c-611e8c51ca9a_850.jpg",620,387,false],"landscape":["https:\/\/arantv.az\/wp-content\/uploads\/2021\/06\/9fcfd42f-8a1b-371f-811c-611e8c51ca9a_850.jpg",620,387,false],"portraits":["https:\/\/arantv.az\/wp-content\/uploads\/2021\/06\/9fcfd42f-8a1b-371f-811c-611e8c51ca9a_850.jpg",620,387,false],"thumbnail":["https:\/\/arantv.az\/wp-content\/uploads\/2021\/06\/9fcfd42f-8a1b-371f-811c-611e8c51ca9a_850-500x280.jpg",500,280,true],"medium":["https:\/\/arantv.az\/wp-content\/uploads\/2021\/06\/9fcfd42f-8a1b-371f-811c-611e8c51ca9a_850-585x365.jpg",585,365,true],"large":["https:\/\/arantv.az\/wp-content\/uploads\/2021\/06\/9fcfd42f-8a1b-371f-811c-611e8c51ca9a_850.jpg",620,387,false],"1536x1536":["https:\/\/arantv.az\/wp-content\/uploads\/2021\/06\/9fcfd42f-8a1b-371f-811c-611e8c51ca9a_850.jpg",620,387,false],"2048x2048":["https:\/\/arantv.az\/wp-content\/uploads\/2021\/06\/9fcfd42f-8a1b-371f-811c-611e8c51ca9a_850.jpg",620,387,false],"post-thumbnail":["https:\/\/arantv.az\/wp-content\/uploads\/2021\/06\/9fcfd42f-8a1b-371f-811c-611e8c51ca9a_850-240x172.jpg",240,172,true],"advps-thumb-one":["https:\/\/arantv.az\/wp-content\/uploads\/2021\/06\/9fcfd42f-8a1b-371f-811c-611e8c51ca9a_850.jpg",620,387,false]},"rttpg_author":{"display_name":"V\u00fcsal Rafiqo\u011flu","author_link":"https:\/\/arantv.az\/?author=2"},"rttpg_comment":0,"rttpg_category":"<a href=\"https:\/\/arantv.az\/?cat=26\" rel=\"category\">Sosial<\/a>","rttpg_excerpt":"Bir ne\u00e7\u0259 g\u00fcn davam etmi\u015f qeyri-sabit hava \u015f\u0259raiti v\u0259 arams\u0131z ya\u011fm\u0131\u015f ya\u011f\u0131\u015f s\u0259b\u0259bind\u0259n A\u011fcab\u0259di rayonunun Taxtak\u00f6rp\u00fc q\u0259s\u0259b\u0259sind\u0259 f\u0259rdi ya\u015fay\u0131\u015f evl\u0259rinin h\u0259y\u0259tyan\u0131 sah\u0259l\u0259rin\u0259 ya\u011f\u0131\u015f sular\u0131n\u0131n dolmas\u0131 il\u0259 ba\u011fl\u0131 F\u00f6vq\u0259lad\u0259 Hallar Nazirliyinin (FHN) \u201c112\u201d qaynar telefon x\u0259ttin\u0259 m\u00fcraci\u0259t daxil olub. Bu bar\u0259d\u0259\u00a0FHN-in M\u0259tbuat xidm\u0259tind\u0259n m\u0259lumat verilib. M\u00fcraci\u0259t \u0259sas\u0131nda Nazirliyin Qaraba\u011f Regional M\u0259rk\u0259zinin v\u0259 D\u00f6vl\u0259t Yan\u011f\u0131ndan M\u00fchafiz\u0259 Xidm\u0259tinin&hellip;","_links":{"self":[{"href":"https:\/\/arantv.az\/index.php?rest_route=\/wp\/v2\/posts\/342415"}],"collection":[{"href":"https:\/\/arantv.az\/index.php?rest_route=\/wp\/v2\/posts"}],"about":[{"href":"https:\/\/arantv.az\/index.php?rest_route=\/wp\/v2\/types\/post"}],"author":[{"embeddable":true,"href":"https:\/\/arantv.az\/index.php?rest_route=\/wp\/v2\/users\/2"}],"replies":[{"embeddable":true,"href":"https:\/\/arantv.az\/index.php?rest_route=%2Fwp%2Fv2%2Fcomments&post=342415"}],"version-history":[{"count":0,"href":"https:\/\/arantv.az\/index.php?rest_route=\/wp\/v2\/posts\/342415\/revisions"}],"wp:featuredmedia":[{"embeddable":true,"href":"https:\/\/arantv.az\/index.php?rest_route=\/wp\/v2\/media\/342416"}],"wp:attachment":[{"href":"https:\/\/arantv.az\/index.php?rest_route=%2Fwp%2Fv2%2Fmedia&parent=342415"}],"wp:term":[{"taxonomy":"category","embeddable":true,"href":"https:\/\/arantv.az\/index.php?rest_route=%2Fwp%2Fv2%2Fcategories&post=342415"},{"taxonomy":"post_tag","embeddable":true,"href":"https:\/\/arantv.az\/index.php?rest_route=%2Fwp%2Fv2%2Ftags&post=342415"}],"curies":[{"name":"wp","href":"https:\/\/api.w.org\/{rel}","templated":true}]}}