{"id":342430,"date":"2021-06-01T11:59:40","date_gmt":"2021-06-01T08:59:40","guid":{"rendered":"http:\/\/arantv.az\/?p=342430"},"modified":"2021-06-01T11:59:40","modified_gmt":"2021-06-01T08:59:40","slug":"yay-m%c9%99kt%c9%99bi-nec%c9%99-t%c9%99skil-olunacaq","status":"publish","type":"post","link":"https:\/\/arantv.az\/?p=342430","title":{"rendered":"Yay m\u0259kt\u0259bi nec\u0259 t\u0259\u015fkil olunacaq?"},"content":{"rendered":"<p>Yay m\u0259kt\u0259bi d\u00f6vr\u00fcnd\u0259 \u015fagirdl\u0259rin m\u0259kt\u0259bli formas\u0131nda g\u0259lm\u0259si t\u0259l\u0259b olunmayacaq.<\/p>\n<p><strong>ARANTV.AZ<\/strong>\u00a0 x\u0259b\u0259r verir ki, bunu T\u0259hsil Nazirliyinin \u015f\u00f6b\u0259 m\u00fcdiri V\u0259fa Yaqublu deyib. O bildirib ki, yay m\u0259kt\u0259bi t\u0259dris ili \u0259rzind\u0259 ke\u00e7iril\u0259nl\u0259rin \u00fcmumil\u0259\u015fdirilm\u0259si, z\u0259ruri bilik v\u0259 bacar\u0131qlar\u0131n m\u00f6hk\u0259ml\u0259ndirilm\u0259si \u00fcz\u0259rind\u0259 qurulur.<\/p>\n<p>\u201cBurada yegan\u0259 proqram olmayacaq. \u018fg\u0259r az sayda u\u015faq olarsa paralel sinifl\u0259rin birl\u0259\u015fdirilm\u0259si, optimalla\u015fd\u0131rma apar\u0131lmas\u0131 n\u0259z\u0259rd\u0259 tutulur. B\u00fct\u00fcn sinif m\u00fcraci\u0259t ed\u0259rs\u0259, o zaman yar\u0131mqruplar \u015f\u0259klind\u0259 t\u0259kil olunacaq. Yay m\u0259kt\u0259bin\u0259 1-ci sinifd\u0259n ba\u015flayaraq 10-cu sinif\u0259 q\u0259d\u0259r h\u0259r k\u0259si d\u0259v\u0259t edirik. \u201cHava istidir\u201d dey\u0259 arqument g\u0259tirm\u0259y\u0259 ehtiyac yoxdur. \u00d6yr\u0259nm\u0259 f\u0259sl\u0259 ba\u011fl\u0131 prosses olmamal\u0131d\u0131r. M\u00f6vs\u00fcm\u00fcn t\u0259l\u0259bl\u0259rin\u0259 uy\u011fun geyinm\u0259kl\u0259, davran\u0131\u015f n\u00fcmayi\u015f etirm\u0259kl\u0259 \u00f6yr\u0259nm\u0259k m\u00fcmk\u00fcnd\u00fcr\u201d.<\/p>\n<p>V.Yaqublu qeyd edib ki, iyun ay\u0131n\u0131n sonuna q\u0259d\u0259r m\u00fc\u0259lliml\u0259r d\u0259rs y\u00fck\u00fcn\u0259 uy\u011fun maa\u015f al\u0131rlar. \u201cOnlara \u0259lav\u0259 \u00f6d\u0259ni\u015f n\u0259z\u0259rd\u0259 tutulmur. M\u00fc\u0259yy\u0259n r\u0259\u011fb\u0259tl\u0259ndirm\u0259 t\u0259dbirl\u0259ri ola bil\u0259r. Yay m\u0259kt\u0259bi 10 g\u00fcnl\u00fck n\u0259z\u0259rd\u0259 tutulub v\u0259 iyul, avqust aylar\u0131nda ke\u00e7irilm\u0259y\u0259c\u0259k. Yay m\u0259kt\u0259bini a\u00e7\u0131q havada, b\u00f6y\u00fck a\u011fac\u0131n alt\u0131nda ke\u00e7irm\u0259k yax\u015f\u0131 ideyad\u0131r. Amma m\u0259kt\u0259bd\u0259n k\u0259nar yerd\u0259 d\u0259rsin ke\u00e7irilm\u0259si m\u00fc\u0259yy\u0259n \u00e7\u0259tinlikl\u0259r yarada bil\u0259r&#8221;.<\/p>\n","protected":false},"excerpt":{"rendered":"<p>Yay m\u0259kt\u0259bi d\u00f6vr\u00fcnd\u0259 \u015fagirdl\u0259rin m\u0259kt\u0259bli formas\u0131nda g\u0259lm\u0259si t\u0259l\u0259b olunmayacaq. ARANTV.AZ\u00a0 x\u0259b\u0259r verir ki, bunu T\u0259hsil Nazirliyinin \u015f\u00f6b\u0259 m\u00fcdiri V\u0259fa Yaqublu deyib. O bildirib ki, yay m\u0259kt\u0259bi t\u0259dris ili \u0259rzind\u0259 ke\u00e7iril\u0259nl\u0259rin \u00fcmumil\u0259\u015fdirilm\u0259si, z\u0259ruri bilik v\u0259 bacar\u0131qlar\u0131n m\u00f6hk\u0259ml\u0259ndirilm\u0259si \u00fcz\u0259rind\u0259 qurulur. \u201cBurada yegan\u0259 proqram olmayacaq. \u018fg\u0259r az sayda u\u015faq olarsa paralel sinifl\u0259rin birl\u0259\u015fdirilm\u0259si, optimalla\u015fd\u0131rma apar\u0131lmas\u0131 n\u0259z\u0259rd\u0259 tutulur. B\u00fct\u00fcn sinif m\u00fcraci\u0259t ed\u0259rs\u0259, o zaman yar\u0131mqruplar \u015f\u0259klind\u0259 t\u0259kil olunacaq. Yay m\u0259kt\u0259bin\u0259 1-ci sinifd\u0259n ba\u015flayaraq 10-cu sinif\u0259 q\u0259d\u0259r h\u0259r k\u0259si d\u0259v\u0259t edirik. \u201cHava istidir\u201d dey\u0259 arqument g\u0259tirm\u0259y\u0259 ehtiyac yoxdur. \u00d6yr\u0259nm\u0259 f\u0259sl\u0259 ba\u011fl\u0131 prosses olmamal\u0131d\u0131r. M\u00f6vs\u00fcm\u00fcn t\u0259l\u0259bl\u0259rin\u0259&hellip;<\/p>\n","protected":false},"author":2,"featured_media":342431,"comment_status":"closed","ping_status":"closed","sticky":false,"template":"","format":"standard","meta":{"om_disable_all_campaigns":false,"_monsterinsights_skip_tracking":false,"_monsterinsights_sitenote_active":false,"_monsterinsights_sitenote_note":"","_monsterinsights_sitenote_category":0},"categories":[23],"tags":[],"aioseo_notices":[],"gutentor_comment":0,"rttpg_featured_image_url":{"full":["https:\/\/arantv.az\/wp-content\/uploads\/2021\/06\/850af92f16225377503196759191059267.jpg",975,540,false],"landscape":["https:\/\/arantv.az\/wp-content\/uploads\/2021\/06\/850af92f16225377503196759191059267.jpg",975,540,false],"portraits":["https:\/\/arantv.az\/wp-content\/uploads\/2021\/06\/850af92f16225377503196759191059267.jpg",975,540,false],"thumbnail":["https:\/\/arantv.az\/wp-content\/uploads\/2021\/06\/850af92f16225377503196759191059267-500x280.jpg",500,280,true],"medium":["https:\/\/arantv.az\/wp-content\/uploads\/2021\/06\/850af92f16225377503196759191059267-660x365.jpg",660,365,true],"large":["https:\/\/arantv.az\/wp-content\/uploads\/2021\/06\/850af92f16225377503196759191059267-840x465.jpg",640,354,true],"1536x1536":["https:\/\/arantv.az\/wp-content\/uploads\/2021\/06\/850af92f16225377503196759191059267.jpg",975,540,false],"2048x2048":["https:\/\/arantv.az\/wp-content\/uploads\/2021\/06\/850af92f16225377503196759191059267.jpg",975,540,false],"post-thumbnail":["https:\/\/arantv.az\/wp-content\/uploads\/2021\/06\/850af92f16225377503196759191059267-240x172.jpg",240,172,true],"advps-thumb-one":["https:\/\/arantv.az\/wp-content\/uploads\/2021\/06\/850af92f16225377503196759191059267.jpg",975,540,false]},"rttpg_author":{"display_name":"V\u00fcsal Rafiqo\u011flu","author_link":"https:\/\/arantv.az\/?author=2"},"rttpg_comment":0,"rttpg_category":"<a href=\"https:\/\/arantv.az\/?cat=23\" rel=\"category\">T\u0259hsil<\/a>","rttpg_excerpt":"Yay m\u0259kt\u0259bi d\u00f6vr\u00fcnd\u0259 \u015fagirdl\u0259rin m\u0259kt\u0259bli formas\u0131nda g\u0259lm\u0259si t\u0259l\u0259b olunmayacaq. ARANTV.AZ\u00a0 x\u0259b\u0259r verir ki, bunu T\u0259hsil Nazirliyinin \u015f\u00f6b\u0259 m\u00fcdiri V\u0259fa Yaqublu deyib. O bildirib ki, yay m\u0259kt\u0259bi t\u0259dris ili \u0259rzind\u0259 ke\u00e7iril\u0259nl\u0259rin \u00fcmumil\u0259\u015fdirilm\u0259si, z\u0259ruri bilik v\u0259 bacar\u0131qlar\u0131n m\u00f6hk\u0259ml\u0259ndirilm\u0259si \u00fcz\u0259rind\u0259 qurulur. \u201cBurada yegan\u0259 proqram olmayacaq. \u018fg\u0259r az sayda u\u015faq olarsa paralel sinifl\u0259rin birl\u0259\u015fdirilm\u0259si, optimalla\u015fd\u0131rma apar\u0131lmas\u0131 n\u0259z\u0259rd\u0259 tutulur. B\u00fct\u00fcn&hellip;","_links":{"self":[{"href":"https:\/\/arantv.az\/index.php?rest_route=\/wp\/v2\/posts\/342430"}],"collection":[{"href":"https:\/\/arantv.az\/index.php?rest_route=\/wp\/v2\/posts"}],"about":[{"href":"https:\/\/arantv.az\/index.php?rest_route=\/wp\/v2\/types\/post"}],"author":[{"embeddable":true,"href":"https:\/\/arantv.az\/index.php?rest_route=\/wp\/v2\/users\/2"}],"replies":[{"embeddable":true,"href":"https:\/\/arantv.az\/index.php?rest_route=%2Fwp%2Fv2%2Fcomments&post=342430"}],"version-history":[{"count":0,"href":"https:\/\/arantv.az\/index.php?rest_route=\/wp\/v2\/posts\/342430\/revisions"}],"wp:featuredmedia":[{"embeddable":true,"href":"https:\/\/arantv.az\/index.php?rest_route=\/wp\/v2\/media\/342431"}],"wp:attachment":[{"href":"https:\/\/arantv.az\/index.php?rest_route=%2Fwp%2Fv2%2Fmedia&parent=342430"}],"wp:term":[{"taxonomy":"category","embeddable":true,"href":"https:\/\/arantv.az\/index.php?rest_route=%2Fwp%2Fv2%2Fcategories&post=342430"},{"taxonomy":"post_tag","embeddable":true,"href":"https:\/\/arantv.az\/index.php?rest_route=%2Fwp%2Fv2%2Ftags&post=342430"}],"curies":[{"name":"wp","href":"https:\/\/api.w.org\/{rel}","templated":true}]}}