{"id":342433,"date":"2021-06-01T12:00:41","date_gmt":"2021-06-01T09:00:41","guid":{"rendered":"http:\/\/arantv.az\/?p=342433"},"modified":"2021-06-01T12:00:41","modified_gmt":"2021-06-01T09:00:41","slug":"mehriban-%c9%99liyeva-usaqlari-t%c9%99brik-edib","status":"publish","type":"post","link":"https:\/\/arantv.az\/?p=342433","title":{"rendered":"Mehriban \u018fliyeva u\u015faqlar\u0131 t\u0259brik edib"},"content":{"rendered":"<div class=\"content lead font-weight-normal\">\n<p>Az\u0259rbaycan Respublikas\u0131n\u0131n I Vitse-prezidenti Mehriban \u018fliyeva 1 iyun \u2013 U\u015faqlar\u0131n Beyn\u0259lxalq M\u00fcdafi\u0259si g\u00fcn\u00fc il\u0259 ba\u011fl\u0131 payla\u015f\u0131m edib.<\/p>\n<p><strong>ARANTV.AZ<\/strong> x\u0259b\u0259r verir ki, payla\u015f\u0131mda bildirilir:<\/p>\n<p>\u201cBu g\u00fcn \u2013 1 \u0130yun U\u015faqlar\u0131n Beyn\u0259lxalq M\u00fcdafi\u0259si G\u00fcn\u00fcd\u00fcr. Bu nurlu, g\u00f6z\u0259l g\u00fcn m\u00fcnasib\u0259til\u0259 b\u00fct\u00fcn balalar\u0131 s\u0259mimi-q\u0259lbd\u0259n t\u0259brik edir\u0259m! Yer \u00fcz\u00fcnd\u0259ki h\u0259r bir u\u015fa\u011fa m\u00f6hk\u0259m cansa\u011fl\u0131\u011f\u0131, sevgi, xo\u015f g\u00fcnl\u0259r, qay\u011f\u0131s\u0131z u\u015faql\u0131q v\u0259 xo\u015fb\u0259xt h\u0259yat arzulay\u0131ram!\u00a0Uca Tanr\u0131 u\u015faqlar\u0131 b\u00fct\u00fcn qada-baladan qorusun!\u201d.<\/p>\n<p>&nbsp;<\/p>\n<p><iframe id=\"instagram-embed-0\" class=\"instagram-media instagram-media-rendered\" src=\"https:\/\/www.instagram.com\/p\/CPkj1rtgWcf\/embed\/?cr=1&amp;v=13&amp;wp=540&amp;rd=https%3A%2F%2Fikisahil.az&amp;rp=%2Fpost%2F223102-mehriban-eliyeva-ushaqlari-tebrik-edib#%7B%22ci%22%3A0%2C%22os%22%3A964.3899999991845%2C%22ls%22%3A732.4300000000221%2C%22le%22%3A961.3499999995838%7D\" height=\"745\" frameborder=\"0\" scrolling=\"no\" allowfullscreen=\"allowfullscreen\" data-instgrm-payload-id=\"instagram-media-payload-0\" data-mce-fragment=\"1\"><\/iframe>&nbsp;<\/p>\n<div class=\"clearfix\"><\/div>\n<\/div>\n<div class=\"sharing my-2 row no-gutters d-print-none\">\n<div class=\"col-md-3\"><\/div>\n<\/div>\n","protected":false},"excerpt":{"rendered":"<p>Az\u0259rbaycan Respublikas\u0131n\u0131n I Vitse-prezidenti Mehriban \u018fliyeva 1 iyun \u2013 U\u015faqlar\u0131n Beyn\u0259lxalq M\u00fcdafi\u0259si g\u00fcn\u00fc il\u0259 ba\u011fl\u0131 payla\u015f\u0131m edib. ARANTV.AZ x\u0259b\u0259r verir ki, payla\u015f\u0131mda bildirilir: \u201cBu g\u00fcn \u2013 1 \u0130yun U\u015faqlar\u0131n Beyn\u0259lxalq M\u00fcdafi\u0259si G\u00fcn\u00fcd\u00fcr. Bu nurlu, g\u00f6z\u0259l g\u00fcn m\u00fcnasib\u0259til\u0259 b\u00fct\u00fcn balalar\u0131 s\u0259mimi-q\u0259lbd\u0259n t\u0259brik edir\u0259m! Yer \u00fcz\u00fcnd\u0259ki h\u0259r bir u\u015fa\u011fa m\u00f6hk\u0259m cansa\u011fl\u0131\u011f\u0131, sevgi, xo\u015f g\u00fcnl\u0259r, qay\u011f\u0131s\u0131z u\u015faql\u0131q v\u0259 xo\u015fb\u0259xt h\u0259yat arzulay\u0131ram!\u00a0Uca Tanr\u0131 u\u015faqlar\u0131 b\u00fct\u00fcn qada-baladan qorusun!\u201d. &nbsp; &nbsp;<\/p>\n","protected":false},"author":2,"featured_media":342434,"comment_status":"closed","ping_status":"closed","sticky":false,"template":"","format":"standard","meta":{"om_disable_all_campaigns":false,"_monsterinsights_skip_tracking":false,"_monsterinsights_sitenote_active":false,"_monsterinsights_sitenote_note":"","_monsterinsights_sitenote_category":0},"categories":[8],"tags":[],"aioseo_notices":[],"gutentor_comment":0,"rttpg_featured_image_url":{"full":["https:\/\/arantv.az\/wp-content\/uploads\/2021\/06\/14e422f0161621886057683242210248016.jpg",975,540,false],"landscape":["https:\/\/arantv.az\/wp-content\/uploads\/2021\/06\/14e422f0161621886057683242210248016.jpg",975,540,false],"portraits":["https:\/\/arantv.az\/wp-content\/uploads\/2021\/06\/14e422f0161621886057683242210248016.jpg",975,540,false],"thumbnail":["https:\/\/arantv.az\/wp-content\/uploads\/2021\/06\/14e422f0161621886057683242210248016-500x280.jpg",500,280,true],"medium":["https:\/\/arantv.az\/wp-content\/uploads\/2021\/06\/14e422f0161621886057683242210248016-660x365.jpg",660,365,true],"large":["https:\/\/arantv.az\/wp-content\/uploads\/2021\/06\/14e422f0161621886057683242210248016-840x465.jpg",640,354,true],"1536x1536":["https:\/\/arantv.az\/wp-content\/uploads\/2021\/06\/14e422f0161621886057683242210248016.jpg",975,540,false],"2048x2048":["https:\/\/arantv.az\/wp-content\/uploads\/2021\/06\/14e422f0161621886057683242210248016.jpg",975,540,false],"post-thumbnail":["https:\/\/arantv.az\/wp-content\/uploads\/2021\/06\/14e422f0161621886057683242210248016-240x172.jpg",240,172,true],"advps-thumb-one":["https:\/\/arantv.az\/wp-content\/uploads\/2021\/06\/14e422f0161621886057683242210248016.jpg",975,540,false]},"rttpg_author":{"display_name":"V\u00fcsal Rafiqo\u011flu","author_link":"https:\/\/arantv.az\/?author=2"},"rttpg_comment":0,"rttpg_category":"<a href=\"https:\/\/arantv.az\/?cat=8\" rel=\"category\">\u018fsas s\u0259hif\u0259<\/a>","rttpg_excerpt":"Az\u0259rbaycan Respublikas\u0131n\u0131n I Vitse-prezidenti Mehriban \u018fliyeva 1 iyun \u2013 U\u015faqlar\u0131n Beyn\u0259lxalq M\u00fcdafi\u0259si g\u00fcn\u00fc il\u0259 ba\u011fl\u0131 payla\u015f\u0131m edib. ARANTV.AZ x\u0259b\u0259r verir ki, payla\u015f\u0131mda bildirilir: \u201cBu g\u00fcn \u2013 1 \u0130yun U\u015faqlar\u0131n Beyn\u0259lxalq M\u00fcdafi\u0259si G\u00fcn\u00fcd\u00fcr. Bu nurlu, g\u00f6z\u0259l g\u00fcn m\u00fcnasib\u0259til\u0259 b\u00fct\u00fcn balalar\u0131 s\u0259mimi-q\u0259lbd\u0259n t\u0259brik edir\u0259m! Yer \u00fcz\u00fcnd\u0259ki h\u0259r bir u\u015fa\u011fa m\u00f6hk\u0259m cansa\u011fl\u0131\u011f\u0131, sevgi, xo\u015f g\u00fcnl\u0259r, qay\u011f\u0131s\u0131z u\u015faql\u0131q v\u0259&hellip;","_links":{"self":[{"href":"https:\/\/arantv.az\/index.php?rest_route=\/wp\/v2\/posts\/342433"}],"collection":[{"href":"https:\/\/arantv.az\/index.php?rest_route=\/wp\/v2\/posts"}],"about":[{"href":"https:\/\/arantv.az\/index.php?rest_route=\/wp\/v2\/types\/post"}],"author":[{"embeddable":true,"href":"https:\/\/arantv.az\/index.php?rest_route=\/wp\/v2\/users\/2"}],"replies":[{"embeddable":true,"href":"https:\/\/arantv.az\/index.php?rest_route=%2Fwp%2Fv2%2Fcomments&post=342433"}],"version-history":[{"count":0,"href":"https:\/\/arantv.az\/index.php?rest_route=\/wp\/v2\/posts\/342433\/revisions"}],"wp:featuredmedia":[{"embeddable":true,"href":"https:\/\/arantv.az\/index.php?rest_route=\/wp\/v2\/media\/342434"}],"wp:attachment":[{"href":"https:\/\/arantv.az\/index.php?rest_route=%2Fwp%2Fv2%2Fmedia&parent=342433"}],"wp:term":[{"taxonomy":"category","embeddable":true,"href":"https:\/\/arantv.az\/index.php?rest_route=%2Fwp%2Fv2%2Fcategories&post=342433"},{"taxonomy":"post_tag","embeddable":true,"href":"https:\/\/arantv.az\/index.php?rest_route=%2Fwp%2Fv2%2Ftags&post=342433"}],"curies":[{"name":"wp","href":"https:\/\/api.w.org\/{rel}","templated":true}]}}