{"id":342436,"date":"2021-06-01T12:06:08","date_gmt":"2021-06-01T09:06:08","guid":{"rendered":"http:\/\/arantv.az\/?p=342436"},"modified":"2021-06-01T12:06:08","modified_gmt":"2021-06-01T09:06:08","slug":"unicef-in-az%c9%99rbaycandaki-numay%c9%99nd%c9%99sind%c9%99n-usaqlarla-bagli-cagiris-foto","status":"publish","type":"post","link":"https:\/\/arantv.az\/?p=342436","title":{"rendered":"UNICEF-in Az\u0259rbaycandak\u0131 n\u00fcmay\u0259nd\u0259sind\u0259n u\u015faqlarla ba\u011fl\u0131 \u00c7A\u011eIRI\u015e &#8211; FOTO"},"content":{"rendered":"<p>\u201cBu g\u00fcn U\u015faqlar\u0131n Beyn\u0259lxalq M\u00fcdafi\u0259si G\u00fcn\u00fcd\u00fcr v\u0259 b\u00fct\u00fcn Az\u0259rbaycan u\u015faqlar\u0131na \u0259n xo\u015f arzular\u0131m\u0131 v\u0259 t\u0259brikl\u0259rimi \u00e7atd\u0131r\u0131ram\u201d.<\/p>\n<p>Bu s\u00f6zl\u0259ri \u00f6z\u00fcn\u00fcn \u201cFacebook\u201d sosial \u015f\u0259b\u0259k\u0259sind\u0259 BMT-nin U\u015faq Fondunun (UNICEF) Az\u0259rbaycandak\u0131 n\u00fcmay\u0259nd\u0259liyinin r\u0259hb\u0259ri Edvard Karvardin bildirib.<\/p>\n<div id=\"AdviadNativeVideo0\" class=\"AdviadNativeVideo\"><\/div>\n<p>O qeyd edib ki, \u00f6t\u0259n il Az\u0259rbaycanda v\u0259 d\u00fcnyada u\u015faqlar \u00fc\u00e7\u00fcn \u00e7ox \u00e7\u0259tinlikl\u0259r olub:<\/p>\n<p>\u201cAmma bu g\u00fcn qar\u015f\u0131dak\u0131 g\u00fcnl\u0259rin v\u0259 aylar\u0131n b\u00fct\u00fcn u\u015faqlar v\u0259 ail\u0259l\u0259ri \u00fc\u00e7\u00fcn imkanlarla dolu, daha parlaq olaca\u011f\u0131 \u00fcmidi il\u0259 bir araya g\u0259ldik.<\/p>\n<p>U\u015faqlar \u00fcmid, f\u00fcrs\u0259t, yarad\u0131c\u0131l\u0131q v\u0259 g\u0259l\u0259c\u0259yin v\u0259dini t\u0259msil edirl\u0259r. G\u0259lin, bu U\u015faqlar G\u00fcn\u00fcn\u00fc onlar\u0131n sa\u011flaml\u0131qlar\u0131na, t\u0259hsill\u0259rin\u0259, onlar\u0131n qorunmas\u0131 v\u0259 l\u0259yaq\u0259tin\u0259 d\u0259st\u0259k olmaq \u00fc\u00e7\u00fcn investisiya qoyma\u011fa v\u0259 ilk anlardan yetkin\u00a0ya\u015fa q\u0259d\u0259r davam etm\u0259 \u00f6hd\u0259liyimizi yenil\u0259m\u0259k \u00fc\u00e7\u00fcn istifad\u0259 ed\u0259k\u201d.<\/p>\n<div><iframe loading=\"lazy\" src=\"https:\/\/www.facebook.com\/plugins\/post.php?href=https%3A%2F%2Fwww.facebook.com%2Fedwardcarwardine.unicef%2Fposts%2F4024238684358959&amp;show_text=true&amp;width=500\" width=\"500\" height=\"568\" frameborder=\"0\" scrolling=\"no\" allowfullscreen=\"allowfullscreen\" data-mce-fragment=\"1\"><\/iframe><\/div>\n","protected":false},"excerpt":{"rendered":"<p>\u201cBu g\u00fcn U\u015faqlar\u0131n Beyn\u0259lxalq M\u00fcdafi\u0259si G\u00fcn\u00fcd\u00fcr v\u0259 b\u00fct\u00fcn Az\u0259rbaycan u\u015faqlar\u0131na \u0259n xo\u015f arzular\u0131m\u0131 v\u0259 t\u0259brikl\u0259rimi \u00e7atd\u0131r\u0131ram\u201d. Bu s\u00f6zl\u0259ri \u00f6z\u00fcn\u00fcn \u201cFacebook\u201d sosial \u015f\u0259b\u0259k\u0259sind\u0259 BMT-nin U\u015faq Fondunun (UNICEF) Az\u0259rbaycandak\u0131 n\u00fcmay\u0259nd\u0259liyinin r\u0259hb\u0259ri Edvard Karvardin bildirib. O qeyd edib ki, \u00f6t\u0259n il Az\u0259rbaycanda v\u0259 d\u00fcnyada u\u015faqlar \u00fc\u00e7\u00fcn \u00e7ox \u00e7\u0259tinlikl\u0259r olub: \u201cAmma bu g\u00fcn qar\u015f\u0131dak\u0131 g\u00fcnl\u0259rin v\u0259 aylar\u0131n b\u00fct\u00fcn u\u015faqlar v\u0259 ail\u0259l\u0259ri \u00fc\u00e7\u00fcn imkanlarla dolu, daha parlaq olaca\u011f\u0131 \u00fcmidi il\u0259 bir araya g\u0259ldik. U\u015faqlar \u00fcmid, f\u00fcrs\u0259t, yarad\u0131c\u0131l\u0131q v\u0259 g\u0259l\u0259c\u0259yin v\u0259dini t\u0259msil edirl\u0259r. G\u0259lin, bu U\u015faqlar G\u00fcn\u00fcn\u00fc onlar\u0131n sa\u011flaml\u0131qlar\u0131na, t\u0259hsill\u0259rin\u0259, onlar\u0131n qorunmas\u0131 v\u0259 l\u0259yaq\u0259tin\u0259 d\u0259st\u0259k olmaq&hellip;<\/p>\n","protected":false},"author":2,"featured_media":342437,"comment_status":"closed","ping_status":"closed","sticky":false,"template":"","format":"standard","meta":{"om_disable_all_campaigns":false,"_monsterinsights_skip_tracking":false,"_monsterinsights_sitenote_active":false,"_monsterinsights_sitenote_note":"","_monsterinsights_sitenote_category":0},"categories":[26],"tags":[],"aioseo_notices":[],"gutentor_comment":0,"rttpg_featured_image_url":{"full":["https:\/\/arantv.az\/wp-content\/uploads\/2021\/06\/193840687_4024226304360197_8827807327546695965_n.jpg",620,413,false],"landscape":["https:\/\/arantv.az\/wp-content\/uploads\/2021\/06\/193840687_4024226304360197_8827807327546695965_n.jpg",620,413,false],"portraits":["https:\/\/arantv.az\/wp-content\/uploads\/2021\/06\/193840687_4024226304360197_8827807327546695965_n.jpg",620,413,false],"thumbnail":["https:\/\/arantv.az\/wp-content\/uploads\/2021\/06\/193840687_4024226304360197_8827807327546695965_n-500x280.jpg",500,280,true],"medium":["https:\/\/arantv.az\/wp-content\/uploads\/2021\/06\/193840687_4024226304360197_8827807327546695965_n-548x365.jpg",548,365,true],"large":["https:\/\/arantv.az\/wp-content\/uploads\/2021\/06\/193840687_4024226304360197_8827807327546695965_n.jpg",620,413,false],"1536x1536":["https:\/\/arantv.az\/wp-content\/uploads\/2021\/06\/193840687_4024226304360197_8827807327546695965_n.jpg",620,413,false],"2048x2048":["https:\/\/arantv.az\/wp-content\/uploads\/2021\/06\/193840687_4024226304360197_8827807327546695965_n.jpg",620,413,false],"post-thumbnail":["https:\/\/arantv.az\/wp-content\/uploads\/2021\/06\/193840687_4024226304360197_8827807327546695965_n-240x172.jpg",240,172,true],"advps-thumb-one":["https:\/\/arantv.az\/wp-content\/uploads\/2021\/06\/193840687_4024226304360197_8827807327546695965_n.jpg",620,413,false]},"rttpg_author":{"display_name":"V\u00fcsal Rafiqo\u011flu","author_link":"https:\/\/arantv.az\/?author=2"},"rttpg_comment":0,"rttpg_category":"<a href=\"https:\/\/arantv.az\/?cat=26\" rel=\"category\">Sosial<\/a>","rttpg_excerpt":"\u201cBu g\u00fcn U\u015faqlar\u0131n Beyn\u0259lxalq M\u00fcdafi\u0259si G\u00fcn\u00fcd\u00fcr v\u0259 b\u00fct\u00fcn Az\u0259rbaycan u\u015faqlar\u0131na \u0259n xo\u015f arzular\u0131m\u0131 v\u0259 t\u0259brikl\u0259rimi \u00e7atd\u0131r\u0131ram\u201d. Bu s\u00f6zl\u0259ri \u00f6z\u00fcn\u00fcn \u201cFacebook\u201d sosial \u015f\u0259b\u0259k\u0259sind\u0259 BMT-nin U\u015faq Fondunun (UNICEF) Az\u0259rbaycandak\u0131 n\u00fcmay\u0259nd\u0259liyinin r\u0259hb\u0259ri Edvard Karvardin bildirib. O qeyd edib ki, \u00f6t\u0259n il Az\u0259rbaycanda v\u0259 d\u00fcnyada u\u015faqlar \u00fc\u00e7\u00fcn \u00e7ox \u00e7\u0259tinlikl\u0259r olub: \u201cAmma bu g\u00fcn qar\u015f\u0131dak\u0131 g\u00fcnl\u0259rin v\u0259 aylar\u0131n b\u00fct\u00fcn u\u015faqlar&hellip;","_links":{"self":[{"href":"https:\/\/arantv.az\/index.php?rest_route=\/wp\/v2\/posts\/342436"}],"collection":[{"href":"https:\/\/arantv.az\/index.php?rest_route=\/wp\/v2\/posts"}],"about":[{"href":"https:\/\/arantv.az\/index.php?rest_route=\/wp\/v2\/types\/post"}],"author":[{"embeddable":true,"href":"https:\/\/arantv.az\/index.php?rest_route=\/wp\/v2\/users\/2"}],"replies":[{"embeddable":true,"href":"https:\/\/arantv.az\/index.php?rest_route=%2Fwp%2Fv2%2Fcomments&post=342436"}],"version-history":[{"count":0,"href":"https:\/\/arantv.az\/index.php?rest_route=\/wp\/v2\/posts\/342436\/revisions"}],"wp:featuredmedia":[{"embeddable":true,"href":"https:\/\/arantv.az\/index.php?rest_route=\/wp\/v2\/media\/342437"}],"wp:attachment":[{"href":"https:\/\/arantv.az\/index.php?rest_route=%2Fwp%2Fv2%2Fmedia&parent=342436"}],"wp:term":[{"taxonomy":"category","embeddable":true,"href":"https:\/\/arantv.az\/index.php?rest_route=%2Fwp%2Fv2%2Fcategories&post=342436"},{"taxonomy":"post_tag","embeddable":true,"href":"https:\/\/arantv.az\/index.php?rest_route=%2Fwp%2Fv2%2Ftags&post=342436"}],"curies":[{"name":"wp","href":"https:\/\/api.w.org\/{rel}","templated":true}]}}