{"id":342659,"date":"2021-06-02T07:18:31","date_gmt":"2021-06-02T04:18:31","guid":{"rendered":"http:\/\/arantv.az\/?p=342659"},"modified":"2021-06-02T07:18:31","modified_gmt":"2021-06-02T04:18:31","slug":"erm%c9%99nistanda-seckiqabagi-g%c9%99rginlik-%c9%99hali-hec-bir-siyasi-quvv%c9%99y%c9%99-inanmir-r%c9%99y","status":"publish","type":"post","link":"https:\/\/arantv.az\/?p=342659","title":{"rendered":"Erm\u0259nistanda se\u00e7kiqaba\u011f\u0131 g\u0259rginlik: \u0259hali he\u00e7 bir siyasi q\u00fcvv\u0259y\u0259 inanm\u0131r &#8211; R\u018fY"},"content":{"rendered":"<p>Erm\u0259ni h\u0259rb\u00e7il\u0259rin s\u0259rh\u0259dd\u0259 t\u00f6r\u0259tdiyi t\u0259xribatlar Erm\u0259nistanda se\u00e7kiqaba\u011f\u0131 ictimai r\u0259yin formala\u015fmas\u0131na ciddi t\u0259sir g\u00f6st\u0259rm\u0259kd\u0259dir. Bel\u0259 ki, bir ne\u00e7\u0259 g\u00fcn \u0259vv\u0259l ke\u00e7iril\u0259n sosioloji sor\u011fuda r\u0259yi soru\u015fulanlar\u0131n t\u0259qrib\u0259n 32 faizi Erm\u0259nistanda t\u0259hl\u00fck\u0259sizlik t\u0259minat\u0131n\u0131n \u0259n aktual m\u0259s\u0259l\u0259 oldu\u011funu ifad\u0259 edib. Yaln\u0131z 13 faiz respondent iqtisadi stabilliyin \u0259h\u0259miyy\u0259tini prioritet hesab etmi\u015fdir. Halbuki, bir ne\u00e7\u0259 ay \u0259vv\u0259l ke\u00e7iril\u0259n sor\u011fularda tamam f\u0259rqli m\u0259nz\u0259r\u0259 \u00fcz\u0259 \u00e7\u0131x\u0131rd\u0131.<\/p>\n<p><strong>ARANTV.AZ<\/strong> bildirir ki, bunu <a href=\"https:\/\/az.trend.az\/\" target=\"_blank\" rel=\"noopener\">Trend<\/a>-\u0259 politoloq Ceyhun \u018fhm\u0259dli deyib.<\/p>\n<p>C.\u018fhm\u0259dli bildirib ki, ictimai r\u0259yin bird\u0259n-bir\u0259 d\u0259yi\u015fm\u0259si s\u0259rh\u0259dd\u0259 ya\u015fanan insidentl\u0259rl\u0259 bilavasit\u0259 ba\u011fl\u0131d\u0131r: &#8220;G\u00fcman ki, t\u0259xribat t\u00f6r\u0259d\u0259n erm\u0259ni h\u0259rb\u00e7il\u0259rinin r\u0259zil-r\u00fcsvay v\u0259ziyy\u0259t\u0259 d\u00fc\u015fm\u0259si v\u0259 Az\u0259rbaycan d\u00f6vl\u0259tinin s\u0259rh\u0259dl\u0259rin d\u0259qiql\u0259\u015fm\u0259sind\u0259 bir qar\u0131\u015f torpa\u011f\u0131 bel\u0259 g\u00fcz\u0259\u015ft\u0259 getm\u0259m\u0259si Pa\u015finyan\u0131n se\u00e7kiqaba\u011f\u0131 reytinqinin z\u0259ifl\u0259m\u0259sin\u0259 s\u0259b\u0259b olacaq.<\/p>\n<p>Ayd\u0131n m\u0259s\u0259l\u0259dir ki, &#8220;t\u0259hl\u00fck\u0259sizlik&#8221; m\u0259fhumuna ad\u0259t\u0259n Qaraba\u011f klan\u0131 istinad etmi\u015fdir. Daha konkret des\u0259k, Sarkisyan-Ko\u00e7aryan c\u00fctl\u00fcy\u00fc uzun ill\u0259r bu m\u0259fhumun k\u00f6lg\u0259sind\u0259 maskalan\u0131b \u00f6zl\u0259rinin hakimiyy\u0259t maraqlar\u0131n\u0131 realla\u015fd\u0131r\u0131blar. Bu bax\u0131mdan, haz\u0131rk\u0131 situasiya Ko\u00e7aryan\u0131n xeyirin\u0259dir v\u0259 onun se\u00e7kid\u0259 daha \u00e7ox s\u0259s qazanmas\u0131na \u015f\u0259rait yarada bil\u0259r.<\/p>\n<p>\u00dcmumiyy\u0259tl\u0259, gedi\u015fat onu g\u00f6st\u0259rir ki, Pa\u015finyanla Ko\u00e7aryan\u0131n bloku se\u00e7kil\u0259rin n\u0259tic\u0259l\u0259rin\u0259 \u0259sas\u0259n birinci v\u0259 ikinci yerl\u0259ri b\u00f6l\u00fc\u015f\u0259c\u0259kl\u0259r. Pa\u015finyan\u0131n blokunun 30 faiz \u0259traf\u0131nda s\u0259s toplayaca\u011f\u0131 ehtimal olunur, lakin bu g\u00f6st\u0259rici il\u0259 onun t\u0259kba\u015f\u0131na hakimiyy\u0259t qurmas\u0131 m\u00fcmk\u00fcns\u00fczd\u00fcr. Se\u00e7kil\u0259rin ikinci raundu elan olunmasa, Pa\u015finyan Ko\u00e7aryanla hakimiyy\u0259ti b\u00f6l\u00fc\u015fm\u0259y\u0259, y\u0259ni koalisiyal\u0131 h\u00f6kum\u0259t qurma\u011fa raz\u0131l\u0131q verm\u0259k m\u0259cburiyy\u0259tind\u0259 qala bil\u0259r. \u00c7\u00fcnki ba\u015fqa alternativ siyasi q\u00fcvv\u0259 yoxdur&#8221;.<\/p>\n<p>Politoloqun s\u00f6zl\u0259rin\u0259 g\u00f6r\u0259, sor\u011fularda ortaya \u00e7\u0131xan s\u0259s faizl\u0259ri onu dem\u0259y\u0259 \u0259sas verir ki, sanki erm\u0259ni c\u0259miyy\u0259tind\u0259 siyasi q\u00fctbl\u0259\u015fm\u0259 getdikc\u0259 d\u0259rinl\u0259\u015fir:<\/p>\n<p>&#8220;Bir q\u00fctbd\u0259 Pa\u015finyan, dig\u0259rind\u0259 is\u0259 Ko\u00e7aryan dayan\u0131r. O da bir h\u0259qiq\u0259tdir ki, Pa\u015finyanla Ko\u00e7aryan\u0131n koalisiyal\u0131 hakimiyy\u0259ti dayan\u0131ql\u0131 v\u0259 uzunm\u00fcdd\u0259tli ola bilm\u0259z. Bir s\u00f6zl\u0259, bu ssenari realla\u015fsa Erm\u0259nistanda ciddi hakimiyy\u0259t b\u00f6hran\u0131n\u0131n ya\u015fanaca\u011f\u0131 qa\u00e7\u0131lmazd\u0131r. Ona g\u00f6r\u0259 d\u0259 Pa\u015finyan\u0131n t\u0259\u015f\u0259bb\u00fcs\u00fc il\u0259 se\u00e7kil\u0259rin ikinci raundunun ke\u00e7iril\u0259c\u0259yi d\u0259 istisna deyil.<\/p>\n<p>Erm\u0259ni xalq\u0131 haz\u0131rda pisl\u0259rin i\u00e7\u0259risind\u0259 daha az pis olan\u0131 se\u00e7m\u0259k z\u0259rur\u0259ti qar\u015f\u0131s\u0131ndad\u0131r. N\u0259 &#8220;demokratiya v\u0259 insan haqlar\u0131&#8221; \u015f\u00fcarlar\u0131 il\u0259 hakimiyy\u0259t\u0259 g\u0259l\u0259n Pa\u015finyan, n\u0259 d\u0259 bundan \u0259vv\u0259l \u00f6lk\u0259ni kriminal \u00fcsullarla idar\u0259 ed\u0259n Ko\u00e7aryan erm\u0259ni xalq\u0131na nicat yolu v\u0259d ed\u0259 bilmir. Erm\u0259nil\u0259r d\u0259 bunun f\u0259rqind\u0259dir. Ona g\u00f6r\u0259 d\u0259 b\u00fct\u00fcn sor\u011fularda \u0259halinin b\u00f6y\u00fck bir hiss\u0259si he\u00e7 bir siyasi q\u00fcvv\u0259y\u0259 inanmad\u0131\u011f\u0131n\u0131 bildirir, ya da m\u00f6vcud se\u00e7iml\u0259r qar\u015f\u0131s\u0131nda q\u0259rars\u0131z oldu\u011funu ifad\u0259 edir&#8221;.<\/p>\n","protected":false},"excerpt":{"rendered":"<p>Erm\u0259ni h\u0259rb\u00e7il\u0259rin s\u0259rh\u0259dd\u0259 t\u00f6r\u0259tdiyi t\u0259xribatlar Erm\u0259nistanda se\u00e7kiqaba\u011f\u0131 ictimai r\u0259yin formala\u015fmas\u0131na ciddi t\u0259sir g\u00f6st\u0259rm\u0259kd\u0259dir. Bel\u0259 ki, bir ne\u00e7\u0259 g\u00fcn \u0259vv\u0259l ke\u00e7iril\u0259n sosioloji sor\u011fuda r\u0259yi soru\u015fulanlar\u0131n t\u0259qrib\u0259n 32 faizi Erm\u0259nistanda t\u0259hl\u00fck\u0259sizlik t\u0259minat\u0131n\u0131n \u0259n aktual m\u0259s\u0259l\u0259 oldu\u011funu ifad\u0259 edib. Yaln\u0131z 13 faiz respondent iqtisadi stabilliyin \u0259h\u0259miyy\u0259tini prioritet hesab etmi\u015fdir. Halbuki, bir ne\u00e7\u0259 ay \u0259vv\u0259l ke\u00e7iril\u0259n sor\u011fularda tamam f\u0259rqli m\u0259nz\u0259r\u0259 \u00fcz\u0259 \u00e7\u0131x\u0131rd\u0131. ARANTV.AZ bildirir ki, bunu Trend-\u0259 politoloq Ceyhun \u018fhm\u0259dli deyib. C.\u018fhm\u0259dli bildirib ki, ictimai r\u0259yin bird\u0259n-bir\u0259 d\u0259yi\u015fm\u0259si s\u0259rh\u0259dd\u0259 ya\u015fanan insidentl\u0259rl\u0259 bilavasit\u0259 ba\u011fl\u0131d\u0131r: &#8220;G\u00fcman ki, t\u0259xribat t\u00f6r\u0259d\u0259n erm\u0259ni h\u0259rb\u00e7il\u0259rinin r\u0259zil-r\u00fcsvay v\u0259ziyy\u0259t\u0259 d\u00fc\u015fm\u0259si v\u0259 Az\u0259rbaycan&hellip;<\/p>\n","protected":false},"author":2,"featured_media":342660,"comment_status":"closed","ping_status":"closed","sticky":false,"template":"","format":"standard","meta":{"om_disable_all_campaigns":false,"_monsterinsights_skip_tracking":false,"_monsterinsights_sitenote_active":false,"_monsterinsights_sitenote_note":"","_monsterinsights_sitenote_category":0},"categories":[4],"tags":[],"aioseo_notices":[],"gutentor_comment":0,"rttpg_featured_image_url":{"full":["https:\/\/arantv.az\/wp-content\/uploads\/2021\/06\/953230.jpg",410,307,false],"landscape":["https:\/\/arantv.az\/wp-content\/uploads\/2021\/06\/953230.jpg",410,307,false],"portraits":["https:\/\/arantv.az\/wp-content\/uploads\/2021\/06\/953230.jpg",410,307,false],"thumbnail":["https:\/\/arantv.az\/wp-content\/uploads\/2021\/06\/953230-410x280.jpg",410,280,true],"medium":["https:\/\/arantv.az\/wp-content\/uploads\/2021\/06\/953230.jpg",410,307,false],"large":["https:\/\/arantv.az\/wp-content\/uploads\/2021\/06\/953230.jpg",410,307,false],"1536x1536":["https:\/\/arantv.az\/wp-content\/uploads\/2021\/06\/953230.jpg",410,307,false],"2048x2048":["https:\/\/arantv.az\/wp-content\/uploads\/2021\/06\/953230.jpg",410,307,false],"post-thumbnail":["https:\/\/arantv.az\/wp-content\/uploads\/2021\/06\/953230-240x172.jpg",240,172,true],"advps-thumb-one":["https:\/\/arantv.az\/wp-content\/uploads\/2021\/06\/953230.jpg",410,307,false]},"rttpg_author":{"display_name":"V\u00fcsal Rafiqo\u011flu","author_link":"https:\/\/arantv.az\/?author=2"},"rttpg_comment":0,"rttpg_category":"<a href=\"https:\/\/arantv.az\/?cat=4\" rel=\"category\">Siyas\u0259t<\/a>","rttpg_excerpt":"Erm\u0259ni h\u0259rb\u00e7il\u0259rin s\u0259rh\u0259dd\u0259 t\u00f6r\u0259tdiyi t\u0259xribatlar Erm\u0259nistanda se\u00e7kiqaba\u011f\u0131 ictimai r\u0259yin formala\u015fmas\u0131na ciddi t\u0259sir g\u00f6st\u0259rm\u0259kd\u0259dir. Bel\u0259 ki, bir ne\u00e7\u0259 g\u00fcn \u0259vv\u0259l ke\u00e7iril\u0259n sosioloji sor\u011fuda r\u0259yi soru\u015fulanlar\u0131n t\u0259qrib\u0259n 32 faizi Erm\u0259nistanda t\u0259hl\u00fck\u0259sizlik t\u0259minat\u0131n\u0131n \u0259n aktual m\u0259s\u0259l\u0259 oldu\u011funu ifad\u0259 edib. Yaln\u0131z 13 faiz respondent iqtisadi stabilliyin \u0259h\u0259miyy\u0259tini prioritet hesab etmi\u015fdir. Halbuki, bir ne\u00e7\u0259 ay \u0259vv\u0259l ke\u00e7iril\u0259n sor\u011fularda tamam f\u0259rqli&hellip;","_links":{"self":[{"href":"https:\/\/arantv.az\/index.php?rest_route=\/wp\/v2\/posts\/342659"}],"collection":[{"href":"https:\/\/arantv.az\/index.php?rest_route=\/wp\/v2\/posts"}],"about":[{"href":"https:\/\/arantv.az\/index.php?rest_route=\/wp\/v2\/types\/post"}],"author":[{"embeddable":true,"href":"https:\/\/arantv.az\/index.php?rest_route=\/wp\/v2\/users\/2"}],"replies":[{"embeddable":true,"href":"https:\/\/arantv.az\/index.php?rest_route=%2Fwp%2Fv2%2Fcomments&post=342659"}],"version-history":[{"count":0,"href":"https:\/\/arantv.az\/index.php?rest_route=\/wp\/v2\/posts\/342659\/revisions"}],"wp:featuredmedia":[{"embeddable":true,"href":"https:\/\/arantv.az\/index.php?rest_route=\/wp\/v2\/media\/342660"}],"wp:attachment":[{"href":"https:\/\/arantv.az\/index.php?rest_route=%2Fwp%2Fv2%2Fmedia&parent=342659"}],"wp:term":[{"taxonomy":"category","embeddable":true,"href":"https:\/\/arantv.az\/index.php?rest_route=%2Fwp%2Fv2%2Fcategories&post=342659"},{"taxonomy":"post_tag","embeddable":true,"href":"https:\/\/arantv.az\/index.php?rest_route=%2Fwp%2Fv2%2Ftags&post=342659"}],"curies":[{"name":"wp","href":"https:\/\/api.w.org\/{rel}","templated":true}]}}