{"id":342662,"date":"2021-06-02T07:19:16","date_gmt":"2021-06-02T04:19:16","guid":{"rendered":"http:\/\/arantv.az\/?p=342662"},"modified":"2021-06-02T07:19:16","modified_gmt":"2021-06-02T04:19:16","slug":"abseron-sakini-ozunu-14-cu-m%c9%99rt%c9%99b%c9%99d%c9%99n-atib","status":"publish","type":"post","link":"https:\/\/arantv.az\/?p=342662","title":{"rendered":"Ab\u015feron sakini \u00f6z\u00fcn\u00fc 14-c\u00fc m\u0259rt\u0259b\u0259d\u0259n at\u0131b"},"content":{"rendered":"<p>Ab\u015feronda intihar hadis\u0259si ba\u015f verib.<\/p>\n<p><strong>ARANTV.AZ<\/strong>\u00a0 APA-ya istinad\u0259n bildirir ki, hadis\u0259 Saray q\u0259s\u0259b\u0259sind\u0259 yerl\u0259\u015f\u0259n h\u00fcnd\u00fcrm\u0259rt\u0259b\u0259li binalar\u0131n birind\u0259 qeyd\u0259 al\u0131n\u0131b.<\/p>\n<p>H\u0259l\u0259lik \u015f\u0259xsiyy\u0259ti bilinm\u0259y\u0259n, t\u0259xmin\u0259n 45-50 ya\u015fl\u0131 ki\u015fi \u00f6z\u00fcn\u00fc binan\u0131n 14-c\u00fc m\u0259rt\u0259b\u0259sind\u0259n at\u0131b. O, hadis\u0259 yerind\u0259 \u00f6l\u00fcb.<\/p>\n<p>Meyit m\u00fcayin\u0259 olunmas\u0131 \u00fc\u00e7\u00fcn morqa t\u0259hvil verilib. \u0130ntihar\u0131n s\u0259b\u0259bl\u0259ri v\u0259 \u00f6l\u0259n \u015f\u0259xsin kimliyi ara\u015fd\u0131r\u0131l\u0131r.<\/p>\n<p>Faktla ba\u011fl\u0131 Ab\u015feron Rayon Prokurorlu\u011funda Cinay\u0259t M\u0259c\u0259ll\u0259sinin 125-ci madd\u0259si il\u0259 cinay\u0259t i\u015fi ba\u015flan\u0131l\u0131b.<\/p>\n","protected":false},"excerpt":{"rendered":"<p>Ab\u015feronda intihar hadis\u0259si ba\u015f verib. ARANTV.AZ\u00a0 APA-ya istinad\u0259n bildirir ki, hadis\u0259 Saray q\u0259s\u0259b\u0259sind\u0259 yerl\u0259\u015f\u0259n h\u00fcnd\u00fcrm\u0259rt\u0259b\u0259li binalar\u0131n birind\u0259 qeyd\u0259 al\u0131n\u0131b. H\u0259l\u0259lik \u015f\u0259xsiyy\u0259ti bilinm\u0259y\u0259n, t\u0259xmin\u0259n 45-50 ya\u015fl\u0131 ki\u015fi \u00f6z\u00fcn\u00fc binan\u0131n 14-c\u00fc m\u0259rt\u0259b\u0259sind\u0259n at\u0131b. O, hadis\u0259 yerind\u0259 \u00f6l\u00fcb. Meyit m\u00fcayin\u0259 olunmas\u0131 \u00fc\u00e7\u00fcn morqa t\u0259hvil verilib. \u0130ntihar\u0131n s\u0259b\u0259bl\u0259ri v\u0259 \u00f6l\u0259n \u015f\u0259xsin kimliyi ara\u015fd\u0131r\u0131l\u0131r. Faktla ba\u011fl\u0131 Ab\u015feron Rayon Prokurorlu\u011funda Cinay\u0259t M\u0259c\u0259ll\u0259sinin 125-ci madd\u0259si il\u0259 cinay\u0259t i\u015fi ba\u015flan\u0131l\u0131b.<\/p>\n","protected":false},"author":2,"featured_media":342663,"comment_status":"closed","ping_status":"closed","sticky":false,"template":"","format":"standard","meta":{"om_disable_all_campaigns":false,"_monsterinsights_skip_tracking":false,"_monsterinsights_sitenote_active":false,"_monsterinsights_sitenote_note":"","_monsterinsights_sitenote_category":0},"categories":[5],"tags":[],"aioseo_notices":[],"gutentor_comment":0,"rttpg_featured_image_url":{"full":["https:\/\/arantv.az\/wp-content\/uploads\/2021\/06\/953226.jpg",1200,800,false],"landscape":["https:\/\/arantv.az\/wp-content\/uploads\/2021\/06\/953226.jpg",1200,800,false],"portraits":["https:\/\/arantv.az\/wp-content\/uploads\/2021\/06\/953226.jpg",1200,800,false],"thumbnail":["https:\/\/arantv.az\/wp-content\/uploads\/2021\/06\/953226-500x280.jpg",500,280,true],"medium":["https:\/\/arantv.az\/wp-content\/uploads\/2021\/06\/953226-548x365.jpg",548,365,true],"large":["https:\/\/arantv.az\/wp-content\/uploads\/2021\/06\/953226-840x560.jpg",640,427,true],"1536x1536":["https:\/\/arantv.az\/wp-content\/uploads\/2021\/06\/953226.jpg",1200,800,false],"2048x2048":["https:\/\/arantv.az\/wp-content\/uploads\/2021\/06\/953226.jpg",1200,800,false],"post-thumbnail":["https:\/\/arantv.az\/wp-content\/uploads\/2021\/06\/953226-240x172.jpg",240,172,true],"advps-thumb-one":["https:\/\/arantv.az\/wp-content\/uploads\/2021\/06\/953226-1200x620.jpg",1200,620,true]},"rttpg_author":{"display_name":"V\u00fcsal Rafiqo\u011flu","author_link":"https:\/\/arantv.az\/?author=2"},"rttpg_comment":0,"rttpg_category":"<a href=\"https:\/\/arantv.az\/?cat=5\" rel=\"category\">Hadis\u0259<\/a>","rttpg_excerpt":"Ab\u015feronda intihar hadis\u0259si ba\u015f verib. ARANTV.AZ\u00a0 APA-ya istinad\u0259n bildirir ki, hadis\u0259 Saray q\u0259s\u0259b\u0259sind\u0259 yerl\u0259\u015f\u0259n h\u00fcnd\u00fcrm\u0259rt\u0259b\u0259li binalar\u0131n birind\u0259 qeyd\u0259 al\u0131n\u0131b. H\u0259l\u0259lik \u015f\u0259xsiyy\u0259ti bilinm\u0259y\u0259n, t\u0259xmin\u0259n 45-50 ya\u015fl\u0131 ki\u015fi \u00f6z\u00fcn\u00fc binan\u0131n 14-c\u00fc m\u0259rt\u0259b\u0259sind\u0259n at\u0131b. O, hadis\u0259 yerind\u0259 \u00f6l\u00fcb. Meyit m\u00fcayin\u0259 olunmas\u0131 \u00fc\u00e7\u00fcn morqa t\u0259hvil verilib. \u0130ntihar\u0131n s\u0259b\u0259bl\u0259ri v\u0259 \u00f6l\u0259n \u015f\u0259xsin kimliyi ara\u015fd\u0131r\u0131l\u0131r. Faktla ba\u011fl\u0131 Ab\u015feron Rayon Prokurorlu\u011funda Cinay\u0259t&hellip;","_links":{"self":[{"href":"https:\/\/arantv.az\/index.php?rest_route=\/wp\/v2\/posts\/342662"}],"collection":[{"href":"https:\/\/arantv.az\/index.php?rest_route=\/wp\/v2\/posts"}],"about":[{"href":"https:\/\/arantv.az\/index.php?rest_route=\/wp\/v2\/types\/post"}],"author":[{"embeddable":true,"href":"https:\/\/arantv.az\/index.php?rest_route=\/wp\/v2\/users\/2"}],"replies":[{"embeddable":true,"href":"https:\/\/arantv.az\/index.php?rest_route=%2Fwp%2Fv2%2Fcomments&post=342662"}],"version-history":[{"count":0,"href":"https:\/\/arantv.az\/index.php?rest_route=\/wp\/v2\/posts\/342662\/revisions"}],"wp:featuredmedia":[{"embeddable":true,"href":"https:\/\/arantv.az\/index.php?rest_route=\/wp\/v2\/media\/342663"}],"wp:attachment":[{"href":"https:\/\/arantv.az\/index.php?rest_route=%2Fwp%2Fv2%2Fmedia&parent=342662"}],"wp:term":[{"taxonomy":"category","embeddable":true,"href":"https:\/\/arantv.az\/index.php?rest_route=%2Fwp%2Fv2%2Fcategories&post=342662"},{"taxonomy":"post_tag","embeddable":true,"href":"https:\/\/arantv.az\/index.php?rest_route=%2Fwp%2Fv2%2Ftags&post=342662"}],"curies":[{"name":"wp","href":"https:\/\/api.w.org\/{rel}","templated":true}]}}