{"id":342675,"date":"2021-06-02T08:15:50","date_gmt":"2021-06-02T05:15:50","guid":{"rendered":"http:\/\/arantv.az\/?p=342675"},"modified":"2021-06-02T08:15:50","modified_gmt":"2021-06-02T05:15:50","slug":"cind%c9%99-d%c9%99hs%c9%99tli-tufan-1-n%c9%99f%c9%99r-olub-16-n%c9%99f%c9%99r-yaralanib","status":"publish","type":"post","link":"https:\/\/arantv.az\/?p=342675","title":{"rendered":"\u00c7ind\u0259 d\u0259h\u015f\u0259tli tufan: 1 n\u0259f\u0259r \u00f6l\u00fcb, 16 n\u0259f\u0259r yaralan\u0131b"},"content":{"rendered":"<p><strong>\u00c7inin Heylincian vilay\u0259tind\u0259 \u015ean\u00e7ji \u015f\u0259h\u0259rind\u0259 ba\u015f ver\u0259n tufan n\u0259tic\u0259sind\u0259 \u0259n az bir n\u0259f\u0259r \u00f6l\u00fcb, 16 n\u0259f\u0259r yaralan\u0131b.<\/strong><\/p>\n<p><strong>ARANTV.AZ<\/strong>\u00a0 <a href=\"https:\/\/az.trend.az\/\" target=\"_blank\" rel=\"noopener\">Trend<\/a>-\u0259 istinad\u0259n bildirir ki,\u00a0bu bar\u0259d\u0259 CGTN televiziya kanal\u0131 yerli hakimiyy\u0259t orqanlar\u0131na istinad\u0259n bildirib.<\/p>\n<p>M\u0259lumata \u0259sas\u0259n, b\u00fct\u00fcn x\u0259sar\u0259t alanlara tibbi yard\u0131m g\u00f6st\u0259rilir, onlardan birinin v\u0259ziyy\u0259ti a\u011f\u0131rd\u0131r.<\/p>\n<p>Bildirilib ki, f\u0259lak\u0259t \u00f6t\u0259n g\u00fcn ax\u015fam\u0131 yerli vaxtla saat 17:30-18:00 aras\u0131nda ba\u015f verib. G\u00fccl\u00fc k\u00fcl\u0259k dolu il\u0259 m\u00fc\u015fayi\u0259t olunub.<\/p>\n","protected":false},"excerpt":{"rendered":"<p>\u00c7inin Heylincian vilay\u0259tind\u0259 \u015ean\u00e7ji \u015f\u0259h\u0259rind\u0259 ba\u015f ver\u0259n tufan n\u0259tic\u0259sind\u0259 \u0259n az bir n\u0259f\u0259r \u00f6l\u00fcb, 16 n\u0259f\u0259r yaralan\u0131b. ARANTV.AZ\u00a0 Trend-\u0259 istinad\u0259n bildirir ki,\u00a0bu bar\u0259d\u0259 CGTN televiziya kanal\u0131 yerli hakimiyy\u0259t orqanlar\u0131na istinad\u0259n bildirib. M\u0259lumata \u0259sas\u0259n, b\u00fct\u00fcn x\u0259sar\u0259t alanlara tibbi yard\u0131m g\u00f6st\u0259rilir, onlardan birinin v\u0259ziyy\u0259ti a\u011f\u0131rd\u0131r. Bildirilib ki, f\u0259lak\u0259t \u00f6t\u0259n g\u00fcn ax\u015fam\u0131 yerli vaxtla saat 17:30-18:00 aras\u0131nda ba\u015f verib. G\u00fccl\u00fc k\u00fcl\u0259k dolu il\u0259 m\u00fc\u015fayi\u0259t olunub.<\/p>\n","protected":false},"author":2,"featured_media":342676,"comment_status":"closed","ping_status":"closed","sticky":false,"template":"","format":"standard","meta":{"om_disable_all_campaigns":false,"_monsterinsights_skip_tracking":false,"_monsterinsights_sitenote_active":false,"_monsterinsights_sitenote_note":"","_monsterinsights_sitenote_category":0},"categories":[7],"tags":[],"aioseo_notices":[],"gutentor_comment":0,"rttpg_featured_image_url":{"full":["https:\/\/arantv.az\/wp-content\/uploads\/2021\/06\/953248.jpg",800,600,false],"landscape":["https:\/\/arantv.az\/wp-content\/uploads\/2021\/06\/953248.jpg",800,600,false],"portraits":["https:\/\/arantv.az\/wp-content\/uploads\/2021\/06\/953248.jpg",800,600,false],"thumbnail":["https:\/\/arantv.az\/wp-content\/uploads\/2021\/06\/953248-500x280.jpg",500,280,true],"medium":["https:\/\/arantv.az\/wp-content\/uploads\/2021\/06\/953248-487x365.jpg",487,365,true],"large":["https:\/\/arantv.az\/wp-content\/uploads\/2021\/06\/953248.jpg",640,480,false],"1536x1536":["https:\/\/arantv.az\/wp-content\/uploads\/2021\/06\/953248.jpg",800,600,false],"2048x2048":["https:\/\/arantv.az\/wp-content\/uploads\/2021\/06\/953248.jpg",800,600,false],"post-thumbnail":["https:\/\/arantv.az\/wp-content\/uploads\/2021\/06\/953248-240x172.jpg",240,172,true],"advps-thumb-one":["https:\/\/arantv.az\/wp-content\/uploads\/2021\/06\/953248.jpg",800,600,false]},"rttpg_author":{"display_name":"V\u00fcsal Rafiqo\u011flu","author_link":"https:\/\/arantv.az\/?author=2"},"rttpg_comment":0,"rttpg_category":"<a href=\"https:\/\/arantv.az\/?cat=7\" rel=\"category\">D\u00fcnya<\/a>","rttpg_excerpt":"\u00c7inin Heylincian vilay\u0259tind\u0259 \u015ean\u00e7ji \u015f\u0259h\u0259rind\u0259 ba\u015f ver\u0259n tufan n\u0259tic\u0259sind\u0259 \u0259n az bir n\u0259f\u0259r \u00f6l\u00fcb, 16 n\u0259f\u0259r yaralan\u0131b. ARANTV.AZ\u00a0 Trend-\u0259 istinad\u0259n bildirir ki,\u00a0bu bar\u0259d\u0259 CGTN televiziya kanal\u0131 yerli hakimiyy\u0259t orqanlar\u0131na istinad\u0259n bildirib. M\u0259lumata \u0259sas\u0259n, b\u00fct\u00fcn x\u0259sar\u0259t alanlara tibbi yard\u0131m g\u00f6st\u0259rilir, onlardan birinin v\u0259ziyy\u0259ti a\u011f\u0131rd\u0131r. Bildirilib ki, f\u0259lak\u0259t \u00f6t\u0259n g\u00fcn ax\u015fam\u0131 yerli vaxtla saat 17:30-18:00 aras\u0131nda ba\u015f&hellip;","_links":{"self":[{"href":"https:\/\/arantv.az\/index.php?rest_route=\/wp\/v2\/posts\/342675"}],"collection":[{"href":"https:\/\/arantv.az\/index.php?rest_route=\/wp\/v2\/posts"}],"about":[{"href":"https:\/\/arantv.az\/index.php?rest_route=\/wp\/v2\/types\/post"}],"author":[{"embeddable":true,"href":"https:\/\/arantv.az\/index.php?rest_route=\/wp\/v2\/users\/2"}],"replies":[{"embeddable":true,"href":"https:\/\/arantv.az\/index.php?rest_route=%2Fwp%2Fv2%2Fcomments&post=342675"}],"version-history":[{"count":0,"href":"https:\/\/arantv.az\/index.php?rest_route=\/wp\/v2\/posts\/342675\/revisions"}],"wp:featuredmedia":[{"embeddable":true,"href":"https:\/\/arantv.az\/index.php?rest_route=\/wp\/v2\/media\/342676"}],"wp:attachment":[{"href":"https:\/\/arantv.az\/index.php?rest_route=%2Fwp%2Fv2%2Fmedia&parent=342675"}],"wp:term":[{"taxonomy":"category","embeddable":true,"href":"https:\/\/arantv.az\/index.php?rest_route=%2Fwp%2Fv2%2Fcategories&post=342675"},{"taxonomy":"post_tag","embeddable":true,"href":"https:\/\/arantv.az\/index.php?rest_route=%2Fwp%2Fv2%2Ftags&post=342675"}],"curies":[{"name":"wp","href":"https:\/\/api.w.org\/{rel}","templated":true}]}}