{"id":342684,"date":"2021-06-02T08:18:27","date_gmt":"2021-06-02T05:18:27","guid":{"rendered":"http:\/\/arantv.az\/?p=342684"},"modified":"2021-06-02T08:18:27","modified_gmt":"2021-06-02T05:18:27","slug":"v%c9%99t%c9%99n-muharib%c9%99sinin-daha-bir-s%c9%99hidinin-ovladi-dunyaya-g%c9%99lib","status":"publish","type":"post","link":"https:\/\/arantv.az\/?p=342684","title":{"rendered":"V\u0259t\u0259n m\u00fcharib\u0259sinin daha bir \u015f\u0259hidinin \u00f6vlad\u0131 d\u00fcnyaya g\u0259lib"},"content":{"rendered":"<p>V\u0259t\u0259n m\u00fcharib\u0259si \u015f\u0259hidi Qubat \u018fliyevin ikinci \u00f6vlad\u0131 d\u00fcnyaya g\u0259lib.<\/p>\n<p><strong>ARANTV.AZ\u00a0<\/strong> x\u0259b\u0259r verir ki, 44 g\u00fcnl\u00fck m\u00fcharib\u0259 zaman\u0131 \u015f\u0259hid olan Sumqay\u0131t \u015f\u0259h\u0259r sakini, 1994-c\u00fc il t\u0259v\u0259ll\u00fcdl\u00fc Qubat \u018fliyevin ikinci \u00f6vlad\u0131 d\u00fcnyaya g\u00f6z a\u00e7\u0131b. K\u00f6rp\u0259y\u0259 atas\u0131n\u0131n ad\u0131 verilib, onun s\u0259hh\u0259ti yax\u015f\u0131d\u0131r.<\/p>\n<p>Qeyd ed\u0259k ki, Q.\u018fliyev \u00f6t\u0259n ilin sentyabr\u0131nda k\u00f6n\u00fcll\u00fc olaraq m\u00fcharib\u0259y\u0259 gedib. O, C\u0259bray\u0131l, F\u00fczuli, Z\u0259ngilan, Xocav\u0259ndin azad edilm\u0259sind\u0259 yax\u0131ndan i\u015ftirak edib. Bir s\u0131ra a\u011f\u0131r \u0259m\u0259liyyatlarda \u015f\u00fcca\u0259t g\u00f6st\u0259rib. Q.\u018fliyev Xocav\u0259ndd\u0259n \u201cQ\u0131rm\u0131z\u0131 bazar\u201d istiqam\u0259tind\u0259 ged\u0259n zaman, \u015eu\u015fa \u0259razisind\u0259 q\u0259hr\u0259mancas\u0131na \u015f\u0259hid olub.<\/p>\n<p>\u015e\u0259hid noyabr\u0131n 11-d\u0259 Sumqay\u0131t\u0131n \u015e\u0259hidl\u0259r Xiyaban\u0131nda d\u0259fn edilib.<\/p>\n","protected":false},"excerpt":{"rendered":"<p>V\u0259t\u0259n m\u00fcharib\u0259si \u015f\u0259hidi Qubat \u018fliyevin ikinci \u00f6vlad\u0131 d\u00fcnyaya g\u0259lib. ARANTV.AZ\u00a0 x\u0259b\u0259r verir ki, 44 g\u00fcnl\u00fck m\u00fcharib\u0259 zaman\u0131 \u015f\u0259hid olan Sumqay\u0131t \u015f\u0259h\u0259r sakini, 1994-c\u00fc il t\u0259v\u0259ll\u00fcdl\u00fc Qubat \u018fliyevin ikinci \u00f6vlad\u0131 d\u00fcnyaya g\u00f6z a\u00e7\u0131b. K\u00f6rp\u0259y\u0259 atas\u0131n\u0131n ad\u0131 verilib, onun s\u0259hh\u0259ti yax\u015f\u0131d\u0131r. Qeyd ed\u0259k ki, Q.\u018fliyev \u00f6t\u0259n ilin sentyabr\u0131nda k\u00f6n\u00fcll\u00fc olaraq m\u00fcharib\u0259y\u0259 gedib. O, C\u0259bray\u0131l, F\u00fczuli, Z\u0259ngilan, Xocav\u0259ndin azad edilm\u0259sind\u0259 yax\u0131ndan i\u015ftirak edib. Bir s\u0131ra a\u011f\u0131r \u0259m\u0259liyyatlarda \u015f\u00fcca\u0259t g\u00f6st\u0259rib. Q.\u018fliyev Xocav\u0259ndd\u0259n \u201cQ\u0131rm\u0131z\u0131 bazar\u201d istiqam\u0259tind\u0259 ged\u0259n zaman, \u015eu\u015fa \u0259razisind\u0259 q\u0259hr\u0259mancas\u0131na \u015f\u0259hid olub. \u015e\u0259hid noyabr\u0131n 11-d\u0259 Sumqay\u0131t\u0131n \u015e\u0259hidl\u0259r Xiyaban\u0131nda d\u0259fn edilib.<\/p>\n","protected":false},"author":2,"featured_media":342685,"comment_status":"closed","ping_status":"closed","sticky":false,"template":"","format":"standard","meta":{"om_disable_all_campaigns":false,"_monsterinsights_skip_tracking":false,"_monsterinsights_sitenote_active":false,"_monsterinsights_sitenote_note":"","_monsterinsights_sitenote_category":0},"categories":[26],"tags":[],"aioseo_notices":[],"gutentor_comment":0,"rttpg_featured_image_url":{"full":["https:\/\/arantv.az\/wp-content\/uploads\/2021\/06\/6459257d162260729783721385310909208.jpg",975,540,false],"landscape":["https:\/\/arantv.az\/wp-content\/uploads\/2021\/06\/6459257d162260729783721385310909208.jpg",975,540,false],"portraits":["https:\/\/arantv.az\/wp-content\/uploads\/2021\/06\/6459257d162260729783721385310909208.jpg",975,540,false],"thumbnail":["https:\/\/arantv.az\/wp-content\/uploads\/2021\/06\/6459257d162260729783721385310909208-500x280.jpg",500,280,true],"medium":["https:\/\/arantv.az\/wp-content\/uploads\/2021\/06\/6459257d162260729783721385310909208-660x365.jpg",660,365,true],"large":["https:\/\/arantv.az\/wp-content\/uploads\/2021\/06\/6459257d162260729783721385310909208-840x465.jpg",640,354,true],"1536x1536":["https:\/\/arantv.az\/wp-content\/uploads\/2021\/06\/6459257d162260729783721385310909208.jpg",975,540,false],"2048x2048":["https:\/\/arantv.az\/wp-content\/uploads\/2021\/06\/6459257d162260729783721385310909208.jpg",975,540,false],"post-thumbnail":["https:\/\/arantv.az\/wp-content\/uploads\/2021\/06\/6459257d162260729783721385310909208-240x172.jpg",240,172,true],"advps-thumb-one":["https:\/\/arantv.az\/wp-content\/uploads\/2021\/06\/6459257d162260729783721385310909208.jpg",975,540,false]},"rttpg_author":{"display_name":"V\u00fcsal Rafiqo\u011flu","author_link":"https:\/\/arantv.az\/?author=2"},"rttpg_comment":0,"rttpg_category":"<a href=\"https:\/\/arantv.az\/?cat=26\" rel=\"category\">Sosial<\/a>","rttpg_excerpt":"V\u0259t\u0259n m\u00fcharib\u0259si \u015f\u0259hidi Qubat \u018fliyevin ikinci \u00f6vlad\u0131 d\u00fcnyaya g\u0259lib. ARANTV.AZ\u00a0 x\u0259b\u0259r verir ki, 44 g\u00fcnl\u00fck m\u00fcharib\u0259 zaman\u0131 \u015f\u0259hid olan Sumqay\u0131t \u015f\u0259h\u0259r sakini, 1994-c\u00fc il t\u0259v\u0259ll\u00fcdl\u00fc Qubat \u018fliyevin ikinci \u00f6vlad\u0131 d\u00fcnyaya g\u00f6z a\u00e7\u0131b. K\u00f6rp\u0259y\u0259 atas\u0131n\u0131n ad\u0131 verilib, onun s\u0259hh\u0259ti yax\u015f\u0131d\u0131r. Qeyd ed\u0259k ki, Q.\u018fliyev \u00f6t\u0259n ilin sentyabr\u0131nda k\u00f6n\u00fcll\u00fc olaraq m\u00fcharib\u0259y\u0259 gedib. O, C\u0259bray\u0131l, F\u00fczuli, Z\u0259ngilan, Xocav\u0259ndin&hellip;","_links":{"self":[{"href":"https:\/\/arantv.az\/index.php?rest_route=\/wp\/v2\/posts\/342684"}],"collection":[{"href":"https:\/\/arantv.az\/index.php?rest_route=\/wp\/v2\/posts"}],"about":[{"href":"https:\/\/arantv.az\/index.php?rest_route=\/wp\/v2\/types\/post"}],"author":[{"embeddable":true,"href":"https:\/\/arantv.az\/index.php?rest_route=\/wp\/v2\/users\/2"}],"replies":[{"embeddable":true,"href":"https:\/\/arantv.az\/index.php?rest_route=%2Fwp%2Fv2%2Fcomments&post=342684"}],"version-history":[{"count":0,"href":"https:\/\/arantv.az\/index.php?rest_route=\/wp\/v2\/posts\/342684\/revisions"}],"wp:featuredmedia":[{"embeddable":true,"href":"https:\/\/arantv.az\/index.php?rest_route=\/wp\/v2\/media\/342685"}],"wp:attachment":[{"href":"https:\/\/arantv.az\/index.php?rest_route=%2Fwp%2Fv2%2Fmedia&parent=342684"}],"wp:term":[{"taxonomy":"category","embeddable":true,"href":"https:\/\/arantv.az\/index.php?rest_route=%2Fwp%2Fv2%2Fcategories&post=342684"},{"taxonomy":"post_tag","embeddable":true,"href":"https:\/\/arantv.az\/index.php?rest_route=%2Fwp%2Fv2%2Ftags&post=342684"}],"curies":[{"name":"wp","href":"https:\/\/api.w.org\/{rel}","templated":true}]}}