{"id":342693,"date":"2021-06-02T09:00:26","date_gmt":"2021-06-02T06:00:26","guid":{"rendered":"http:\/\/arantv.az\/?p=342693"},"modified":"2021-06-02T09:00:26","modified_gmt":"2021-06-02T06:00:26","slug":"az%c9%99rbaycanli-teleaparici-v%c9%99fat-etdi-olumunun-t%c9%99f%c9%99rruati-yenil%c9%99nib","status":"publish","type":"post","link":"https:\/\/arantv.az\/?p=342693","title":{"rendered":"Az\u0259rbaycanl\u0131 teleapar\u0131c\u0131 v\u0259fat etdi &#8211; \u00d6L\u00dcM\u00dcN\u00dcN T\u018fF\u018fRR\u00dcATI + YEN\u0130L\u018fN\u0130B"},"content":{"rendered":"<p>Tan\u0131nm\u0131\u015f apar\u0131c\u0131 \u015eamil Famillinin v\u0259fat\u0131 il\u0259 ba\u011fl\u0131 b\u0259zi detallar ortaya \u00e7\u0131x\u0131b.<\/p>\n<p>\u201cQafqazinfo\u201d x\u0259b\u0259r verir ki, ilkin m\u0259lumata \u0259sas\u0259n, apar\u0131c\u0131 d\u00fcnyas\u0131n\u0131 d\u0259yi\u015f\u0259nd\u0259n iki g\u00fcn sonra evind\u0259 tap\u0131l\u0131b. O, hamam ota\u011f\u0131ndan \u00e7\u0131xark\u0259n m\u00fcvazin\u0259tini itir\u0259r\u0259k y\u0131x\u0131l\u0131b. N\u0259tic\u0259d\u0259 ba\u015f\u0131ndan a\u011f\u0131r x\u0259sar\u0259t alan apar\u0131c\u0131 hadis\u0259 yerind\u0259c\u0259 h\u0259yat\u0131n\u0131 itirib.<\/p>\n<p>\u015e. Famillinin yax\u0131nlar\u0131 sonuncu d\u0259f\u0259 may\u0131n 31-d\u0259 onunla \u0259laq\u0259 saxlad\u0131qlar\u0131n\u0131 qeyd edibl\u0259r. Ondan iki g\u00fcn x\u0259b\u0259r almad\u0131qlar\u0131n\u0131, bundan sonra h\u0259r\u0259k\u0259t\u0259 ke\u00e7dikl\u0259rini bildiribl\u0259r.<\/p>\n<div id=\"AdviadNativeVideo0\" class=\"AdviadNativeVideo\"><\/div>\n<p>Apar\u0131c\u0131n\u0131n n\u0259\u015fi tibbi ekspertizaya g\u00f6nd\u0259rilib.<\/p>\n<p><strong>09.00<\/strong><\/p>\n<p>M\u0259\u015fhur az\u0259rbaycanl\u0131 teleapar\u0131c\u0131 \u015eamil Familli v\u0259fat edib.<\/p>\n<p>Bu bar\u0259d\u0259 ARB telekanal\u0131 m\u0259lumat yay\u0131b.<\/p>\n<p>\u015e.Famillinin \u00f6l\u00fcm s\u0259b\u0259bi h\u0259l\u0259lik a\u00e7\u0131qlanmay\u0131b<\/p>\n<p>Qeyd ed\u0259k ki, \u015e.Familli 1990-c\u0131 ill\u0259rd\u0259 televiziya m\u0259kanlar\u0131nda \u0259n \u00f6nd\u0259 olan simalardan biri kimi f\u0259aliyy\u0259t g\u00f6st\u0259rib. Son ill\u0259rd\u0259 ARB televiziyas\u0131nda \u201cBazar D\u00fcz\u00fc\u201d proqram\u0131n\u0131n apar\u0131c\u0131s\u0131 idi.<\/p>\n","protected":false},"excerpt":{"rendered":"<p>Tan\u0131nm\u0131\u015f apar\u0131c\u0131 \u015eamil Famillinin v\u0259fat\u0131 il\u0259 ba\u011fl\u0131 b\u0259zi detallar ortaya \u00e7\u0131x\u0131b. \u201cQafqazinfo\u201d x\u0259b\u0259r verir ki, ilkin m\u0259lumata \u0259sas\u0259n, apar\u0131c\u0131 d\u00fcnyas\u0131n\u0131 d\u0259yi\u015f\u0259nd\u0259n iki g\u00fcn sonra evind\u0259 tap\u0131l\u0131b. O, hamam ota\u011f\u0131ndan \u00e7\u0131xark\u0259n m\u00fcvazin\u0259tini itir\u0259r\u0259k y\u0131x\u0131l\u0131b. N\u0259tic\u0259d\u0259 ba\u015f\u0131ndan a\u011f\u0131r x\u0259sar\u0259t alan apar\u0131c\u0131 hadis\u0259 yerind\u0259c\u0259 h\u0259yat\u0131n\u0131 itirib. \u015e. Famillinin yax\u0131nlar\u0131 sonuncu d\u0259f\u0259 may\u0131n 31-d\u0259 onunla \u0259laq\u0259 saxlad\u0131qlar\u0131n\u0131 qeyd edibl\u0259r. Ondan iki g\u00fcn x\u0259b\u0259r almad\u0131qlar\u0131n\u0131, bundan sonra h\u0259r\u0259k\u0259t\u0259 ke\u00e7dikl\u0259rini bildiribl\u0259r. Apar\u0131c\u0131n\u0131n n\u0259\u015fi tibbi ekspertizaya g\u00f6nd\u0259rilib. 09.00 M\u0259\u015fhur az\u0259rbaycanl\u0131 teleapar\u0131c\u0131 \u015eamil Familli v\u0259fat edib. Bu bar\u0259d\u0259 ARB telekanal\u0131 m\u0259lumat yay\u0131b. \u015e.Famillinin \u00f6l\u00fcm s\u0259b\u0259bi h\u0259l\u0259lik a\u00e7\u0131qlanmay\u0131b Qeyd&hellip;<\/p>\n","protected":false},"author":2,"featured_media":342666,"comment_status":"closed","ping_status":"closed","sticky":false,"template":"","format":"standard","meta":{"om_disable_all_campaigns":false,"_monsterinsights_skip_tracking":false,"_monsterinsights_sitenote_active":false,"_monsterinsights_sitenote_note":"","_monsterinsights_sitenote_category":0},"categories":[26],"tags":[],"aioseo_notices":[],"gutentor_comment":0,"rttpg_featured_image_url":{"full":["https:\/\/arantv.az\/wp-content\/uploads\/2021\/06\/samil_familli_020521.jpg",620,413,false],"landscape":["https:\/\/arantv.az\/wp-content\/uploads\/2021\/06\/samil_familli_020521.jpg",620,413,false],"portraits":["https:\/\/arantv.az\/wp-content\/uploads\/2021\/06\/samil_familli_020521.jpg",620,413,false],"thumbnail":["https:\/\/arantv.az\/wp-content\/uploads\/2021\/06\/samil_familli_020521-500x280.jpg",500,280,true],"medium":["https:\/\/arantv.az\/wp-content\/uploads\/2021\/06\/samil_familli_020521-548x365.jpg",548,365,true],"large":["https:\/\/arantv.az\/wp-content\/uploads\/2021\/06\/samil_familli_020521.jpg",620,413,false],"1536x1536":["https:\/\/arantv.az\/wp-content\/uploads\/2021\/06\/samil_familli_020521.jpg",620,413,false],"2048x2048":["https:\/\/arantv.az\/wp-content\/uploads\/2021\/06\/samil_familli_020521.jpg",620,413,false],"post-thumbnail":["https:\/\/arantv.az\/wp-content\/uploads\/2021\/06\/samil_familli_020521-240x172.jpg",240,172,true],"advps-thumb-one":["https:\/\/arantv.az\/wp-content\/uploads\/2021\/06\/samil_familli_020521.jpg",620,413,false]},"rttpg_author":{"display_name":"V\u00fcsal Rafiqo\u011flu","author_link":"https:\/\/arantv.az\/?author=2"},"rttpg_comment":0,"rttpg_category":"<a href=\"https:\/\/arantv.az\/?cat=26\" rel=\"category\">Sosial<\/a>","rttpg_excerpt":"Tan\u0131nm\u0131\u015f apar\u0131c\u0131 \u015eamil Famillinin v\u0259fat\u0131 il\u0259 ba\u011fl\u0131 b\u0259zi detallar ortaya \u00e7\u0131x\u0131b. \u201cQafqazinfo\u201d x\u0259b\u0259r verir ki, ilkin m\u0259lumata \u0259sas\u0259n, apar\u0131c\u0131 d\u00fcnyas\u0131n\u0131 d\u0259yi\u015f\u0259nd\u0259n iki g\u00fcn sonra evind\u0259 tap\u0131l\u0131b. O, hamam ota\u011f\u0131ndan \u00e7\u0131xark\u0259n m\u00fcvazin\u0259tini itir\u0259r\u0259k y\u0131x\u0131l\u0131b. N\u0259tic\u0259d\u0259 ba\u015f\u0131ndan a\u011f\u0131r x\u0259sar\u0259t alan apar\u0131c\u0131 hadis\u0259 yerind\u0259c\u0259 h\u0259yat\u0131n\u0131 itirib. \u015e. Famillinin yax\u0131nlar\u0131 sonuncu d\u0259f\u0259 may\u0131n 31-d\u0259 onunla \u0259laq\u0259 saxlad\u0131qlar\u0131n\u0131 qeyd edibl\u0259r.&hellip;","_links":{"self":[{"href":"https:\/\/arantv.az\/index.php?rest_route=\/wp\/v2\/posts\/342693"}],"collection":[{"href":"https:\/\/arantv.az\/index.php?rest_route=\/wp\/v2\/posts"}],"about":[{"href":"https:\/\/arantv.az\/index.php?rest_route=\/wp\/v2\/types\/post"}],"author":[{"embeddable":true,"href":"https:\/\/arantv.az\/index.php?rest_route=\/wp\/v2\/users\/2"}],"replies":[{"embeddable":true,"href":"https:\/\/arantv.az\/index.php?rest_route=%2Fwp%2Fv2%2Fcomments&post=342693"}],"version-history":[{"count":0,"href":"https:\/\/arantv.az\/index.php?rest_route=\/wp\/v2\/posts\/342693\/revisions"}],"wp:featuredmedia":[{"embeddable":true,"href":"https:\/\/arantv.az\/index.php?rest_route=\/wp\/v2\/media\/342666"}],"wp:attachment":[{"href":"https:\/\/arantv.az\/index.php?rest_route=%2Fwp%2Fv2%2Fmedia&parent=342693"}],"wp:term":[{"taxonomy":"category","embeddable":true,"href":"https:\/\/arantv.az\/index.php?rest_route=%2Fwp%2Fv2%2Fcategories&post=342693"},{"taxonomy":"post_tag","embeddable":true,"href":"https:\/\/arantv.az\/index.php?rest_route=%2Fwp%2Fv2%2Ftags&post=342693"}],"curies":[{"name":"wp","href":"https:\/\/api.w.org\/{rel}","templated":true}]}}