{"id":342695,"date":"2021-06-02T09:19:53","date_gmt":"2021-06-02T06:19:53","guid":{"rendered":"http:\/\/arantv.az\/?p=342695"},"modified":"2021-06-02T09:19:53","modified_gmt":"2021-06-02T06:19:53","slug":"aygun-kazimova-aciq-saciq-geyimi-il%c9%99-m%c9%99st-etdi-dadi-damagimizda-qalan-gec%c9%99-video","status":"publish","type":"post","link":"https:\/\/arantv.az\/?p=342695","title":{"rendered":"Ayg\u00fcn Kaz\u0131mova a\u00e7\u0131q-sa\u00e7\u0131q geyimi il\u0259 m\u0259st etdi: \u201cDad\u0131 dama\u011f\u0131m\u0131zda qalan gec\u0259\u201d &#8211; V\u0130DEO"},"content":{"rendered":"<article class=\"news\">\n<div class=\"news-inner\">\n<p>Xalq artisti Ayg\u00fcn Kaz\u0131mova a\u00e7\u0131q havada t\u0259\u015fkil edil\u0259n konsertind\u0259n yeni g\u00f6r\u00fcnt\u00fcl\u0259rini payla\u015f\u0131b.<\/p>\n<p>O, \u201cInstagram\u201d hesab\u0131ndan payla\u015fd\u0131\u011f\u0131 g\u00f6r\u00fcnt\u00fcy\u0259\u00a0\u201cdad\u0131 dama\u011f\u0131m\u0131zda qalan m\u00f6ht\u0259\u015f\u0259m gec\u0259\u201d \u015f\u0259rhini yaz\u0131b.<\/p>\n<div id=\"AdviadNativeVideo0\" class=\"AdviadNativeVideo\"><\/div>\n<p>M\u00fc\u011f\u0259nninin bu payla\u015f\u0131m\u0131\u00a0izl\u0259yicil\u0259ri il\u0259 yana\u015f\u0131, h\u0259m d\u0259 m\u0259\u015fhurlar\u0131n diqq\u0259tini c\u0259lb edib.<\/p>\n<p>Bel\u0259 ki, Xalq artistinin bu g\u00f6r\u00fcnt\u00fcl\u0259rin\u0259\u00a0bir \u00e7ox m\u0259\u015fhurlar r\u0259y yaz\u0131b, m\u00fc\u011f\u0259nniy\u0259\u00a0heyranl\u0131qlar\u0131n\u0131 ifad\u0259 edibl\u0259r.<\/p>\n<p>S\u00f6z\u00fcged\u0259n g\u00f6r\u00fcnt\u00fcl\u0259rini t\u0259qdim edirik:<\/p>\n<div><iframe loading=\"lazy\" src=\"https:\/\/player.baku.tv\/embed\/39075\" width=\"560\" height=\"315\" frameborder=\"0\" allowfullscreen=\"allowfullscreen\" data-mce-fragment=\"1\"><\/iframe><\/div>\n<\/div>\n<\/article>\n<h2 class=\"news-share-title\"><\/h2>\n","protected":false},"excerpt":{"rendered":"<p>Xalq artisti Ayg\u00fcn Kaz\u0131mova a\u00e7\u0131q havada t\u0259\u015fkil edil\u0259n konsertind\u0259n yeni g\u00f6r\u00fcnt\u00fcl\u0259rini payla\u015f\u0131b. O, \u201cInstagram\u201d hesab\u0131ndan payla\u015fd\u0131\u011f\u0131 g\u00f6r\u00fcnt\u00fcy\u0259\u00a0\u201cdad\u0131 dama\u011f\u0131m\u0131zda qalan m\u00f6ht\u0259\u015f\u0259m gec\u0259\u201d \u015f\u0259rhini yaz\u0131b. M\u00fc\u011f\u0259nninin bu payla\u015f\u0131m\u0131\u00a0izl\u0259yicil\u0259ri il\u0259 yana\u015f\u0131, h\u0259m d\u0259 m\u0259\u015fhurlar\u0131n diqq\u0259tini c\u0259lb edib. Bel\u0259 ki, Xalq artistinin bu g\u00f6r\u00fcnt\u00fcl\u0259rin\u0259\u00a0bir \u00e7ox m\u0259\u015fhurlar r\u0259y yaz\u0131b, m\u00fc\u011f\u0259nniy\u0259\u00a0heyranl\u0131qlar\u0131n\u0131 ifad\u0259 edibl\u0259r. S\u00f6z\u00fcged\u0259n g\u00f6r\u00fcnt\u00fcl\u0259rini t\u0259qdim edirik:<\/p>\n","protected":false},"author":2,"featured_media":342696,"comment_status":"closed","ping_status":"closed","sticky":false,"template":"","format":"standard","meta":{"om_disable_all_campaigns":false,"_monsterinsights_skip_tracking":false,"_monsterinsights_sitenote_active":false,"_monsterinsights_sitenote_note":"","_monsterinsights_sitenote_category":0},"categories":[20],"tags":[],"aioseo_notices":[],"gutentor_comment":0,"rttpg_featured_image_url":{"full":["https:\/\/arantv.az\/wp-content\/uploads\/2021\/06\/FotoJet-1.jpg",620,413,false],"landscape":["https:\/\/arantv.az\/wp-content\/uploads\/2021\/06\/FotoJet-1.jpg",620,413,false],"portraits":["https:\/\/arantv.az\/wp-content\/uploads\/2021\/06\/FotoJet-1.jpg",620,413,false],"thumbnail":["https:\/\/arantv.az\/wp-content\/uploads\/2021\/06\/FotoJet-1-500x280.jpg",500,280,true],"medium":["https:\/\/arantv.az\/wp-content\/uploads\/2021\/06\/FotoJet-1-548x365.jpg",548,365,true],"large":["https:\/\/arantv.az\/wp-content\/uploads\/2021\/06\/FotoJet-1.jpg",620,413,false],"1536x1536":["https:\/\/arantv.az\/wp-content\/uploads\/2021\/06\/FotoJet-1.jpg",620,413,false],"2048x2048":["https:\/\/arantv.az\/wp-content\/uploads\/2021\/06\/FotoJet-1.jpg",620,413,false],"post-thumbnail":["https:\/\/arantv.az\/wp-content\/uploads\/2021\/06\/FotoJet-1-240x172.jpg",240,172,true],"advps-thumb-one":["https:\/\/arantv.az\/wp-content\/uploads\/2021\/06\/FotoJet-1.jpg",620,413,false]},"rttpg_author":{"display_name":"V\u00fcsal Rafiqo\u011flu","author_link":"https:\/\/arantv.az\/?author=2"},"rttpg_comment":0,"rttpg_category":"<a href=\"https:\/\/arantv.az\/?cat=20\" rel=\"category\">\u015eou biznes<\/a>","rttpg_excerpt":"Xalq artisti Ayg\u00fcn Kaz\u0131mova a\u00e7\u0131q havada t\u0259\u015fkil edil\u0259n konsertind\u0259n yeni g\u00f6r\u00fcnt\u00fcl\u0259rini payla\u015f\u0131b. O, \u201cInstagram\u201d hesab\u0131ndan payla\u015fd\u0131\u011f\u0131 g\u00f6r\u00fcnt\u00fcy\u0259\u00a0\u201cdad\u0131 dama\u011f\u0131m\u0131zda qalan m\u00f6ht\u0259\u015f\u0259m gec\u0259\u201d \u015f\u0259rhini yaz\u0131b. M\u00fc\u011f\u0259nninin bu payla\u015f\u0131m\u0131\u00a0izl\u0259yicil\u0259ri il\u0259 yana\u015f\u0131, h\u0259m d\u0259 m\u0259\u015fhurlar\u0131n diqq\u0259tini c\u0259lb edib. Bel\u0259 ki, Xalq artistinin bu g\u00f6r\u00fcnt\u00fcl\u0259rin\u0259\u00a0bir \u00e7ox m\u0259\u015fhurlar r\u0259y yaz\u0131b, m\u00fc\u011f\u0259nniy\u0259\u00a0heyranl\u0131qlar\u0131n\u0131 ifad\u0259 edibl\u0259r. S\u00f6z\u00fcged\u0259n g\u00f6r\u00fcnt\u00fcl\u0259rini t\u0259qdim edirik:","_links":{"self":[{"href":"https:\/\/arantv.az\/index.php?rest_route=\/wp\/v2\/posts\/342695"}],"collection":[{"href":"https:\/\/arantv.az\/index.php?rest_route=\/wp\/v2\/posts"}],"about":[{"href":"https:\/\/arantv.az\/index.php?rest_route=\/wp\/v2\/types\/post"}],"author":[{"embeddable":true,"href":"https:\/\/arantv.az\/index.php?rest_route=\/wp\/v2\/users\/2"}],"replies":[{"embeddable":true,"href":"https:\/\/arantv.az\/index.php?rest_route=%2Fwp%2Fv2%2Fcomments&post=342695"}],"version-history":[{"count":0,"href":"https:\/\/arantv.az\/index.php?rest_route=\/wp\/v2\/posts\/342695\/revisions"}],"wp:featuredmedia":[{"embeddable":true,"href":"https:\/\/arantv.az\/index.php?rest_route=\/wp\/v2\/media\/342696"}],"wp:attachment":[{"href":"https:\/\/arantv.az\/index.php?rest_route=%2Fwp%2Fv2%2Fmedia&parent=342695"}],"wp:term":[{"taxonomy":"category","embeddable":true,"href":"https:\/\/arantv.az\/index.php?rest_route=%2Fwp%2Fv2%2Fcategories&post=342695"},{"taxonomy":"post_tag","embeddable":true,"href":"https:\/\/arantv.az\/index.php?rest_route=%2Fwp%2Fv2%2Ftags&post=342695"}],"curies":[{"name":"wp","href":"https:\/\/api.w.org\/{rel}","templated":true}]}}