{"id":342707,"date":"2021-06-02T09:39:51","date_gmt":"2021-06-02T06:39:51","guid":{"rendered":"http:\/\/arantv.az\/?p=342707"},"modified":"2021-06-02T09:39:51","modified_gmt":"2021-06-02T06:39:51","slug":"az%c9%99rbaycanda-15-yasli-qiz-usaq-dunyaya-g%c9%99tirdi-onu-erk%c9%99n-nikaha-kim-m%c9%99cbur-edib-video","status":"publish","type":"post","link":"https:\/\/arantv.az\/?p=342707","title":{"rendered":"Az\u0259rbaycanda 15 ya\u015fl\u0131 q\u0131z u\u015faq d\u00fcnyaya g\u0259tirdi &#8211; Onu erk\u0259n nikaha kim m\u0259cbur edib? &#8211; V\u0130DEO"},"content":{"rendered":"<div class=\"article_text\">\n<p>Beyn\u0259lxalq u\u015faqlar\u0131n m\u00fcdafi\u0259 g\u00fcn\u00fcnd\u0259 t\u0259\u0259ss\u00fcf ki, xo\u015f olmayan bir x\u0259b\u0259r ald\u0131q. Bel\u0259 ki, A\u011fcab\u0259di rayonunda 2006-c\u0131 il t\u0259v\u0259ll\u00fcdl\u00fc azya\u015fl\u0131 d\u00fcnyaya \u00f6vlad g\u0259tirib.\u00a0 C\u0259mi 15 ya\u015f\u0131nda onu erk\u0259n nikaha kim m\u0259cbur edib? \u018fm\u0259kda\u015flar\u0131m\u0131z\u0131n ara\u015fd\u0131rmas\u0131n\u0131 t\u0259qdim edirik.<\/p>\n<p>A\u011fcab\u0259did\u0259 15 ya\u015fl\u0131 q\u0131z ana olub.<\/p>\n<p><strong>ARANTV.AZ<\/strong> xezerxeber.az-a istinad\u0259n bildirir ki, do\u011fum \u015f\u00f6b\u0259sinin m\u00fcdiri N\u0259zak\u0259t Quliyevan\u0131n s\u00f6zl\u0259rin\u0259 g\u00f6r\u0259, q\u0131z do\u011fum \u015f\u00f6b\u0259sin\u0259 a\u011fr\u0131lar v\u0259 b\u00f6lg\u0259 yan\u0131 mayenin axmas\u0131yla daxil olub.<\/p>\n<p>N\u0259n\u0259si \u015e\u0259r\u0259f xan\u0131m is\u0259 deyir ki, onlar q\u0131z\u0131n \u0259r\u0259 getm\u0259sin\u0259 raz\u0131 olsalar da \u0259slind\u0259 toyu 18 ya\u015fa \u00e7atanda etm\u0259yi n\u0259z\u0259rd\u0259 tutublar. Lakin azya\u015fl\u0131n\u0131n 24 ya\u015fl\u0131 h\u0259yat yolda\u015f\u0131 Sadiq C\u0259f\u0259rovun anas\u0131n\u0131n erk\u0259n ya\u015fda r\u0259hm\u0259t\u0259 getm\u0259si bu m\u0259s\u0259l\u0259ni tezl\u0259\u015fdirib.<\/p>\n<p>Ail\u0259, Qad\u0131n v\u0259 U\u015faq Probleml\u0259ri \u00fczr\u0259 D\u00f6vl\u0259t Komit\u0259sinin s\u0259dri Bahar Muradova da m\u0259s\u0259l\u0259y\u0259 m\u00fcnasib\u0259t bildirib. Deyib ki,\u00a0 erk\u0259n nikah \u00e7ox vaxt ya\u015fl\u0131 n\u0259slin n\u00fcmay\u0259nd\u0259l\u0259rinin normal bildiyi h\u0259r\u0259k\u0259t olsa da art\u0131q b\u0259zi savadl\u0131 ail\u0259l\u0259rd\u0259 d\u0259 bu hal m\u00fc\u015fahid\u0259 olunur.<\/p>\n<div>\n<div id=\"AdviadNativeVideo0\" class=\"AdviadNativeVideo\"><\/div>\n<\/div>\n<p>A\u011fcab\u0259di rayon polis \u015f\u00f6b\u0259sind\u0259n is\u0259 bildirilib ki, ara\u015fd\u0131rmalar\u0131n n\u0259tic\u0259sind\u0259n as\u0131l\u0131 olaraq m\u0259s\u0259l\u0259y\u0259 h\u00fcquqi qiym\u0259t veril\u0259c\u0259k.<\/p>\n<p>&nbsp;<\/p>\n<p><iframe loading=\"lazy\" src=\"https:\/\/daytube.az\/az\/embed\/108057\" width=\"670\" height=\"400\" frameborder=\"0\" allowfullscreen=\"allowfullscreen\" data-mce-fragment=\"1\"><\/iframe><\/p>\n<\/div>\n<div class=\"social-banner\"><\/div>\n","protected":false},"excerpt":{"rendered":"<p>Beyn\u0259lxalq u\u015faqlar\u0131n m\u00fcdafi\u0259 g\u00fcn\u00fcnd\u0259 t\u0259\u0259ss\u00fcf ki, xo\u015f olmayan bir x\u0259b\u0259r ald\u0131q. Bel\u0259 ki, A\u011fcab\u0259di rayonunda 2006-c\u0131 il t\u0259v\u0259ll\u00fcdl\u00fc azya\u015fl\u0131 d\u00fcnyaya \u00f6vlad g\u0259tirib.\u00a0 C\u0259mi 15 ya\u015f\u0131nda onu erk\u0259n nikaha kim m\u0259cbur edib? \u018fm\u0259kda\u015flar\u0131m\u0131z\u0131n ara\u015fd\u0131rmas\u0131n\u0131 t\u0259qdim edirik. A\u011fcab\u0259did\u0259 15 ya\u015fl\u0131 q\u0131z ana olub. ARANTV.AZ xezerxeber.az-a istinad\u0259n bildirir ki, do\u011fum \u015f\u00f6b\u0259sinin m\u00fcdiri N\u0259zak\u0259t Quliyevan\u0131n s\u00f6zl\u0259rin\u0259 g\u00f6r\u0259, q\u0131z do\u011fum \u015f\u00f6b\u0259sin\u0259 a\u011fr\u0131lar v\u0259 b\u00f6lg\u0259 yan\u0131 mayenin axmas\u0131yla daxil olub. N\u0259n\u0259si \u015e\u0259r\u0259f xan\u0131m is\u0259 deyir ki, onlar q\u0131z\u0131n \u0259r\u0259 getm\u0259sin\u0259 raz\u0131 olsalar da \u0259slind\u0259 toyu 18 ya\u015fa \u00e7atanda etm\u0259yi n\u0259z\u0259rd\u0259 tutublar. Lakin azya\u015fl\u0131n\u0131n 24 ya\u015fl\u0131 h\u0259yat&hellip;<\/p>\n","protected":false},"author":2,"featured_media":342708,"comment_status":"closed","ping_status":"closed","sticky":false,"template":"","format":"standard","meta":{"om_disable_all_campaigns":false,"_monsterinsights_skip_tracking":false,"_monsterinsights_sitenote_active":false,"_monsterinsights_sitenote_note":"","_monsterinsights_sitenote_category":0},"categories":[26],"tags":[],"aioseo_notices":[],"gutentor_comment":0,"rttpg_featured_image_url":{"full":["https:\/\/arantv.az\/wp-content\/uploads\/2021\/06\/953261.jpg",800,600,false],"landscape":["https:\/\/arantv.az\/wp-content\/uploads\/2021\/06\/953261.jpg",800,600,false],"portraits":["https:\/\/arantv.az\/wp-content\/uploads\/2021\/06\/953261.jpg",800,600,false],"thumbnail":["https:\/\/arantv.az\/wp-content\/uploads\/2021\/06\/953261-500x280.jpg",500,280,true],"medium":["https:\/\/arantv.az\/wp-content\/uploads\/2021\/06\/953261-487x365.jpg",487,365,true],"large":["https:\/\/arantv.az\/wp-content\/uploads\/2021\/06\/953261.jpg",640,480,false],"1536x1536":["https:\/\/arantv.az\/wp-content\/uploads\/2021\/06\/953261.jpg",800,600,false],"2048x2048":["https:\/\/arantv.az\/wp-content\/uploads\/2021\/06\/953261.jpg",800,600,false],"post-thumbnail":["https:\/\/arantv.az\/wp-content\/uploads\/2021\/06\/953261-240x172.jpg",240,172,true],"advps-thumb-one":["https:\/\/arantv.az\/wp-content\/uploads\/2021\/06\/953261.jpg",800,600,false]},"rttpg_author":{"display_name":"V\u00fcsal Rafiqo\u011flu","author_link":"https:\/\/arantv.az\/?author=2"},"rttpg_comment":0,"rttpg_category":"<a href=\"https:\/\/arantv.az\/?cat=26\" rel=\"category\">Sosial<\/a>","rttpg_excerpt":"Beyn\u0259lxalq u\u015faqlar\u0131n m\u00fcdafi\u0259 g\u00fcn\u00fcnd\u0259 t\u0259\u0259ss\u00fcf ki, xo\u015f olmayan bir x\u0259b\u0259r ald\u0131q. Bel\u0259 ki, A\u011fcab\u0259di rayonunda 2006-c\u0131 il t\u0259v\u0259ll\u00fcdl\u00fc azya\u015fl\u0131 d\u00fcnyaya \u00f6vlad g\u0259tirib.\u00a0 C\u0259mi 15 ya\u015f\u0131nda onu erk\u0259n nikaha kim m\u0259cbur edib? \u018fm\u0259kda\u015flar\u0131m\u0131z\u0131n ara\u015fd\u0131rmas\u0131n\u0131 t\u0259qdim edirik. A\u011fcab\u0259did\u0259 15 ya\u015fl\u0131 q\u0131z ana olub. ARANTV.AZ xezerxeber.az-a istinad\u0259n bildirir ki, do\u011fum \u015f\u00f6b\u0259sinin m\u00fcdiri N\u0259zak\u0259t Quliyevan\u0131n s\u00f6zl\u0259rin\u0259 g\u00f6r\u0259, q\u0131z do\u011fum&hellip;","_links":{"self":[{"href":"https:\/\/arantv.az\/index.php?rest_route=\/wp\/v2\/posts\/342707"}],"collection":[{"href":"https:\/\/arantv.az\/index.php?rest_route=\/wp\/v2\/posts"}],"about":[{"href":"https:\/\/arantv.az\/index.php?rest_route=\/wp\/v2\/types\/post"}],"author":[{"embeddable":true,"href":"https:\/\/arantv.az\/index.php?rest_route=\/wp\/v2\/users\/2"}],"replies":[{"embeddable":true,"href":"https:\/\/arantv.az\/index.php?rest_route=%2Fwp%2Fv2%2Fcomments&post=342707"}],"version-history":[{"count":0,"href":"https:\/\/arantv.az\/index.php?rest_route=\/wp\/v2\/posts\/342707\/revisions"}],"wp:featuredmedia":[{"embeddable":true,"href":"https:\/\/arantv.az\/index.php?rest_route=\/wp\/v2\/media\/342708"}],"wp:attachment":[{"href":"https:\/\/arantv.az\/index.php?rest_route=%2Fwp%2Fv2%2Fmedia&parent=342707"}],"wp:term":[{"taxonomy":"category","embeddable":true,"href":"https:\/\/arantv.az\/index.php?rest_route=%2Fwp%2Fv2%2Fcategories&post=342707"},{"taxonomy":"post_tag","embeddable":true,"href":"https:\/\/arantv.az\/index.php?rest_route=%2Fwp%2Fv2%2Ftags&post=342707"}],"curies":[{"name":"wp","href":"https:\/\/api.w.org\/{rel}","templated":true}]}}