{"id":342713,"date":"2021-06-02T09:41:37","date_gmt":"2021-06-02T06:41:37","guid":{"rendered":"http:\/\/arantv.az\/?p=342713"},"modified":"2021-06-02T09:41:37","modified_gmt":"2021-06-02T06:41:37","slug":"d%c9%99hs%c9%99tli-istil%c9%99r-g%c9%99lir-qorxunc-proqnoz","status":"publish","type":"post","link":"https:\/\/arantv.az\/?p=342713","title":{"rendered":"D\u0259h\u015f\u0259tli \u0130ST\u0130L\u018fR G\u018fL\u0130R &#8211; QORXUNC PROQNOZ"},"content":{"rendered":"<p>\u00dcmumd\u00fcnya Meteorologiya T\u0259\u015fkilat\u0131n\u0131n (\u00dcMT) a\u00e7\u0131qlad\u0131\u011f\u0131 hesabata g\u00f6r\u0259, yax\u0131n 5 ild\u0259 rekord isti \u200b\u200bg\u00f6zl\u0259nilir. T\u0259\u015fkilat\u0131n proqnozuna \u0259sas\u0259n, 2021-2025-ci ill\u0259r aras\u0131nda az\u0131 bir ilin \u201c\u0259n isti\u201d olmaq ehtimal\u0131 90 faizdir.<\/p>\n<p>\u00dcst\u0259lik, bu aral\u0131\u011f\u0131n h\u0259r ilind\u0259 quru s\u0259thind\u0259ki orta temperatur s\u0259nayel\u0259\u015fm\u0259d\u0259n \u0259vv\u0259lki d\u00f6vr g\u00f6st\u0259ricil\u0259rini \u0259n az\u0131 1\u00b0C, ill\u0259rin birind\u0259 is\u0259 40% ehtimalla 1,5\u00b0C \u00fcst\u0259l\u0259y\u0259c\u0259k.<\/p>\n<div><\/div>\n<p>\u00dcMT Ba\u015f katibi Petteri Taalas qeyd edib ki, temperaturun y\u00fcks\u0259lm\u0259si d\u00fcnyan\u0131n istixana qaz\u0131 tullant\u0131lar\u0131n\u0131 azaltmaq v\u0259 karbon neytrall\u0131\u011f\u0131na \u00e7atmaq \u00fc\u00e7\u00fcn \u00f6z \u00f6hd\u0259liyini yerin\u0259 yetirm\u0259sinin vacibliyinin n\u00f6vb\u0259ti g\u00f6st\u0259ricisidir.<\/p>\n<p>Publika.az-a dan\u0131\u015fan AMEA-n\u0131n H\u0259s\u0259n \u018fliyev ad\u0131na Co\u011frafiya \u0130nstitutunun X\u0259z\u0259rin hidrometeorologiyas\u0131 \u015f\u00f6b\u0259sinin m\u00fcdiri, co\u011frafiya elml\u0259ri doktoru S\u0259id S\u0259f\u0259rovun s\u00f6zl\u0259rin\u0259 g\u00f6r\u0259, iqlim d\u0259yi\u015fm\u0259l\u0259ri, x\u00fcsusil\u0259 d\u0259 qlobal istil\u0259\u015fm\u0259 h\u0259m t\u0259bii, h\u0259m d\u0259 antropogen amill\u0259rl\u0259 \u0259laq\u0259dard\u0131r: \u201cSon d\u00f6vrl\u0259r antropogen amill\u0259rin miqyas\u0131 daha da art\u0131b. Bu da atmosfer\u0259 at\u0131lan istixana qazlar\u0131n\u0131n, x\u00fcsusil\u0259 d\u0259 karbon qaz\u0131n\u0131n miqdar\u0131n\u0131n durmadan artmas\u0131 il\u0259 \u0259laq\u0259dard\u0131r. Karbon qaz\u0131 yerin istilik balans\u0131n\u0131 pozur. Bu balans g\u00fcn\u0259\u015fd\u0259n g\u0259l\u0259n istilik, yerin \u00f6z\u00fcn\u00fcn \u015f\u00fcaland\u0131rd\u0131\u011f\u0131 \u0259ks istilik v\u0259 atmosferd\u0259n qay\u0131dan \u015f\u00fcalanma n\u0259tic\u0259sind\u0259 yaranan istilikdir. Karbon qaz\u0131n\u0131n atmosferd\u0259 artmas\u0131 il\u0259 \u0259laq\u0259dar qaynar enerjinin d\u0259 miqdar\u0131 artd\u0131\u011f\u0131 \u00fc\u00e7\u00fcn Yer k\u00fcr\u0259sinin istilik balans\u0131 pozulur v\u0259 temperatur art\u0131r\u201d.<\/p>\n<p>\u015e\u00f6b\u0259 m\u00fcdiri bildirib ki, yax\u0131n ill\u0259rd\u0259 x\u00fcsusil\u0259 b\u00f6y\u00fck d\u00f6vl\u0259tl\u0259r t\u0259r\u0259find\u0259n s\u0259nayenin inki\u015faf\u0131 n\u0259tic\u0259sind\u0259 atmosfer\u0259 at\u0131lan karbon qaz\u0131n\u0131n miqdar\u0131n\u0131n artmamas\u0131 \u00fc\u00e7\u00fcn qabaqlay\u0131c\u0131 t\u0259dbirl\u0259r g\u00f6r\u00fclm\u0259s\u0259, Yer k\u00fcr\u0259sini b\u00f6y\u00fck t\u0259hl\u00fck\u0259 g\u00f6zl\u0259yir: \u201cBunun qar\u015f\u0131s\u0131n\u0131 almaq \u00fc\u00e7\u00fcn h\u0259m \u00dcmumd\u00fcnya Meteorologiya T\u0259\u015fkilat\u0131, h\u0259m d\u0259 m\u00fcxt\u0259lif d\u00f6vl\u0259tl\u0259rin t\u0259\u015fkil etdiyi m\u00fc\u0259yy\u0259n qruplar, m\u0259s\u0259l\u0259n Tokio raz\u0131la\u015fmas\u0131, Paris raz\u0131la\u015fmas\u0131 v\u0259 s. kimi qruplar t\u0259dbirl\u0259r g\u00f6rm\u0259lidir. \u018fsas m\u0259qs\u0259d atmosfer\u0259 at\u0131lan istixana qazlar\u0131n\u0131n miqdar\u0131n\u0131n azald\u0131lmas\u0131na nail olmaqd\u0131r\u201d.<\/p>\n<p>S.S\u0259f\u0259rov \u00e7\u0131x\u0131\u015f yolunu alternativ enerji m\u0259nb\u0259l\u0259rind\u0259n istifad\u0259 etm\u0259kd\u0259 g\u00f6r\u00fcr: \u201cG\u00fcn\u0259\u015f v\u0259 k\u00fcl\u0259k enerjisind\u0259n daha \u00e7ox istifad\u0259 etm\u0259k olar. Buna \u201cya\u015f\u0131l enerji\u201d d\u0259 deyilir. Az\u0259rbaycanda bu sah\u0259d\u0259 b\u00f6y\u00fck i\u015fl\u0259r g\u00f6r\u00fcl\u00fcr. Bu yax\u0131nlarda Prezident \u0130lham \u018fliyev X\u0131z\u0131 v\u0259 Qobustan rayonlar\u0131 \u0259razisind\u0259 k\u00fcl\u0259k turbinl\u0259rinin qura\u015fd\u0131r\u0131lmas\u0131 il\u0259 ba\u011fl\u0131 s\u0259r\u0259ncam imzalad\u0131. Bunlar ba\u015fa g\u0259l\u0259nd\u0259n sonra onlar\u0131n g\u00fcc\u00fc 240 meqavat g\u00fcc\u00fcnd\u0259 olacaq. Bu da \u00f6lk\u0259mizin elektrik enerjisi balans\u0131na \u00e7ox b\u00f6y\u00fck t\u00f6hf\u0259dir.<\/p>\n<p>Atmosfer\u0259 at\u0131lan istixana qazlar\u0131n\u0131n miqdar\u0131 eyni zamanda daxiliyanma m\u00fch\u0259rriki il\u0259 i\u015fl\u0259y\u0259n avtomobill\u0259r vasit\u0259sil\u0259 art\u0131r. Son vaxtlar bu sah\u0259d\u0259 u\u011furlu add\u0131mlar at\u0131l\u0131r. Y\u0259ni elektrik m\u00fch\u0259rriki il\u0259 i\u015fl\u0259y\u0259n avtomobill\u0259rin istehsal\u0131 v\u0259 istifad\u0259si art\u0131b. Bir \u00e7ox \u00f6lk\u0259l\u0259rd\u0259 insanlara stimul verilir ki, bu tip avtomobill\u0259rd\u0259n istifad\u0259 etsinl\u0259r. Bu da atmosfer\u0259 at\u0131lan istixana qazlar\u0131n\u0131n miqdar\u0131n\u0131n azalmas\u0131na s\u0259b\u0259b olacaq\u201d.<\/p>\n<p>\u015e\u00f6b\u0259 m\u00fcdiri bu proqnozun Az\u0259rbaycan \u00fc\u00e7\u00fcn d\u0259 ke\u00e7\u0259rli olub-olmad\u0131\u011f\u0131na m\u00fcnasib\u0259t bildirib. S.S\u0259f\u0259rov vur\u011fulay\u0131b ki, qlobal iqlimd\u0259 ged\u0259n prosesl\u0259r az da olsa, \u00f6lk\u0259mizin iqlimin\u0259 t\u0259sir ed\u0259 bil\u0259r: \u201cAz\u0259rbaycan d\u00fcnya miqyas\u0131nda \u0259razisin\u0259 g\u00f6r\u0259 ki\u00e7ik \u00f6lk\u0259dir. Qlobal iqlim d\u0259yi\u015fikliyinin ki\u00e7ik bir hiss\u0259si d\u0259 bizim \u00f6lk\u0259mizd\u0259 ba\u015f verir. Qlobal iqlimd\u0259 ba\u015f ver\u0259n d\u0259yi\u015fiklikl\u0259r bu v\u0259 ya dig\u0259r \u015f\u0259kild\u0259 bizd\u0259 d\u0259 \u00f6z\u00fcn\u00fc g\u00f6st\u0259rir. Ola bil\u0259r ki, lokal olaraq hans\u0131sa bir ayda Az\u0259rbaycan \u0259razisind\u0259 temperaturun y\u00fcks\u0259lm\u0259si ba\u015f verirs\u0259, planetin dig\u0259r hiss\u0259sind\u0259 temperaturun a\u015fa\u011f\u0131 d\u00fc\u015fm\u0259si ola bil\u0259r. \u00c7\u00fcnki qlobal iqlim d\u0259yi\u015fm\u0259l\u0259ri atmosferin \u00fcmumi hava d\u00f6vran\u0131na t\u0259sir edir. Art\u0131q \u015fimaldan c\u0259nuba ged\u0259n hava k\u00fctl\u0259l\u0259rinin miqdar\u0131 art\u0131b, buna g\u00f6r\u0259 d\u0259 c\u0259nubdan \u015fimala ged\u0259n hava k\u00fctl\u0259l\u0259rini kompensasiya etm\u0259k \u00fc\u00e7\u00fcn temperatur yuxar\u0131 qalx\u0131r. Q\u00fctbl\u0259rd\u0259 temperaturun artmas\u0131 bu g\u00fcn daha \u00e7ox m\u00fc\u015fahid\u0259 olunur. Ona g\u00f6r\u0259 d\u0259 Arktika v\u0259 Antarktikada buzlaqlar \u0259riyir ki, bu da son d\u0259r\u0259c\u0259d\u0259 t\u0259hl\u00fck\u0259lidir. Bu, okean\u0131n s\u0259viyy\u0259sinin artmas\u0131na s\u0259b\u0259b olur v\u0259 Yer k\u00fcr\u0259sind\u0259 i\u00e7m\u0259li su ehtiyat\u0131n\u0131n balans\u0131n\u0131 azald\u0131r. Bu, h\u0259m\u00e7inin, okean suyunu \u015firinl\u0259\u015fdirdiyi \u00fc\u00e7\u00fcn oradak\u0131 canl\u0131lar\u0131n h\u0259yat \u015f\u0259raitin\u0259 d\u0259 m\u0259nfi t\u0259sir edir. K\u0259skin iqlim d\u0259yi\u015fm\u0259l\u0259ri insanlar\u0131n da h\u0259yat t\u0259rzin\u0259, orqanizml\u0259rin\u0259 m\u0259nfi t\u0259sir edir\u201d.<\/p>\n<p>Az\u0259rbaycan Ekologiya Standartlar\u0131 Monitorinq Fondunun r\u0259hb\u0259ri, Az\u0259rbaycan D\u00f6vl\u0259t Pedaqoji Universitetinin professoru Rauf Sultanov \u00dcmumd\u00fcnya Meteorologiya T\u0259\u015fkilat\u0131n\u0131n proqnozunun \u00f6z\u00fcn\u00fc do\u011frultma ehtimal\u0131n\u0131n \u00e7ox oldu\u011funu bildirib: \u201cBu m\u0259lumatlar d\u00fcnyan\u0131n apar\u0131c\u0131 aliml\u0259ri t\u0259r\u0259find\u0259n haz\u0131rlan\u0131r. D\u00fcnyadak\u0131 g\u00f6rk\u0259mli ekoloqlar hesablamalar apar\u0131blar ki, Yer k\u00fcr\u0259sind\u0259 100-200 ild\u0259n sonra iqlim d\u0259yi\u015fm\u0259l\u0259ri ba\u015f ver\u0259c\u0259k, iqlim \u0259v\u0259zl\u0259m\u0259l\u0259ri olacaq. Onlar\u0131n ir\u0259li s\u00fcrd\u00fcy\u00fc n\u0259z\u0259riyy\u0259y\u0259 g\u00f6r\u0259, Yer k\u00fcr\u0259sind\u0259 istil\u0259\u015fm\u0259 soyuqla\u015fma prosesi il\u0259 \u0259v\u0259z olunmal\u0131d\u0131r. Ham\u0131 g\u00f6zl\u0259yir ki, Yer k\u00fcr\u0259sind\u0259 soyuqla\u015fma prosesi ged\u0259c\u0259k. Y\u0259qin ki, bu istil\u0259\u015fm\u0259l\u0259r d\u0259 soyuqla\u015fmalardan \u0259vv\u0259lki prosesdir. B\u00fct\u00fcn bunlar geosistemd\u0259 ged\u0259n qanunauy\u011funluqlard\u0131r. Bu qurumun verdiyi m\u0259lumatlar 80-90% \u00f6z\u00fcn\u00fc do\u011fruldur. Ancaq Yer k\u00fcr\u0259sinin d\u0259 \u00f6z\u00fcn\u00fcn qanunauy\u011funluqlar\u0131 var. Bu t\u0259\u015fkilat\u0131n proqnozuna inam\u0131m \u00e7oxdur, ola bilsin ki, yax\u0131n 5 ild\u0259 istil\u0259\u015fm\u0259 olsun, ancaq n\u00f6vb\u0259ti y\u00fczillikd\u0259 soyuqla\u015fman\u0131n olaca\u011f\u0131 da istisna edilmir. Lakin inanm\u0131ram ki, istil\u0259\u015fm\u0259 hans\u0131sa bir f\u0259lak\u0259t\u0259 g\u0259tirib \u00e7\u0131xars\u0131n. Ancaq m\u00fc\u0259yy\u0259n q\u0259d\u0259r t\u0259sirl\u0259rini hiss ed\u0259c\u0259yik\u201d.<\/p>\n<p>Professor qeyd edib ki, atmosferd\u0259 ba\u015f ver\u0259n prosesl\u0259r g\u00fcn\u0259\u015f sistemind\u0259 ged\u0259n prosesl\u0259rl\u0259 \u0259laq\u0259dard\u0131r. Onun s\u00f6zl\u0259rin\u0259 g\u00f6r\u0259, bu g\u00fcn yerd\u0259 ba\u015f ver\u0259n karbon oksidinin atmosferd\u0259 miqdar\u0131n\u0131n artmas\u0131 v\u0259 ya \u0259traf m\u00fchitin \u00e7irkl\u0259nm\u0259si biosfer\u0259 n\u0259 q\u0259d\u0259r t\u0259sir ets\u0259 d\u0259, Yer k\u00fcr\u0259sinin iqlim d\u0259yi\u015fm\u0259l\u0259rin\u0259 t\u0259sir g\u00f6st\u0259rir: \u201cBiz onun t\u0259sirinin m\u00fc\u0259yy\u0259n d\u0259r\u0259c\u0259l\u0259rini g\u00f6r\u0259 bil\u0259rik. Ancaq bu t\u0259sir \u00e7ox deyil. Yer k\u00fcr\u0259sind\u0259 ged\u0259n d\u0259yi\u015fiklikl\u0259r yerin t\u0259kind\u0259 m\u00fc\u0259yy\u0259n prosesl\u0259rin getm\u0259sin\u0259 s\u0259b\u0259b olur. Yer k\u00fcr\u0259sinin \u0259traf\u0131 el\u0259 ola bil\u0259r ki, g\u00fcn\u0259\u015fd\u0259n t\u0259crid olsun v\u0259 ya \u0259ksin\u0259 olsun. B\u00fct\u00fcn bunlar Yer k\u00fcr\u0259sind\u0259 ill\u0259rdir ba\u015f verir v\u0259 t\u0259bii qanunlard\u0131r\u201d.<\/p>\n<p>R.Sultanov bildirib ki, \u0259g\u0259r istil\u0259r rekord h\u0259dd\u0259 \u00e7atarsa, Az\u0259rbaycan \u00fc\u00e7\u00fcn d\u0259 t\u0259hl\u00fck\u0259 qa\u00e7\u0131lmazd\u0131r: \u201cAz\u0259rbaycan\u0131n suya olan t\u0259l\u0259bat\u0131 transs\u0259rh\u0259d d\u00f6vl\u0259tl\u0259rd\u0259n g\u0259l\u0259n \u00e7aylar\u0131n hesab\u0131na \u00f6d\u0259nilir. Su q\u0131tl\u0131\u011f\u0131 is\u0259 b\u00f6y\u00fck problemdir. \u0130stil\u0259\u015fm\u0259 \u00f6lk\u0259mizd\u0259 k\u0259nd t\u0259s\u0259rr\u00fcfat\u0131 sah\u0259sin\u0259 b\u00f6y\u00fck z\u0259rb\u0259 vura bil\u0259r. K\u0259nd t\u0259s\u0259rr\u00fcfat\u0131n\u0131n 60-65 faizi Aran b\u00f6lg\u0259sind\u0259 c\u0259ml\u0259\u015fib. \u0130stil\u0259\u015fm\u0259 olduqda is\u0259 \u00f6lk\u0259mizd\u0259 su q\u0131tl\u0131\u011f\u0131 yaranacaq. Bu da aqrar sektora m\u0259nfi t\u0259sir g\u00f6st\u0259r\u0259c\u0259k\u201d.<\/p>\n","protected":false},"excerpt":{"rendered":"<p>\u00dcmumd\u00fcnya Meteorologiya T\u0259\u015fkilat\u0131n\u0131n (\u00dcMT) a\u00e7\u0131qlad\u0131\u011f\u0131 hesabata g\u00f6r\u0259, yax\u0131n 5 ild\u0259 rekord isti \u200b\u200bg\u00f6zl\u0259nilir. T\u0259\u015fkilat\u0131n proqnozuna \u0259sas\u0259n, 2021-2025-ci ill\u0259r aras\u0131nda az\u0131 bir ilin \u201c\u0259n isti\u201d olmaq ehtimal\u0131 90 faizdir. \u00dcst\u0259lik, bu aral\u0131\u011f\u0131n h\u0259r ilind\u0259 quru s\u0259thind\u0259ki orta temperatur s\u0259nayel\u0259\u015fm\u0259d\u0259n \u0259vv\u0259lki d\u00f6vr g\u00f6st\u0259ricil\u0259rini \u0259n az\u0131 1\u00b0C, ill\u0259rin birind\u0259 is\u0259 40% ehtimalla 1,5\u00b0C \u00fcst\u0259l\u0259y\u0259c\u0259k. \u00dcMT Ba\u015f katibi Petteri Taalas qeyd edib ki, temperaturun y\u00fcks\u0259lm\u0259si d\u00fcnyan\u0131n istixana qaz\u0131 tullant\u0131lar\u0131n\u0131 azaltmaq v\u0259 karbon neytrall\u0131\u011f\u0131na \u00e7atmaq \u00fc\u00e7\u00fcn \u00f6z \u00f6hd\u0259liyini yerin\u0259 yetirm\u0259sinin vacibliyinin n\u00f6vb\u0259ti g\u00f6st\u0259ricisidir. Publika.az-a dan\u0131\u015fan AMEA-n\u0131n H\u0259s\u0259n \u018fliyev ad\u0131na Co\u011frafiya \u0130nstitutunun X\u0259z\u0259rin hidrometeorologiyas\u0131 \u015f\u00f6b\u0259sinin m\u00fcdiri,&hellip;<\/p>\n","protected":false},"author":2,"featured_media":342714,"comment_status":"closed","ping_status":"closed","sticky":false,"template":"","format":"standard","meta":{"om_disable_all_campaigns":false,"_monsterinsights_skip_tracking":false,"_monsterinsights_sitenote_active":false,"_monsterinsights_sitenote_note":"","_monsterinsights_sitenote_category":0},"categories":[26],"tags":[],"aioseo_notices":[],"gutentor_comment":0,"rttpg_featured_image_url":{"full":["https:\/\/arantv.az\/wp-content\/uploads\/2021\/06\/kuresel-isinma-nedir-nedenleri-sonuclari-696x464-1.jpg",800,450,false],"landscape":["https:\/\/arantv.az\/wp-content\/uploads\/2021\/06\/kuresel-isinma-nedir-nedenleri-sonuclari-696x464-1.jpg",800,450,false],"portraits":["https:\/\/arantv.az\/wp-content\/uploads\/2021\/06\/kuresel-isinma-nedir-nedenleri-sonuclari-696x464-1.jpg",800,450,false],"thumbnail":["https:\/\/arantv.az\/wp-content\/uploads\/2021\/06\/kuresel-isinma-nedir-nedenleri-sonuclari-696x464-1-500x280.jpg",500,280,true],"medium":["https:\/\/arantv.az\/wp-content\/uploads\/2021\/06\/kuresel-isinma-nedir-nedenleri-sonuclari-696x464-1-649x365.jpg",649,365,true],"large":["https:\/\/arantv.az\/wp-content\/uploads\/2021\/06\/kuresel-isinma-nedir-nedenleri-sonuclari-696x464-1.jpg",640,360,false],"1536x1536":["https:\/\/arantv.az\/wp-content\/uploads\/2021\/06\/kuresel-isinma-nedir-nedenleri-sonuclari-696x464-1.jpg",800,450,false],"2048x2048":["https:\/\/arantv.az\/wp-content\/uploads\/2021\/06\/kuresel-isinma-nedir-nedenleri-sonuclari-696x464-1.jpg",800,450,false],"post-thumbnail":["https:\/\/arantv.az\/wp-content\/uploads\/2021\/06\/kuresel-isinma-nedir-nedenleri-sonuclari-696x464-1-240x172.jpg",240,172,true],"advps-thumb-one":["https:\/\/arantv.az\/wp-content\/uploads\/2021\/06\/kuresel-isinma-nedir-nedenleri-sonuclari-696x464-1.jpg",800,450,false]},"rttpg_author":{"display_name":"V\u00fcsal Rafiqo\u011flu","author_link":"https:\/\/arantv.az\/?author=2"},"rttpg_comment":0,"rttpg_category":"<a href=\"https:\/\/arantv.az\/?cat=26\" rel=\"category\">Sosial<\/a>","rttpg_excerpt":"\u00dcmumd\u00fcnya Meteorologiya T\u0259\u015fkilat\u0131n\u0131n (\u00dcMT) a\u00e7\u0131qlad\u0131\u011f\u0131 hesabata g\u00f6r\u0259, yax\u0131n 5 ild\u0259 rekord isti \u200b\u200bg\u00f6zl\u0259nilir. T\u0259\u015fkilat\u0131n proqnozuna \u0259sas\u0259n, 2021-2025-ci ill\u0259r aras\u0131nda az\u0131 bir ilin \u201c\u0259n isti\u201d olmaq ehtimal\u0131 90 faizdir. \u00dcst\u0259lik, bu aral\u0131\u011f\u0131n h\u0259r ilind\u0259 quru s\u0259thind\u0259ki orta temperatur s\u0259nayel\u0259\u015fm\u0259d\u0259n \u0259vv\u0259lki d\u00f6vr g\u00f6st\u0259ricil\u0259rini \u0259n az\u0131 1\u00b0C, ill\u0259rin birind\u0259 is\u0259 40% ehtimalla 1,5\u00b0C \u00fcst\u0259l\u0259y\u0259c\u0259k. \u00dcMT Ba\u015f katibi Petteri&hellip;","_links":{"self":[{"href":"https:\/\/arantv.az\/index.php?rest_route=\/wp\/v2\/posts\/342713"}],"collection":[{"href":"https:\/\/arantv.az\/index.php?rest_route=\/wp\/v2\/posts"}],"about":[{"href":"https:\/\/arantv.az\/index.php?rest_route=\/wp\/v2\/types\/post"}],"author":[{"embeddable":true,"href":"https:\/\/arantv.az\/index.php?rest_route=\/wp\/v2\/users\/2"}],"replies":[{"embeddable":true,"href":"https:\/\/arantv.az\/index.php?rest_route=%2Fwp%2Fv2%2Fcomments&post=342713"}],"version-history":[{"count":0,"href":"https:\/\/arantv.az\/index.php?rest_route=\/wp\/v2\/posts\/342713\/revisions"}],"wp:featuredmedia":[{"embeddable":true,"href":"https:\/\/arantv.az\/index.php?rest_route=\/wp\/v2\/media\/342714"}],"wp:attachment":[{"href":"https:\/\/arantv.az\/index.php?rest_route=%2Fwp%2Fv2%2Fmedia&parent=342713"}],"wp:term":[{"taxonomy":"category","embeddable":true,"href":"https:\/\/arantv.az\/index.php?rest_route=%2Fwp%2Fv2%2Fcategories&post=342713"},{"taxonomy":"post_tag","embeddable":true,"href":"https:\/\/arantv.az\/index.php?rest_route=%2Fwp%2Fv2%2Ftags&post=342713"}],"curies":[{"name":"wp","href":"https:\/\/api.w.org\/{rel}","templated":true}]}}