{"id":342728,"date":"2021-06-02T09:57:23","date_gmt":"2021-06-02T06:57:23","guid":{"rendered":"http:\/\/arantv.az\/?p=342728"},"modified":"2021-06-02T09:57:23","modified_gmt":"2021-06-02T06:57:23","slug":"az%c9%99rbaycanda-15-yasli-qizin-ana-olmasi-il%c9%99-bagli-cinay%c9%99t-isi-acildi","status":"publish","type":"post","link":"https:\/\/arantv.az\/?p=342728","title":{"rendered":"Az\u0259rbaycanda 15 ya\u015fl\u0131 q\u0131z\u0131n ana olmas\u0131 il\u0259 ba\u011fl\u0131 cinay\u0259t i\u015fi A\u00c7ILDI"},"content":{"rendered":"<p>A\u011fcab\u0259di rayonunda ana olan 15 ya\u015fl\u0131 q\u0131z\u0131n ana olmas\u0131 il\u0259 ba\u011fl\u0131 cinay\u0259t i\u015fi a\u00e7\u0131l\u0131b.<\/p>\n<p>Daxili \u0130\u015fl\u0259r Nazirliyinin m\u0259tbuat xidm\u0259tinin B\u0259rd\u0259 regional qrupundan Oxu.Az-\u0131n sor\u011fusuna cavab olaraq bildirilib ki, A\u011fcab\u0259did\u0259 15 ya\u015fl\u0131 q\u0131z\u0131n d\u00fcnyaya u\u015faq g\u0259tirm\u0259si il\u0259 ba\u011fl\u0131 daxil olmu\u015f m\u0259lumat \u0259sas\u0131nda Rayon Polis \u015e\u00f6b\u0259sind\u0259 m\u00fcvafiq ara\u015fd\u0131rmalara ba\u015flan\u0131l\u0131b:<\/p>\n<p>\u201cFaktla ba\u011fl\u0131 Cinay\u0259t M\u0259c\u0259ll\u0259sinin 152.1-ci (on alt\u0131 ya\u015f\u0131na \u00e7atmayan \u015f\u0259xsl\u0259 cinsi \u0259laq\u0259d\u0259 olma v\u0259 ya seksual xarakterli dig\u0259r h\u0259r\u0259k\u0259tl\u0259r etm\u0259) madd\u0259si il\u0259 cinay\u0259t i\u015fi a\u00e7\u0131l\u0131b\u201d.<\/p>\n<p>Qeyd ed\u0259k ki, \u00f6t\u0259n g\u00fcn 2006-c\u0131 il t\u0259v\u0259ll\u00fcdl\u00fc yeniyetm\u0259 A\u011fcab\u0259di Rayon M\u0259rk\u0259zi X\u0259st\u0259xanas\u0131nda \u00f6vlad d\u00fcnyaya g\u0259tirib.<\/p>\n<p>Xat\u0131rladaq ki, Az\u0259rbaycan qanunvericiliyin\u0259 g\u00f6r\u0259 16 ya\u015fdan a\u015fa\u011f\u0131 \u015f\u0259xsl\u0259 cinsi \u0259laq\u0259d\u0259 olmaq cinay\u0259t say\u0131l\u0131r.<\/p>\n","protected":false},"excerpt":{"rendered":"<p>A\u011fcab\u0259di rayonunda ana olan 15 ya\u015fl\u0131 q\u0131z\u0131n ana olmas\u0131 il\u0259 ba\u011fl\u0131 cinay\u0259t i\u015fi a\u00e7\u0131l\u0131b. Daxili \u0130\u015fl\u0259r Nazirliyinin m\u0259tbuat xidm\u0259tinin B\u0259rd\u0259 regional qrupundan Oxu.Az-\u0131n sor\u011fusuna cavab olaraq bildirilib ki, A\u011fcab\u0259did\u0259 15 ya\u015fl\u0131 q\u0131z\u0131n d\u00fcnyaya u\u015faq g\u0259tirm\u0259si il\u0259 ba\u011fl\u0131 daxil olmu\u015f m\u0259lumat \u0259sas\u0131nda Rayon Polis \u015e\u00f6b\u0259sind\u0259 m\u00fcvafiq ara\u015fd\u0131rmalara ba\u015flan\u0131l\u0131b: \u201cFaktla ba\u011fl\u0131 Cinay\u0259t M\u0259c\u0259ll\u0259sinin 152.1-ci (on alt\u0131 ya\u015f\u0131na \u00e7atmayan \u015f\u0259xsl\u0259 cinsi \u0259laq\u0259d\u0259 olma v\u0259 ya seksual xarakterli dig\u0259r h\u0259r\u0259k\u0259tl\u0259r etm\u0259) madd\u0259si il\u0259 cinay\u0259t i\u015fi a\u00e7\u0131l\u0131b\u201d. Qeyd ed\u0259k ki, \u00f6t\u0259n g\u00fcn 2006-c\u0131 il t\u0259v\u0259ll\u00fcdl\u00fc yeniyetm\u0259 A\u011fcab\u0259di Rayon M\u0259rk\u0259zi X\u0259st\u0259xanas\u0131nda \u00f6vlad d\u00fcnyaya g\u0259tirib. Xat\u0131rladaq ki,&hellip;<\/p>\n","protected":false},"author":2,"featured_media":342729,"comment_status":"closed","ping_status":"closed","sticky":false,"template":"","format":"standard","meta":{"om_disable_all_campaigns":false,"_monsterinsights_skip_tracking":false,"_monsterinsights_sitenote_active":false,"_monsterinsights_sitenote_note":"","_monsterinsights_sitenote_category":0},"categories":[26],"tags":[],"aioseo_notices":[],"gutentor_comment":0,"rttpg_featured_image_url":{"full":["https:\/\/arantv.az\/wp-content\/uploads\/2021\/06\/hamile_qadin_052.jpg",620,465,false],"landscape":["https:\/\/arantv.az\/wp-content\/uploads\/2021\/06\/hamile_qadin_052.jpg",620,465,false],"portraits":["https:\/\/arantv.az\/wp-content\/uploads\/2021\/06\/hamile_qadin_052.jpg",620,465,false],"thumbnail":["https:\/\/arantv.az\/wp-content\/uploads\/2021\/06\/hamile_qadin_052-500x280.jpg",500,280,true],"medium":["https:\/\/arantv.az\/wp-content\/uploads\/2021\/06\/hamile_qadin_052-487x365.jpg",487,365,true],"large":["https:\/\/arantv.az\/wp-content\/uploads\/2021\/06\/hamile_qadin_052.jpg",620,465,false],"1536x1536":["https:\/\/arantv.az\/wp-content\/uploads\/2021\/06\/hamile_qadin_052.jpg",620,465,false],"2048x2048":["https:\/\/arantv.az\/wp-content\/uploads\/2021\/06\/hamile_qadin_052.jpg",620,465,false],"post-thumbnail":["https:\/\/arantv.az\/wp-content\/uploads\/2021\/06\/hamile_qadin_052-240x172.jpg",240,172,true],"advps-thumb-one":["https:\/\/arantv.az\/wp-content\/uploads\/2021\/06\/hamile_qadin_052.jpg",620,465,false]},"rttpg_author":{"display_name":"V\u00fcsal Rafiqo\u011flu","author_link":"https:\/\/arantv.az\/?author=2"},"rttpg_comment":0,"rttpg_category":"<a href=\"https:\/\/arantv.az\/?cat=26\" rel=\"category\">Sosial<\/a>","rttpg_excerpt":"A\u011fcab\u0259di rayonunda ana olan 15 ya\u015fl\u0131 q\u0131z\u0131n ana olmas\u0131 il\u0259 ba\u011fl\u0131 cinay\u0259t i\u015fi a\u00e7\u0131l\u0131b. Daxili \u0130\u015fl\u0259r Nazirliyinin m\u0259tbuat xidm\u0259tinin B\u0259rd\u0259 regional qrupundan Oxu.Az-\u0131n sor\u011fusuna cavab olaraq bildirilib ki, A\u011fcab\u0259did\u0259 15 ya\u015fl\u0131 q\u0131z\u0131n d\u00fcnyaya u\u015faq g\u0259tirm\u0259si il\u0259 ba\u011fl\u0131 daxil olmu\u015f m\u0259lumat \u0259sas\u0131nda Rayon Polis \u015e\u00f6b\u0259sind\u0259 m\u00fcvafiq ara\u015fd\u0131rmalara ba\u015flan\u0131l\u0131b: \u201cFaktla ba\u011fl\u0131 Cinay\u0259t M\u0259c\u0259ll\u0259sinin 152.1-ci (on alt\u0131 ya\u015f\u0131na&hellip;","_links":{"self":[{"href":"https:\/\/arantv.az\/index.php?rest_route=\/wp\/v2\/posts\/342728"}],"collection":[{"href":"https:\/\/arantv.az\/index.php?rest_route=\/wp\/v2\/posts"}],"about":[{"href":"https:\/\/arantv.az\/index.php?rest_route=\/wp\/v2\/types\/post"}],"author":[{"embeddable":true,"href":"https:\/\/arantv.az\/index.php?rest_route=\/wp\/v2\/users\/2"}],"replies":[{"embeddable":true,"href":"https:\/\/arantv.az\/index.php?rest_route=%2Fwp%2Fv2%2Fcomments&post=342728"}],"version-history":[{"count":0,"href":"https:\/\/arantv.az\/index.php?rest_route=\/wp\/v2\/posts\/342728\/revisions"}],"wp:featuredmedia":[{"embeddable":true,"href":"https:\/\/arantv.az\/index.php?rest_route=\/wp\/v2\/media\/342729"}],"wp:attachment":[{"href":"https:\/\/arantv.az\/index.php?rest_route=%2Fwp%2Fv2%2Fmedia&parent=342728"}],"wp:term":[{"taxonomy":"category","embeddable":true,"href":"https:\/\/arantv.az\/index.php?rest_route=%2Fwp%2Fv2%2Fcategories&post=342728"},{"taxonomy":"post_tag","embeddable":true,"href":"https:\/\/arantv.az\/index.php?rest_route=%2Fwp%2Fv2%2Ftags&post=342728"}],"curies":[{"name":"wp","href":"https:\/\/api.w.org\/{rel}","templated":true}]}}