{"id":342731,"date":"2021-06-02T09:59:20","date_gmt":"2021-06-02T06:59:20","guid":{"rendered":"http:\/\/arantv.az\/?p=342731"},"modified":"2021-06-02T09:59:20","modified_gmt":"2021-06-02T06:59:20","slug":"ir%c9%99van-10-noyabr-v%c9%99-11-yanvar-sazisl%c9%99rind%c9%99n-imtina-edir","status":"publish","type":"post","link":"https:\/\/arantv.az\/?p=342731","title":{"rendered":"\u0130r\u0259van 10 noyabr v\u0259 11 yanvar sazi\u015fl\u0259rind\u0259n imtina edir?"},"content":{"rendered":"<p><strong>Erm\u0259nistan regionda kommunikasiyalar\u0131n b\u0259rpa edilm\u0259si \u00fczr\u0259 \u00fc\u00e7t\u0259r\u0259fli komissiyan\u0131n (Az\u0259rbaycan-Erm\u0259nistan-Rusiya) i\u015find\u0259 i\u015ftirak\u0131n\u0131 dayand\u0131r\u0131r.\u00a0<\/strong><\/p>\n<p><strong>ARANTV.AZ<\/strong>\u00a0 Qafqazinfo-ya istinad\u0259n x\u0259b\u0259r verir ki, bu bar\u0259d\u0259 Yerevanda Erm\u0259nistan h\u00f6kum\u0259t ba\u015f\u00e7\u0131s\u0131n\u0131n m\u00fcavini Mqer Qriqoryan jurnalistl\u0259r\u0259 bildirib. O, bu q\u0259rar\u0131 erm\u0259ni \u0259sirl\u0259r probleminin h\u0259ll edilm\u0259m\u0259si v\u0259 Az\u0259rbaycan\u0131n &#8220;t\u0259cav\u00fcz\u00fc&#8221; il\u0259 izah edib.<\/p>\n<p>&#8220;S\u0259rh\u0259dd\u0259 haz\u0131rk\u0131 v\u0259ziyy\u0259td\u0259 bu platformada konstruktiv i\u015fin m\u00fcmk\u00fcn oldu\u011funu d\u00fc\u015f\u00fcnm\u00fcr\u0259m. Buna g\u00f6r\u0259 \u0259laq\u0259l\u0259r k\u0259silib&#8221;, dey\u0259n ba\u015f nazir m\u00fcavini \u0259laq\u0259l\u0259rin &#8220;Az\u0259rbaycan silahl\u0131 q\u00fcvv\u0259l\u0259rinin Erm\u0259nistan \u0259razisin\u0259 daxil olmas\u0131ndan sonra&#8221; k\u0259sildiyini qeyd edib.<\/p>\n<p>Z\u0259ng\u0259zur d\u0259hlizi m\u00f6vzusuna toxunan Qriqoryan\u0131n s\u00f6zl\u0259rind\u0259n ayd\u0131n olub ki, Yerevan Az\u0259rbaycan Prezidentinin bu termind\u0259n istifad\u0259 etm\u0259sin\u0259 h\u0259ddind\u0259n art\u0131q q\u0259z\u0259bl\u0259nib.<\/p>\n<p>&#8220;Erm\u0259nistan t\u0259r\u0259fi d\u0259hliz m\u0259ntiqi m\u0259s\u0259l\u0259l\u0259rini m\u00fczakir\u0259 etm\u0259yib, etm\u0259y\u0259c\u0259k d\u0259. D\u0259hliz dedikd\u0259 b\u0259zil\u0259ri n\u0259qliyyat mar\u015frutlar\u0131n\u0131 n\u0259z\u0259rd\u0259 tuturlarsa, bu, ayr\u0131 m\u0259s\u0259l\u0259dir, amma bu s\u00f6z\u00fcn alt\u0131nda suverenlikl\u0259 ba\u011fl\u0131 h\u0259r hans\u0131 ba\u015fqa hallar n\u0259z\u0259rd\u0259 tutulursa, bu c\u00fcr m\u00fczakir\u0259l\u0259r istisna edilir&#8221;, &#8211; dey\u0259 o bildirib.<\/p>\n<p>Xat\u0131rladaq ki, regionda kommunikasiyalar\u0131n, x\u00fcsus\u0259n Az\u0259rbaycan\u0131n quru hiss\u0259si il\u0259 Nax\u00e7\u0131van aras\u0131nda quru \u0259laq\u0259sinin a\u00e7\u0131lmas\u0131 m\u0259s\u0259l\u0259si Az\u0259rbaycan, Rusiya v\u0259 Erm\u0259nistan Prezidentl\u0259rinin 10 noyabr 2020-ci il tarixli b\u0259yanat\u0131nda \u0259ksini tap\u0131b.<\/p>\n<p>11 yanvar 2021-ci il tarixind\u0259 bu \u00f6lk\u0259l\u0259rin liderl\u0259ri kommunikasiyalar\u0131n, x\u00fcsus\u0259n d\u0259 Nax\u00e7\u0131vanla avtomobil v\u0259 d\u0259mir yolu \u0259laq\u0259sinin a\u00e7\u0131lmas\u0131 m\u0259s\u0259l\u0259l\u0259rini h\u0259ll ed\u0259c\u0259k \u00fc\u00e7t\u0259r\u0259fli komissiya yarad\u0131lmas\u0131n\u0131 n\u0259z\u0259rd\u0259 tutan yeni s\u0259n\u0259d imzalay\u0131blar.<\/p>\n","protected":false},"excerpt":{"rendered":"<p>Erm\u0259nistan regionda kommunikasiyalar\u0131n b\u0259rpa edilm\u0259si \u00fczr\u0259 \u00fc\u00e7t\u0259r\u0259fli komissiyan\u0131n (Az\u0259rbaycan-Erm\u0259nistan-Rusiya) i\u015find\u0259 i\u015ftirak\u0131n\u0131 dayand\u0131r\u0131r.\u00a0 ARANTV.AZ\u00a0 Qafqazinfo-ya istinad\u0259n x\u0259b\u0259r verir ki, bu bar\u0259d\u0259 Yerevanda Erm\u0259nistan h\u00f6kum\u0259t ba\u015f\u00e7\u0131s\u0131n\u0131n m\u00fcavini Mqer Qriqoryan jurnalistl\u0259r\u0259 bildirib. O, bu q\u0259rar\u0131 erm\u0259ni \u0259sirl\u0259r probleminin h\u0259ll edilm\u0259m\u0259si v\u0259 Az\u0259rbaycan\u0131n &#8220;t\u0259cav\u00fcz\u00fc&#8221; il\u0259 izah edib. &#8220;S\u0259rh\u0259dd\u0259 haz\u0131rk\u0131 v\u0259ziyy\u0259td\u0259 bu platformada konstruktiv i\u015fin m\u00fcmk\u00fcn oldu\u011funu d\u00fc\u015f\u00fcnm\u00fcr\u0259m. Buna g\u00f6r\u0259 \u0259laq\u0259l\u0259r k\u0259silib&#8221;, dey\u0259n ba\u015f nazir m\u00fcavini \u0259laq\u0259l\u0259rin &#8220;Az\u0259rbaycan silahl\u0131 q\u00fcvv\u0259l\u0259rinin Erm\u0259nistan \u0259razisin\u0259 daxil olmas\u0131ndan sonra&#8221; k\u0259sildiyini qeyd edib. Z\u0259ng\u0259zur d\u0259hlizi m\u00f6vzusuna toxunan Qriqoryan\u0131n s\u00f6zl\u0259rind\u0259n ayd\u0131n olub ki, Yerevan Az\u0259rbaycan Prezidentinin bu termind\u0259n istifad\u0259 etm\u0259sin\u0259 h\u0259ddind\u0259n&hellip;<\/p>\n","protected":false},"author":2,"featured_media":342732,"comment_status":"closed","ping_status":"closed","sticky":false,"template":"","format":"standard","meta":{"om_disable_all_campaigns":false,"_monsterinsights_skip_tracking":false,"_monsterinsights_sitenote_active":false,"_monsterinsights_sitenote_note":"","_monsterinsights_sitenote_category":0},"categories":[7],"tags":[],"aioseo_notices":[],"gutentor_comment":0,"rttpg_featured_image_url":{"full":["https:\/\/arantv.az\/wp-content\/uploads\/2021\/06\/953298.jpg",800,600,false],"landscape":["https:\/\/arantv.az\/wp-content\/uploads\/2021\/06\/953298.jpg",800,600,false],"portraits":["https:\/\/arantv.az\/wp-content\/uploads\/2021\/06\/953298.jpg",800,600,false],"thumbnail":["https:\/\/arantv.az\/wp-content\/uploads\/2021\/06\/953298-500x280.jpg",500,280,true],"medium":["https:\/\/arantv.az\/wp-content\/uploads\/2021\/06\/953298-487x365.jpg",487,365,true],"large":["https:\/\/arantv.az\/wp-content\/uploads\/2021\/06\/953298.jpg",640,480,false],"1536x1536":["https:\/\/arantv.az\/wp-content\/uploads\/2021\/06\/953298.jpg",800,600,false],"2048x2048":["https:\/\/arantv.az\/wp-content\/uploads\/2021\/06\/953298.jpg",800,600,false],"post-thumbnail":["https:\/\/arantv.az\/wp-content\/uploads\/2021\/06\/953298-240x172.jpg",240,172,true],"advps-thumb-one":["https:\/\/arantv.az\/wp-content\/uploads\/2021\/06\/953298.jpg",800,600,false]},"rttpg_author":{"display_name":"V\u00fcsal Rafiqo\u011flu","author_link":"https:\/\/arantv.az\/?author=2"},"rttpg_comment":0,"rttpg_category":"<a href=\"https:\/\/arantv.az\/?cat=7\" rel=\"category\">D\u00fcnya<\/a>","rttpg_excerpt":"Erm\u0259nistan regionda kommunikasiyalar\u0131n b\u0259rpa edilm\u0259si \u00fczr\u0259 \u00fc\u00e7t\u0259r\u0259fli komissiyan\u0131n (Az\u0259rbaycan-Erm\u0259nistan-Rusiya) i\u015find\u0259 i\u015ftirak\u0131n\u0131 dayand\u0131r\u0131r.\u00a0 ARANTV.AZ\u00a0 Qafqazinfo-ya istinad\u0259n x\u0259b\u0259r verir ki, bu bar\u0259d\u0259 Yerevanda Erm\u0259nistan h\u00f6kum\u0259t ba\u015f\u00e7\u0131s\u0131n\u0131n m\u00fcavini Mqer Qriqoryan jurnalistl\u0259r\u0259 bildirib. O, bu q\u0259rar\u0131 erm\u0259ni \u0259sirl\u0259r probleminin h\u0259ll edilm\u0259m\u0259si v\u0259 Az\u0259rbaycan\u0131n &#8220;t\u0259cav\u00fcz\u00fc&#8221; il\u0259 izah edib. &#8220;S\u0259rh\u0259dd\u0259 haz\u0131rk\u0131 v\u0259ziyy\u0259td\u0259 bu platformada konstruktiv i\u015fin m\u00fcmk\u00fcn oldu\u011funu d\u00fc\u015f\u00fcnm\u00fcr\u0259m. Buna g\u00f6r\u0259&hellip;","_links":{"self":[{"href":"https:\/\/arantv.az\/index.php?rest_route=\/wp\/v2\/posts\/342731"}],"collection":[{"href":"https:\/\/arantv.az\/index.php?rest_route=\/wp\/v2\/posts"}],"about":[{"href":"https:\/\/arantv.az\/index.php?rest_route=\/wp\/v2\/types\/post"}],"author":[{"embeddable":true,"href":"https:\/\/arantv.az\/index.php?rest_route=\/wp\/v2\/users\/2"}],"replies":[{"embeddable":true,"href":"https:\/\/arantv.az\/index.php?rest_route=%2Fwp%2Fv2%2Fcomments&post=342731"}],"version-history":[{"count":0,"href":"https:\/\/arantv.az\/index.php?rest_route=\/wp\/v2\/posts\/342731\/revisions"}],"wp:featuredmedia":[{"embeddable":true,"href":"https:\/\/arantv.az\/index.php?rest_route=\/wp\/v2\/media\/342732"}],"wp:attachment":[{"href":"https:\/\/arantv.az\/index.php?rest_route=%2Fwp%2Fv2%2Fmedia&parent=342731"}],"wp:term":[{"taxonomy":"category","embeddable":true,"href":"https:\/\/arantv.az\/index.php?rest_route=%2Fwp%2Fv2%2Fcategories&post=342731"},{"taxonomy":"post_tag","embeddable":true,"href":"https:\/\/arantv.az\/index.php?rest_route=%2Fwp%2Fv2%2Ftags&post=342731"}],"curies":[{"name":"wp","href":"https:\/\/api.w.org\/{rel}","templated":true}]}}