{"id":342734,"date":"2021-06-02T10:00:02","date_gmt":"2021-06-02T07:00:02","guid":{"rendered":"http:\/\/arantv.az\/?p=342734"},"modified":"2021-06-02T10:00:02","modified_gmt":"2021-06-02T07:00:02","slug":"xalq-artistinin-s%c9%99hh%c9%99ti-pisl%c9%99sdi-reanimasiyaya-yerl%c9%99sdirildi","status":"publish","type":"post","link":"https:\/\/arantv.az\/?p=342734","title":{"rendered":"Xalq artistinin s\u0259hh\u0259ti pisl\u0259\u015fdi, reanimasiyaya yerl\u0259\u015fdirildi"},"content":{"rendered":"<p><strong>Xalq artisti, kinorejissor Ramiz \u018fzizb\u0259ylinin s\u0259hh\u0259ti yenid\u0259n pisl\u0259\u015fib.<\/strong><\/p>\n<p><strong>ARANTV.AZ<\/strong> bildirir ki, bu bar\u0259d\u0259 baku.ws-\u0259 a\u00e7\u0131qlamas\u0131nda aktyorun q\u0131z\u0131 C\u0259lal\u0259 \u018fzizb\u0259yli bildirib. O, vur\u011fulay\u0131b ki, atas\u0131n\u0131n v\u0259ziyy\u0259ti a\u011f\u0131rd\u0131r.<\/p>\n<p>&#8220;Atam reanimasiyadad\u0131r. V\u0259ziyy\u0259ti a\u011f\u0131rd\u0131r. Bildiyiniz kimi, bu x\u0259st\u0259liyin \u00e7ox a\u011f\u0131r simptomlar\u0131 var. Buna g\u00f6r\u0259 d\u0259, h\u0259kiml\u0259r onun s\u0259hh\u0259ti il\u0259 ba\u011fl\u0131 konkret olaraq h\u0259l\u0259 he\u00e7 n\u0259 demirl\u0259r&#8221;.<\/p>\n<p>Qeyd ed\u0259k ki, Xalq artisi R.\u018fzizb\u0259yli bir m\u00fcdd\u0259t \u00f6nc\u0259 koronavirus (COVID-19) diaqnozu il\u0259 x\u0259st\u0259xanaya yerl\u0259\u015fdirilib.<\/p>\n","protected":false},"excerpt":{"rendered":"<p>Xalq artisti, kinorejissor Ramiz \u018fzizb\u0259ylinin s\u0259hh\u0259ti yenid\u0259n pisl\u0259\u015fib. ARANTV.AZ bildirir ki, bu bar\u0259d\u0259 baku.ws-\u0259 a\u00e7\u0131qlamas\u0131nda aktyorun q\u0131z\u0131 C\u0259lal\u0259 \u018fzizb\u0259yli bildirib. O, vur\u011fulay\u0131b ki, atas\u0131n\u0131n v\u0259ziyy\u0259ti a\u011f\u0131rd\u0131r. &#8220;Atam reanimasiyadad\u0131r. V\u0259ziyy\u0259ti a\u011f\u0131rd\u0131r. Bildiyiniz kimi, bu x\u0259st\u0259liyin \u00e7ox a\u011f\u0131r simptomlar\u0131 var. Buna g\u00f6r\u0259 d\u0259, h\u0259kiml\u0259r onun s\u0259hh\u0259ti il\u0259 ba\u011fl\u0131 konkret olaraq h\u0259l\u0259 he\u00e7 n\u0259 demirl\u0259r&#8221;. Qeyd ed\u0259k ki, Xalq artisi R.\u018fzizb\u0259yli bir m\u00fcdd\u0259t \u00f6nc\u0259 koronavirus (COVID-19) diaqnozu il\u0259 x\u0259st\u0259xanaya yerl\u0259\u015fdirilib.<\/p>\n","protected":false},"author":2,"featured_media":342735,"comment_status":"closed","ping_status":"closed","sticky":false,"template":"","format":"standard","meta":{"om_disable_all_campaigns":false,"_monsterinsights_skip_tracking":false,"_monsterinsights_sitenote_active":false,"_monsterinsights_sitenote_note":"","_monsterinsights_sitenote_category":0},"categories":[26],"tags":[],"aioseo_notices":[],"gutentor_comment":0,"rttpg_featured_image_url":{"full":["https:\/\/arantv.az\/wp-content\/uploads\/2021\/06\/953299.jpg",800,600,false],"landscape":["https:\/\/arantv.az\/wp-content\/uploads\/2021\/06\/953299.jpg",800,600,false],"portraits":["https:\/\/arantv.az\/wp-content\/uploads\/2021\/06\/953299.jpg",800,600,false],"thumbnail":["https:\/\/arantv.az\/wp-content\/uploads\/2021\/06\/953299-500x280.jpg",500,280,true],"medium":["https:\/\/arantv.az\/wp-content\/uploads\/2021\/06\/953299-487x365.jpg",487,365,true],"large":["https:\/\/arantv.az\/wp-content\/uploads\/2021\/06\/953299.jpg",640,480,false],"1536x1536":["https:\/\/arantv.az\/wp-content\/uploads\/2021\/06\/953299.jpg",800,600,false],"2048x2048":["https:\/\/arantv.az\/wp-content\/uploads\/2021\/06\/953299.jpg",800,600,false],"post-thumbnail":["https:\/\/arantv.az\/wp-content\/uploads\/2021\/06\/953299-240x172.jpg",240,172,true],"advps-thumb-one":["https:\/\/arantv.az\/wp-content\/uploads\/2021\/06\/953299.jpg",800,600,false]},"rttpg_author":{"display_name":"V\u00fcsal Rafiqo\u011flu","author_link":"https:\/\/arantv.az\/?author=2"},"rttpg_comment":0,"rttpg_category":"<a href=\"https:\/\/arantv.az\/?cat=26\" rel=\"category\">Sosial<\/a>","rttpg_excerpt":"Xalq artisti, kinorejissor Ramiz \u018fzizb\u0259ylinin s\u0259hh\u0259ti yenid\u0259n pisl\u0259\u015fib. ARANTV.AZ bildirir ki, bu bar\u0259d\u0259 baku.ws-\u0259 a\u00e7\u0131qlamas\u0131nda aktyorun q\u0131z\u0131 C\u0259lal\u0259 \u018fzizb\u0259yli bildirib. O, vur\u011fulay\u0131b ki, atas\u0131n\u0131n v\u0259ziyy\u0259ti a\u011f\u0131rd\u0131r. &#8220;Atam reanimasiyadad\u0131r. V\u0259ziyy\u0259ti a\u011f\u0131rd\u0131r. Bildiyiniz kimi, bu x\u0259st\u0259liyin \u00e7ox a\u011f\u0131r simptomlar\u0131 var. Buna g\u00f6r\u0259 d\u0259, h\u0259kiml\u0259r onun s\u0259hh\u0259ti il\u0259 ba\u011fl\u0131 konkret olaraq h\u0259l\u0259 he\u00e7 n\u0259 demirl\u0259r&#8221;. Qeyd ed\u0259k ki,&hellip;","_links":{"self":[{"href":"https:\/\/arantv.az\/index.php?rest_route=\/wp\/v2\/posts\/342734"}],"collection":[{"href":"https:\/\/arantv.az\/index.php?rest_route=\/wp\/v2\/posts"}],"about":[{"href":"https:\/\/arantv.az\/index.php?rest_route=\/wp\/v2\/types\/post"}],"author":[{"embeddable":true,"href":"https:\/\/arantv.az\/index.php?rest_route=\/wp\/v2\/users\/2"}],"replies":[{"embeddable":true,"href":"https:\/\/arantv.az\/index.php?rest_route=%2Fwp%2Fv2%2Fcomments&post=342734"}],"version-history":[{"count":0,"href":"https:\/\/arantv.az\/index.php?rest_route=\/wp\/v2\/posts\/342734\/revisions"}],"wp:featuredmedia":[{"embeddable":true,"href":"https:\/\/arantv.az\/index.php?rest_route=\/wp\/v2\/media\/342735"}],"wp:attachment":[{"href":"https:\/\/arantv.az\/index.php?rest_route=%2Fwp%2Fv2%2Fmedia&parent=342734"}],"wp:term":[{"taxonomy":"category","embeddable":true,"href":"https:\/\/arantv.az\/index.php?rest_route=%2Fwp%2Fv2%2Fcategories&post=342734"},{"taxonomy":"post_tag","embeddable":true,"href":"https:\/\/arantv.az\/index.php?rest_route=%2Fwp%2Fv2%2Ftags&post=342734"}],"curies":[{"name":"wp","href":"https:\/\/api.w.org\/{rel}","templated":true}]}}