{"id":342749,"date":"2021-06-02T10:21:30","date_gmt":"2021-06-02T07:21:30","guid":{"rendered":"http:\/\/arantv.az\/?p=342749"},"modified":"2021-06-02T10:21:30","modified_gmt":"2021-06-02T07:21:30","slug":"bu-gun-v%c9%99t%c9%99n-muharib%c9%99si-s%c9%99hidinin-23-yasi-tamam-olur-foto","status":"publish","type":"post","link":"https:\/\/arantv.az\/?p=342749","title":{"rendered":"Bu g\u00fcn V\u0259t\u0259n m\u00fcharib\u0259si \u015f\u0259hidinin 23 ya\u015f\u0131 tamam olur &#8211; FOTO"},"content":{"rendered":"<p>Bu g\u00fcn 44 g\u00fcnl\u00fck V\u0259t\u0259n m\u00fcharib\u0259si \u015f\u0259hidi \u018fbd\u00fclrza\u00a0R\u0259fib\u0259ylinin do\u011fum g\u00fcn\u00fcd\u00fcr.<\/p>\n<p><strong>ARANTV.AZ <\/strong>\u00a0x\u0259b\u0259r verir ki,\u00a0R\u0259fib\u0259yli\u00a0\u018fbd\u00fclrza\u00a0\u015eamm\u0259d o\u011flu\u00a01998-ci il iyunun 2-d\u0259\u00a0Bak\u0131 \u015f\u0259h\u0259ri, X\u0259tai rayonu, S\u00fcleyman V\u0259zirov k\u00fc\u00e7\u0259si 49 \u00fcnvan\u0131nda anadan olub.<\/p>\n<p>O, 2004-2015-ci ill\u0259rd\u0259 Bak\u0131 \u015f\u0259h\u0259ri Tahir \u0130manov ad\u0131na 57 n\u00f6mr\u0259li tam orta m\u0259kt\u0259bi bitirib.<\/p>\n<div id=\"AdviadNativeVideo0\" class=\"AdviadNativeVideo\"><\/div>\n<p><img src=\"https:\/\/cdn.oxu.az\/uploads\/W1siZiIsIjIwMjEvMDYvMDEvMTYvMTcvMDEvOGMyY2UzNDgtOWM1NS00YWM1LWI4OWQtMzZmMGYwYjJlZGQyL1doYXRzQXBwIEltYWdlIDIwMjEtMDYtMDEgYXQgMTAuNTAuMTYuanBlZyJdLFsicCIsImVuY29kZSIsImpwZyIsIi1xdWFsaXR5IDgwIl0sWyJwIiwidGh1bWIiLCI1OTB4NTkwXHUwMDNlIl1d?sha=c945d05d57eb32e5\" alt=\"\" \/><\/p>\n<p>M\u0259kt\u0259bi bitirdikd\u0259n sonra 2016-c\u0131\u00a0ild\u0259 Nax\u00e7\u0131van Muxtar Respublikas\u0131nda N sayl\u0131\u00a0h\u0259rbi hiss\u0259d\u0259 h\u0259qiqi h\u0259rbi xidm\u0259td\u0259 olub. H\u0259rbi xidm\u0259td\u0259 artilleriya\u00e7\u0131 olan \u018f.R\u0259fib\u0259yli\u00a02018-ci ilin yanvar ay\u0131nda\u00a0xidm\u0259tini ba\u015fa vurub.<\/p>\n<p><img src=\"https:\/\/cdn.oxu.az\/uploads\/W1siZiIsIjIwMjEvMDYvMDEvMTYvMTcvMDEvZDNhOGViZTItOTc0Zi00ZThhLTg2NmEtODM5MmQxYTMyNGMzL1doYXRzQXBwIEltYWdlIDIwMjEtMDYtMDEgYXQgMTAuNTAuMTUuanBlZyJdLFsicCIsImVuY29kZSIsImpwZyIsIi1xdWFsaXR5IDgwIl0sWyJwIiwidGh1bWIiLCI1OTB4NTkwXHUwMDNlIl1d?sha=30f97565146040fb\" alt=\"\" \/><\/p>\n<p>\u00d6t\u0259n il V\u0259t\u0259n m\u00fcharib\u0259si ba\u015flayan zaman N sayl\u0131 h\u0259rbi hiss\u0259d\u0259 t\u0259liml\u0259r\u0259\u00a0qat\u0131l\u0131b. T\u0259liml\u0259rd\u0259n sonra \u00f6t\u0259n il sentyabr\u0131n\u00a027-d\u0259\u00a0F\u00fczuli rayonu\u00a0N sayl\u0131 h\u0259rbi hiss\u0259sind\u0259n artilleriya\u00e7\u0131 kimi V\u0259t\u0259n m\u00fcharib\u0259sin\u0259 qo\u015fulub.<\/p>\n<p>\u018f.R\u0259fib\u0259yli F\u00fczulinin, Xocav\u0259ndin azad olunmas\u0131 istiqam\u0259tind\u0259 ged\u0259n d\u00f6y\u00fc\u015fl\u0259rd\u0259 i\u015ftirak edib. O, \u00f6t\u0259n il oktyabr\u0131n 23-d\u0259\u00a0ild\u0259 Xocav\u0259nd yax\u0131nl\u0131\u011f\u0131nda \u015f\u0259hidlik zirv\u0259sin\u0259 ucal\u0131b.<\/p>\n<p><img src=\"https:\/\/cdn.oxu.az\/uploads\/W1siZiIsIjIwMjEvMDYvMDEvMTYvMTcvMDEvN2Y4MTk3ZjctOGYyOC00N2QwLWFiN2EtNTE5MDZhNDliMTM4L1doYXRzQXBwIEltYWdlIDIwMjEtMDYtMDEgYXQgMTAuNTAuMTQuanBlZyJdLFsicCIsImVuY29kZSIsImpwZyIsIi1xdWFsaXR5IDgwIl0sWyJwIiwidGh1bWIiLCI1OTB4NTkwXHUwMDNlIl1d?sha=0c4628baaa099f5c\" alt=\"\" \/><\/p>\n<p>\u00d6lk\u0259 ba\u015f\u00e7\u0131s\u0131, Ali Ba\u015f Komandan \u0130lham \u018fliyevin m\u00fcvafiq s\u0259r\u0259ncam\u0131na \u0259sas\u0259n, \u018f.R\u0259fib\u0259yli \u00f6l\u00fcm\u00fcnd\u0259n sonra \u201cV\u0259t\u0259n u\u011frunda\u201d, \u201cF\u00fczulinin azad olunmas\u0131na g\u00f6r\u0259\u201d medallar\u0131 il\u0259 t\u0259ltif olunub.<\/p>\n<p><img src=\"https:\/\/cdn.oxu.az\/uploads\/W1siZiIsIjIwMjEvMDYvMDEvMTcvNTAvNDAvYWY1NjNkYmMtMjI4NS00ZjFjLTkxZGItZTUyMTAyMmYxNTRjL1doYXRzQXBwIEltYWdlIDIwMjEtMDYtMDEgYXQgMTcuNDkuMjAuanBlZyJdLFsicCIsImVuY29kZSIsImpwZyIsIi1xdWFsaXR5IDgwIl0sWyJwIiwidGh1bWIiLCI1OTB4NTkwXHUwMDNlIl1d?sha=e2fc44495654ec16\" alt=\"\" \/><\/p>\n","protected":false},"excerpt":{"rendered":"<p>Bu g\u00fcn 44 g\u00fcnl\u00fck V\u0259t\u0259n m\u00fcharib\u0259si \u015f\u0259hidi \u018fbd\u00fclrza\u00a0R\u0259fib\u0259ylinin do\u011fum g\u00fcn\u00fcd\u00fcr. ARANTV.AZ \u00a0x\u0259b\u0259r verir ki,\u00a0R\u0259fib\u0259yli\u00a0\u018fbd\u00fclrza\u00a0\u015eamm\u0259d o\u011flu\u00a01998-ci il iyunun 2-d\u0259\u00a0Bak\u0131 \u015f\u0259h\u0259ri, X\u0259tai rayonu, S\u00fcleyman V\u0259zirov k\u00fc\u00e7\u0259si 49 \u00fcnvan\u0131nda anadan olub. O, 2004-2015-ci ill\u0259rd\u0259 Bak\u0131 \u015f\u0259h\u0259ri Tahir \u0130manov ad\u0131na 57 n\u00f6mr\u0259li tam orta m\u0259kt\u0259bi bitirib. M\u0259kt\u0259bi bitirdikd\u0259n sonra 2016-c\u0131\u00a0ild\u0259 Nax\u00e7\u0131van Muxtar Respublikas\u0131nda N sayl\u0131\u00a0h\u0259rbi hiss\u0259d\u0259 h\u0259qiqi h\u0259rbi xidm\u0259td\u0259 olub. H\u0259rbi xidm\u0259td\u0259 artilleriya\u00e7\u0131 olan \u018f.R\u0259fib\u0259yli\u00a02018-ci ilin yanvar ay\u0131nda\u00a0xidm\u0259tini ba\u015fa vurub. \u00d6t\u0259n il V\u0259t\u0259n m\u00fcharib\u0259si ba\u015flayan zaman N sayl\u0131 h\u0259rbi hiss\u0259d\u0259 t\u0259liml\u0259r\u0259\u00a0qat\u0131l\u0131b. T\u0259liml\u0259rd\u0259n sonra \u00f6t\u0259n il sentyabr\u0131n\u00a027-d\u0259\u00a0F\u00fczuli rayonu\u00a0N sayl\u0131 h\u0259rbi hiss\u0259sind\u0259n artilleriya\u00e7\u0131 kimi V\u0259t\u0259n m\u00fcharib\u0259sin\u0259&hellip;<\/p>\n","protected":false},"author":2,"featured_media":342750,"comment_status":"closed","ping_status":"closed","sticky":false,"template":"","format":"standard","meta":{"om_disable_all_campaigns":false,"_monsterinsights_skip_tracking":false,"_monsterinsights_sitenote_active":false,"_monsterinsights_sitenote_note":"","_monsterinsights_sitenote_category":0},"categories":[26],"tags":[],"aioseo_notices":[],"gutentor_comment":0,"rttpg_featured_image_url":{"full":["https:\/\/arantv.az\/wp-content\/uploads\/2021\/06\/1617097321_166958531_1129229464207154_2849891656830964868_n.jpg",620,445,false],"landscape":["https:\/\/arantv.az\/wp-content\/uploads\/2021\/06\/1617097321_166958531_1129229464207154_2849891656830964868_n.jpg",620,445,false],"portraits":["https:\/\/arantv.az\/wp-content\/uploads\/2021\/06\/1617097321_166958531_1129229464207154_2849891656830964868_n.jpg",620,445,false],"thumbnail":["https:\/\/arantv.az\/wp-content\/uploads\/2021\/06\/1617097321_166958531_1129229464207154_2849891656830964868_n-500x280.jpg",500,280,true],"medium":["https:\/\/arantv.az\/wp-content\/uploads\/2021\/06\/1617097321_166958531_1129229464207154_2849891656830964868_n-509x365.jpg",509,365,true],"large":["https:\/\/arantv.az\/wp-content\/uploads\/2021\/06\/1617097321_166958531_1129229464207154_2849891656830964868_n.jpg",620,445,false],"1536x1536":["https:\/\/arantv.az\/wp-content\/uploads\/2021\/06\/1617097321_166958531_1129229464207154_2849891656830964868_n.jpg",620,445,false],"2048x2048":["https:\/\/arantv.az\/wp-content\/uploads\/2021\/06\/1617097321_166958531_1129229464207154_2849891656830964868_n.jpg",620,445,false],"post-thumbnail":["https:\/\/arantv.az\/wp-content\/uploads\/2021\/06\/1617097321_166958531_1129229464207154_2849891656830964868_n-240x172.jpg",240,172,true],"advps-thumb-one":["https:\/\/arantv.az\/wp-content\/uploads\/2021\/06\/1617097321_166958531_1129229464207154_2849891656830964868_n.jpg",620,445,false]},"rttpg_author":{"display_name":"V\u00fcsal Rafiqo\u011flu","author_link":"https:\/\/arantv.az\/?author=2"},"rttpg_comment":0,"rttpg_category":"<a href=\"https:\/\/arantv.az\/?cat=26\" rel=\"category\">Sosial<\/a>","rttpg_excerpt":"Bu g\u00fcn 44 g\u00fcnl\u00fck V\u0259t\u0259n m\u00fcharib\u0259si \u015f\u0259hidi \u018fbd\u00fclrza\u00a0R\u0259fib\u0259ylinin do\u011fum g\u00fcn\u00fcd\u00fcr. ARANTV.AZ \u00a0x\u0259b\u0259r verir ki,\u00a0R\u0259fib\u0259yli\u00a0\u018fbd\u00fclrza\u00a0\u015eamm\u0259d o\u011flu\u00a01998-ci il iyunun 2-d\u0259\u00a0Bak\u0131 \u015f\u0259h\u0259ri, X\u0259tai rayonu, S\u00fcleyman V\u0259zirov k\u00fc\u00e7\u0259si 49 \u00fcnvan\u0131nda anadan olub. O, 2004-2015-ci ill\u0259rd\u0259 Bak\u0131 \u015f\u0259h\u0259ri Tahir \u0130manov ad\u0131na 57 n\u00f6mr\u0259li tam orta m\u0259kt\u0259bi bitirib. M\u0259kt\u0259bi bitirdikd\u0259n sonra 2016-c\u0131\u00a0ild\u0259 Nax\u00e7\u0131van Muxtar Respublikas\u0131nda N sayl\u0131\u00a0h\u0259rbi hiss\u0259d\u0259 h\u0259qiqi h\u0259rbi xidm\u0259td\u0259&hellip;","_links":{"self":[{"href":"https:\/\/arantv.az\/index.php?rest_route=\/wp\/v2\/posts\/342749"}],"collection":[{"href":"https:\/\/arantv.az\/index.php?rest_route=\/wp\/v2\/posts"}],"about":[{"href":"https:\/\/arantv.az\/index.php?rest_route=\/wp\/v2\/types\/post"}],"author":[{"embeddable":true,"href":"https:\/\/arantv.az\/index.php?rest_route=\/wp\/v2\/users\/2"}],"replies":[{"embeddable":true,"href":"https:\/\/arantv.az\/index.php?rest_route=%2Fwp%2Fv2%2Fcomments&post=342749"}],"version-history":[{"count":0,"href":"https:\/\/arantv.az\/index.php?rest_route=\/wp\/v2\/posts\/342749\/revisions"}],"wp:featuredmedia":[{"embeddable":true,"href":"https:\/\/arantv.az\/index.php?rest_route=\/wp\/v2\/media\/342750"}],"wp:attachment":[{"href":"https:\/\/arantv.az\/index.php?rest_route=%2Fwp%2Fv2%2Fmedia&parent=342749"}],"wp:term":[{"taxonomy":"category","embeddable":true,"href":"https:\/\/arantv.az\/index.php?rest_route=%2Fwp%2Fv2%2Fcategories&post=342749"},{"taxonomy":"post_tag","embeddable":true,"href":"https:\/\/arantv.az\/index.php?rest_route=%2Fwp%2Fv2%2Ftags&post=342749"}],"curies":[{"name":"wp","href":"https:\/\/api.w.org\/{rel}","templated":true}]}}